{"id":10000,"date":"2013-06-07T23:24:54","date_gmt":"2013-06-07T21:24:54","guid":{"rendered":"http:\/\/www.susannavaris.com\/blogg\/?p=10000"},"modified":"2013-06-07T23:24:54","modified_gmt":"2013-06-07T21:24:54","slug":"man-i-kjol-ii","status":"publish","type":"post","link":"http:\/\/www.susannavaris.com\/blogg\/2013\/06\/man-i-kjol-ii\/","title":{"rendered":"M\u00e4n i kjol II"},"content":{"rendered":"<p><a href=\"http:\/\/www.susannavaris.com\/blogg\/wp-content\/uploads\/2013\/06\/original.jpg\"><img loading=\"lazy\" decoding=\"async\" class=\"aligncenter size-full wp-image-10001\" alt=\"original\" src=\"http:\/\/www.susannavaris.com\/blogg\/wp-content\/uploads\/2013\/06\/original.jpg\" width=\"683\" height=\"430\" srcset=\"http:\/\/www.susannavaris.com\/blogg\/wp-content\/uploads\/2013\/06\/original.jpg 683w, http:\/\/www.susannavaris.com\/blogg\/wp-content\/uploads\/2013\/06\/original-300x188.jpg 300w\" sizes=\"auto, (max-width: 683px) 100vw, 683px\" \/><\/a><\/p>\n<p style=\"text-align: center;\"><em>Foto fr\u00e5n DN<\/em><\/p>\n<p>Det har h\u00e4nt f\u00f6rr, men nu har ett par manliga anst\u00e4llda p\u00e5 Roslagsbanan <a href=\"http:\/\/www.dn.se\/sthlm\/kjolkladda-man-kor-tag-pa-roslagsbanan\/\">dragit p\u00e5 sig kjol igen<\/a>. Shorts \u00e4r enligt arbetsgivaren Arriva inte ett passande uniformsplagg.<\/p>\n<p>Flera m\u00e4n i kjol\u00a0<a href=\"http:\/\/www.susannavaris.com\/blogg\/2013\/04\/man-i-kjol\/\">h\u00e4r<\/a>.<\/p>\n","protected":false},"excerpt":{"rendered":"<p>Foto fr\u00e5n DN Det har h\u00e4nt f\u00f6rr, men nu har ett par manliga anst\u00e4llda p\u00e5 Roslagsbanan dragit p\u00e5 sig kjol igen. Shorts \u00e4r enligt arbetsgivaren Arriva inte ett passande uniformsplagg. Flera m\u00e4n i kjol\u00a0h\u00e4r.<\/p>\n","protected":false},"author":1,"featured_media":0,"comment_status":"open","ping_status":"open","sticky":false,"template":"","format":"standard","meta":{"footnotes":""},"categories":[259,1321,589,14,1],"tags":[2623,2894,2893,3123,3124,1190,1432,3122],"class_list":["post-10000","post","type-post","status-publish","format-standard","hentry","category-genusvetenskap","category-jamstalldhet","category-medier","category-mode","category-okategoriserade","tag-arriva","tag-kjol","tag-man-i-kjol","tag-roslagsbana","tag-shorts","tag-sl","tag-tag","tag-uniform"],"_links":{"self":[{"href":"http:\/\/www.susannavaris.com\/blogg\/wp-json\/wp\/v2\/posts\/10000","targetHints":{"allow":["GET"]}}],"collection":[{"href":"http:\/\/www.susannavaris.com\/blogg\/wp-json\/wp\/v2\/posts"}],"about":[{"href":"http:\/\/www.susannavaris.com\/blogg\/wp-json\/wp\/v2\/types\/post"}],"author":[{"embeddable":true,"href":"http:\/\/www.susannavaris.com\/blogg\/wp-json\/wp\/v2\/users\/1"}],"replies":[{"embeddable":true,"href":"http:\/\/www.susannavaris.com\/blogg\/wp-json\/wp\/v2\/comments?post=10000"}],"version-history":[{"count":1,"href":"http:\/\/www.susannavaris.com\/blogg\/wp-json\/wp\/v2\/posts\/10000\/revisions"}],"predecessor-version":[{"id":10002,"href":"http:\/\/www.susannavaris.com\/blogg\/wp-json\/wp\/v2\/posts\/10000\/revisions\/10002"}],"wp:attachment":[{"href":"http:\/\/www.susannavaris.com\/blogg\/wp-json\/wp\/v2\/media?parent=10000"}],"wp:term":[{"taxonomy":"category","embeddable":true,"href":"http:\/\/www.susannavaris.com\/blogg\/wp-json\/wp\/v2\/categories?post=10000"},{"taxonomy":"post_tag","embeddable":true,"href":"http:\/\/www.susannavaris.com\/blogg\/wp-json\/wp\/v2\/tags?post=10000"}],"curies":[{"name":"wp","href":"https:\/\/api.w.org\/{rel}","templated":true}]}}