{"id":10004,"date":"2013-06-08T13:27:32","date_gmt":"2013-06-08T11:27:32","guid":{"rendered":"http:\/\/www.susannavaris.com\/blogg\/?p=10004"},"modified":"2013-06-08T13:27:50","modified_gmt":"2013-06-08T11:27:50","slug":"man-i-kjol-iii","status":"publish","type":"post","link":"http:\/\/www.susannavaris.com\/blogg\/2013\/06\/man-i-kjol-iii\/","title":{"rendered":"M\u00e4n i kjol III"},"content":{"rendered":"<p>Jag h\u00e5ller p\u00e5 med research kring kl\u00e4dsel p\u00e5 1400-talet och s\u00e5 h\u00e4r kunde herrmodet se ut p\u00e5 den tiden:<\/p>\n<p><a href=\"http:\/\/www.susannavaris.com\/blogg\/wp-content\/uploads\/2013\/06\/75venetian15thcent.jpg\"><img loading=\"lazy\" decoding=\"async\" class=\"aligncenter size-full wp-image-10005\" alt=\"75venetian15thcent\" src=\"http:\/\/www.susannavaris.com\/blogg\/wp-content\/uploads\/2013\/06\/75venetian15thcent.jpg\" width=\"792\" height=\"562\" srcset=\"http:\/\/www.susannavaris.com\/blogg\/wp-content\/uploads\/2013\/06\/75venetian15thcent.jpg 792w, http:\/\/www.susannavaris.com\/blogg\/wp-content\/uploads\/2013\/06\/75venetian15thcent-300x212.jpg 300w\" sizes=\"auto, (max-width: 792px) 100vw, 792px\" \/><\/a> <a href=\"http:\/\/www.susannavaris.com\/blogg\/wp-content\/uploads\/2013\/06\/286px-Particoloredhose.jpg\"><img loading=\"lazy\" decoding=\"async\" class=\"aligncenter size-full wp-image-10006\" alt=\"286px-Particoloredhose\" src=\"http:\/\/www.susannavaris.com\/blogg\/wp-content\/uploads\/2013\/06\/286px-Particoloredhose.jpg\" width=\"286\" height=\"599\" srcset=\"http:\/\/www.susannavaris.com\/blogg\/wp-content\/uploads\/2013\/06\/286px-Particoloredhose.jpg 286w, http:\/\/www.susannavaris.com\/blogg\/wp-content\/uploads\/2013\/06\/286px-Particoloredhose-143x300.jpg 143w\" sizes=\"auto, (max-width: 286px) 100vw, 286px\" \/><\/a> <a href=\"http:\/\/www.susannavaris.com\/blogg\/wp-content\/uploads\/2013\/06\/345px-Pellegrinaio_Santa_Maria_della_Scala_n4_detail.jpg\"><img loading=\"lazy\" decoding=\"async\" class=\"aligncenter size-full wp-image-10007\" alt=\"345px-Pellegrinaio_Santa_Maria_della_Scala_n4_detail\" src=\"http:\/\/www.susannavaris.com\/blogg\/wp-content\/uploads\/2013\/06\/345px-Pellegrinaio_Santa_Maria_della_Scala_n4_detail.jpg\" width=\"345\" height=\"599\" srcset=\"http:\/\/www.susannavaris.com\/blogg\/wp-content\/uploads\/2013\/06\/345px-Pellegrinaio_Santa_Maria_della_Scala_n4_detail.jpg 345w, http:\/\/www.susannavaris.com\/blogg\/wp-content\/uploads\/2013\/06\/345px-Pellegrinaio_Santa_Maria_della_Scala_n4_detail-172x300.jpg 172w\" sizes=\"auto, (max-width: 345px) 100vw, 345px\" \/><\/a> <a href=\"http:\/\/www.susannavaris.com\/blogg\/wp-content\/uploads\/2013\/06\/405px-Vittore_Carpaccio_0381495.jpg\"><img loading=\"lazy\" decoding=\"async\" class=\"aligncenter size-full wp-image-10008\" alt=\"405px-Vittore_Carpaccio_0381495\" src=\"http:\/\/www.susannavaris.com\/blogg\/wp-content\/uploads\/2013\/06\/405px-Vittore_Carpaccio_0381495.jpg\" width=\"405\" height=\"600\" srcset=\"http:\/\/www.susannavaris.com\/blogg\/wp-content\/uploads\/2013\/06\/405px-Vittore_Carpaccio_0381495.jpg 405w, http:\/\/www.susannavaris.com\/blogg\/wp-content\/uploads\/2013\/06\/405px-Vittore_Carpaccio_0381495-202x300.jpg 202w\" sizes=\"auto, (max-width: 405px) 100vw, 405px\" \/><\/a> <a href=\"http:\/\/www.susannavaris.com\/blogg\/wp-content\/uploads\/2013\/06\/Arsen_5104_f14_detail2.jpg\"><img loading=\"lazy\" decoding=\"async\" class=\"aligncenter size-full wp-image-10009\" alt=\"Arsen_5104_f14_detail2\" src=\"http:\/\/www.susannavaris.com\/blogg\/wp-content\/uploads\/2013\/06\/Arsen_5104_f14_detail2.jpg\" width=\"287\" height=\"446\" srcset=\"http:\/\/www.susannavaris.com\/blogg\/wp-content\/uploads\/2013\/06\/Arsen_5104_f14_detail2.jpg 287w, http:\/\/www.susannavaris.com\/blogg\/wp-content\/uploads\/2013\/06\/Arsen_5104_f14_detail2-193x300.jpg 193w\" sizes=\"auto, (max-width: 287px) 100vw, 287px\" \/><\/a> <a href=\"http:\/\/www.susannavaris.com\/blogg\/wp-content\/uploads\/2013\/06\/Botticelli_magi_detail.jpg\"><img loading=\"lazy\" decoding=\"async\" class=\"aligncenter size-full wp-image-10010\" alt=\"Botticelli_magi_detail\" src=\"http:\/\/www.susannavaris.com\/blogg\/wp-content\/uploads\/2013\/06\/Botticelli_magi_detail.jpg\" width=\"365\" height=\"525\" srcset=\"http:\/\/www.susannavaris.com\/blogg\/wp-content\/uploads\/2013\/06\/Botticelli_magi_detail.jpg 365w, http:\/\/www.susannavaris.com\/blogg\/wp-content\/uploads\/2013\/06\/Botticelli_magi_detail-208x300.jpg 208w\" sizes=\"auto, (max-width: 365px) 100vw, 365px\" \/><\/a> <a href=\"http:\/\/www.susannavaris.com\/blogg\/wp-content\/uploads\/2013\/06\/Fra_Angelico_Ship_Detail.jpg\"><img loading=\"lazy\" decoding=\"async\" class=\"aligncenter size-full wp-image-10011\" alt=\"Fra_Angelico_Ship_Detail\" src=\"http:\/\/www.susannavaris.com\/blogg\/wp-content\/uploads\/2013\/06\/Fra_Angelico_Ship_Detail.jpg\" width=\"354\" height=\"426\" srcset=\"http:\/\/www.susannavaris.com\/blogg\/wp-content\/uploads\/2013\/06\/Fra_Angelico_Ship_Detail.jpg 354w, http:\/\/www.susannavaris.com\/blogg\/wp-content\/uploads\/2013\/06\/Fra_Angelico_Ship_Detail-249x300.jpg 249w\" sizes=\"auto, (max-width: 354px) 100vw, 354px\" \/><\/a> <a href=\"http:\/\/www.susannavaris.com\/blogg\/wp-content\/uploads\/2013\/06\/Les_Tr\u00e8s_Riches_Heures_du_duc_de_Berry_juillet_sheep_shearing.jpg\"><img loading=\"lazy\" decoding=\"async\" class=\"aligncenter size-full wp-image-10012\" alt=\"Les_Tr\u00e8s_Riches_Heures_du_duc_de_Berry_juillet_sheep_shearing\" src=\"http:\/\/www.susannavaris.com\/blogg\/wp-content\/uploads\/2013\/06\/Les_Tr\u00e8s_Riches_Heures_du_duc_de_Berry_juillet_sheep_shearing.jpg\" width=\"552\" height=\"442\" srcset=\"http:\/\/www.susannavaris.com\/blogg\/wp-content\/uploads\/2013\/06\/Les_Tr\u00e8s_Riches_Heures_du_duc_de_Berry_juillet_sheep_shearing.jpg 552w, http:\/\/www.susannavaris.com\/blogg\/wp-content\/uploads\/2013\/06\/Les_Tr\u00e8s_Riches_Heures_du_duc_de_Berry_juillet_sheep_shearing-300x240.jpg 300w\" sizes=\"auto, (max-width: 552px) 100vw, 552px\" \/><\/a> <a href=\"http:\/\/www.susannavaris.com\/blogg\/wp-content\/uploads\/2013\/06\/medieval-clothing-720persianscholar1450.jpg\"><img loading=\"lazy\" decoding=\"async\" class=\"aligncenter size-full wp-image-10013\" alt=\"Medieval clothing\" src=\"http:\/\/www.susannavaris.com\/blogg\/wp-content\/uploads\/2013\/06\/medieval-clothing-720persianscholar1450.jpg\" width=\"604\" height=\"900\" srcset=\"http:\/\/www.susannavaris.com\/blogg\/wp-content\/uploads\/2013\/06\/medieval-clothing-720persianscholar1450.jpg 604w, http:\/\/www.susannavaris.com\/blogg\/wp-content\/uploads\/2013\/06\/medieval-clothing-720persianscholar1450-201x300.jpg 201w\" sizes=\"auto, (max-width: 604px) 100vw, 604px\" \/><\/a> <a href=\"http:\/\/www.susannavaris.com\/blogg\/wp-content\/uploads\/2013\/06\/medieval-clothing-724italiancaptainarmor1450.jpg\"><img loading=\"lazy\" decoding=\"async\" class=\"aligncenter size-full wp-image-10014\" alt=\"Medieval clothing\" src=\"http:\/\/www.susannavaris.com\/blogg\/wp-content\/uploads\/2013\/06\/medieval-clothing-724italiancaptainarmor1450.jpg\" width=\"604\" height=\"900\" srcset=\"http:\/\/www.susannavaris.com\/blogg\/wp-content\/uploads\/2013\/06\/medieval-clothing-724italiancaptainarmor1450.jpg 604w, http:\/\/www.susannavaris.com\/blogg\/wp-content\/uploads\/2013\/06\/medieval-clothing-724italiancaptainarmor1450-201x300.jpg 201w\" sizes=\"auto, (max-width: 604px) 100vw, 604px\" \/><\/a>\u00a0M\u00e5nga kaftaner, tunikor och kl\u00e4nningsliknande plagg till tighta byxor (tights) i olika utf\u00f6randen. B\u00e5de p\u00e5 adel och vanligt folk, \u00e4mbetsm\u00e4n och l\u00e4rda. Till och med den milit\u00e4ra brynjan l\u00e4ngst ner ger ett kjolaktigt intryck. Dammodet p\u00e5 den h\u00e4r tiden f\u00f6reskrev f\u00f6rst\u00e5s l\u00e5ng kjol, s\u00e5 dessa kjol- och tunikeliknande plagg uppfattades inte som kvinnliga d\u00e5 (vilket en del av dem kunde ses som idag).<\/p>\n<p>Fler m\u00e4n i kjol\u00a0<a href=\"http:\/\/www.susannavaris.com\/blogg\/2013\/04\/man-i-kjol\/\">h\u00e4r<\/a>\u00a0och\u00a0<a href=\"http:\/\/www.susannavaris.com\/blogg\/2013\/06\/man-i-kjol-ii\/\">h\u00e4r<\/a><\/p>\n<p>&nbsp;<\/p>\n","protected":false},"excerpt":{"rendered":"<p>Jag h\u00e5ller p\u00e5 med research kring kl\u00e4dsel p\u00e5 1400-talet och s\u00e5 h\u00e4r kunde herrmodet se ut p\u00e5 den tiden: \u00a0M\u00e5nga kaftaner, tunikor och kl\u00e4nningsliknande plagg till tighta byxor (tights) i olika utf\u00f6randen. B\u00e5de p\u00e5 adel och vanligt folk, \u00e4mbetsm\u00e4n och &hellip; <a href=\"http:\/\/www.susannavaris.com\/blogg\/2013\/06\/man-i-kjol-iii\/\">Forts\u00e4tt l\u00e4sa <span class=\"meta-nav\">&rarr;<\/span><\/a><\/p>\n","protected":false},"author":1,"featured_media":0,"comment_status":"open","ping_status":"open","sticky":false,"template":"","format":"standard","meta":{"footnotes":""},"categories":[674,1162,14,1],"tags":[3126,4899,3127,4911,3125,2893,19],"class_list":["post-10004","post","type-post","status-publish","format-standard","hentry","category-historia","category-kultur","category-mode","category-okategoriserade","tag-1400-tal","tag-genus","tag-herrmode","tag-historia","tag-klader","tag-man-i-kjol","tag-mode-2"],"_links":{"self":[{"href":"http:\/\/www.susannavaris.com\/blogg\/wp-json\/wp\/v2\/posts\/10004","targetHints":{"allow":["GET"]}}],"collection":[{"href":"http:\/\/www.susannavaris.com\/blogg\/wp-json\/wp\/v2\/posts"}],"about":[{"href":"http:\/\/www.susannavaris.com\/blogg\/wp-json\/wp\/v2\/types\/post"}],"author":[{"embeddable":true,"href":"http:\/\/www.susannavaris.com\/blogg\/wp-json\/wp\/v2\/users\/1"}],"replies":[{"embeddable":true,"href":"http:\/\/www.susannavaris.com\/blogg\/wp-json\/wp\/v2\/comments?post=10004"}],"version-history":[{"count":2,"href":"http:\/\/www.susannavaris.com\/blogg\/wp-json\/wp\/v2\/posts\/10004\/revisions"}],"predecessor-version":[{"id":10016,"href":"http:\/\/www.susannavaris.com\/blogg\/wp-json\/wp\/v2\/posts\/10004\/revisions\/10016"}],"wp:attachment":[{"href":"http:\/\/www.susannavaris.com\/blogg\/wp-json\/wp\/v2\/media?parent=10004"}],"wp:term":[{"taxonomy":"category","embeddable":true,"href":"http:\/\/www.susannavaris.com\/blogg\/wp-json\/wp\/v2\/categories?post=10004"},{"taxonomy":"post_tag","embeddable":true,"href":"http:\/\/www.susannavaris.com\/blogg\/wp-json\/wp\/v2\/tags?post=10004"}],"curies":[{"name":"wp","href":"https:\/\/api.w.org\/{rel}","templated":true}]}}