{"id":10038,"date":"2013-06-12T00:27:23","date_gmt":"2013-06-11T22:27:23","guid":{"rendered":"http:\/\/www.susannavaris.com\/blogg\/?p=10038"},"modified":"2013-06-12T12:10:24","modified_gmt":"2013-06-12T10:10:24","slug":"notering-i-kanten-angaende-problemformuleringsprivilegiet","status":"publish","type":"post","link":"http:\/\/www.susannavaris.com\/blogg\/2013\/06\/notering-i-kanten-angaende-problemformuleringsprivilegiet\/","title":{"rendered":"Notering i kanten ang\u00e5ende problemformuleringsprivilegiet"},"content":{"rendered":"<p>Om ganska precis ett \u00e5r kommer det att bli &#8221;en stor feministisk h\u00e4ndelse&#8221;, Nordiskt Forum, i Tr\u00e4dg\u00e5rden. Detta lanseras nu med en stor fest (idag):<\/p>\n<p>&nbsp;<\/p>\n<p><a href=\"http:\/\/www.susannavaris.com\/blogg\/wp-content\/uploads\/2013\/06\/kvinnolobby1.jpg\"><img loading=\"lazy\" decoding=\"async\" class=\"aligncenter size-full wp-image-10040\" alt=\"kvinnolobby\" src=\"http:\/\/www.susannavaris.com\/blogg\/wp-content\/uploads\/2013\/06\/kvinnolobby1.jpg\" width=\"705\" height=\"771\" srcset=\"http:\/\/www.susannavaris.com\/blogg\/wp-content\/uploads\/2013\/06\/kvinnolobby1.jpg 705w, http:\/\/www.susannavaris.com\/blogg\/wp-content\/uploads\/2013\/06\/kvinnolobby1-274x300.jpg 274w\" sizes=\"auto, (max-width: 705px) 100vw, 705px\" \/><\/a><em>\u00a0(Av n\u00e5gon anledning gick det inte att besk\u00e4ra bilden i nederkanten&#8230;)<\/em><\/p>\n<p>Det handlar allts\u00e5 om en <em>feministisk h\u00e4ndelse\u00a0<\/em>som mobiliserar <em>alla som brinner f\u00f6r j\u00e4mst\u00e4lldhet<\/em>. Konsten att kapa \u00e5t sig problemformuleringsprivilegiet med andra ord. Det \u00e4r feminister som brinner f\u00f6r j\u00e4mst\u00e4lldhet, inga andra. Om man skulle mena n\u00e5gra andra \u00e4n feminister hade man kanske bjudit in n\u00e5gon, men jag kan inte p\u00e5 denna lista finna en enda person som skulle ha en avvikande omv\u00e4rldsanalys \u00e4n den r\u00e5dande radikalfeministiska (eller \u00e5tminstone feministiska).<\/p>\n<p>Sveriges Kvinnolobby presenterar h\u00e4ndelsen p\u00e5 sin sida\u00a0<a href=\"http:\/\/www.sverigeskvinnolobby.se\/\">h\u00e4r<\/a><\/p>\n<p>Andra bloggar:\u00a0<a href=\"http:\/\/www.blogkeen.com\/view_blog2.aspx?blog=401737&amp;row=1\">Toklandet<\/a><\/p>\n","protected":false},"excerpt":{"rendered":"<p>Om ganska precis ett \u00e5r kommer det att bli &#8221;en stor feministisk h\u00e4ndelse&#8221;, Nordiskt Forum, i Tr\u00e4dg\u00e5rden. Detta lanseras nu med en stor fest (idag): &nbsp; \u00a0(Av n\u00e5gon anledning gick det inte att besk\u00e4ra bilden i nederkanten&#8230;) Det handlar allts\u00e5 &hellip; <a href=\"http:\/\/www.susannavaris.com\/blogg\/2013\/06\/notering-i-kanten-angaende-problemformuleringsprivilegiet\/\">Forts\u00e4tt l\u00e4sa <span class=\"meta-nav\">&rarr;<\/span><\/a><\/p>\n","protected":false},"author":1,"featured_media":0,"comment_status":"open","ping_status":"open","sticky":false,"template":"","format":"standard","meta":{"footnotes":""},"categories":[181,259,1321,1162,589,1,590,403,303],"tags":[4900,4899,4918,2804,3137,2631,1285,3135,2591,3136],"class_list":["post-10038","post","type-post","status-publish","format-standard","hentry","category-feminism","category-genusvetenskap","category-jamstalldhet","category-kultur","category-medier","category-okategoriserade","category-politik","category-pseudovetenskap","category-religion","tag-feminism","tag-genus","tag-jamstalldhet","tag-malmo","tag-margareta-winberg","tag-maria-arnholm","tag-maria-sveland","tag-nordiskt-forum","tag-sveriges-kvinnolobby","tag-tradgarden"],"_links":{"self":[{"href":"http:\/\/www.susannavaris.com\/blogg\/wp-json\/wp\/v2\/posts\/10038","targetHints":{"allow":["GET"]}}],"collection":[{"href":"http:\/\/www.susannavaris.com\/blogg\/wp-json\/wp\/v2\/posts"}],"about":[{"href":"http:\/\/www.susannavaris.com\/blogg\/wp-json\/wp\/v2\/types\/post"}],"author":[{"embeddable":true,"href":"http:\/\/www.susannavaris.com\/blogg\/wp-json\/wp\/v2\/users\/1"}],"replies":[{"embeddable":true,"href":"http:\/\/www.susannavaris.com\/blogg\/wp-json\/wp\/v2\/comments?post=10038"}],"version-history":[{"count":4,"href":"http:\/\/www.susannavaris.com\/blogg\/wp-json\/wp\/v2\/posts\/10038\/revisions"}],"predecessor-version":[{"id":10043,"href":"http:\/\/www.susannavaris.com\/blogg\/wp-json\/wp\/v2\/posts\/10038\/revisions\/10043"}],"wp:attachment":[{"href":"http:\/\/www.susannavaris.com\/blogg\/wp-json\/wp\/v2\/media?parent=10038"}],"wp:term":[{"taxonomy":"category","embeddable":true,"href":"http:\/\/www.susannavaris.com\/blogg\/wp-json\/wp\/v2\/categories?post=10038"},{"taxonomy":"post_tag","embeddable":true,"href":"http:\/\/www.susannavaris.com\/blogg\/wp-json\/wp\/v2\/tags?post=10038"}],"curies":[{"name":"wp","href":"https:\/\/api.w.org\/{rel}","templated":true}]}}