{"id":10057,"date":"2013-06-12T13:12:22","date_gmt":"2013-06-12T11:12:22","guid":{"rendered":"http:\/\/www.susannavaris.com\/blogg\/?p=10057"},"modified":"2013-06-12T13:12:38","modified_gmt":"2013-06-12T11:12:38","slug":"den-asexuelle-soderhipstern","status":"publish","type":"post","link":"http:\/\/www.susannavaris.com\/blogg\/2013\/06\/den-asexuelle-soderhipstern\/","title":{"rendered":"Den asexuelle s\u00f6derhipstern"},"content":{"rendered":"<p style=\"text-align: center;\"><a href=\"http:\/\/www.susannavaris.com\/blogg\/wp-content\/uploads\/2013\/06\/310798_2239916810364_1394617072_n.jpg\"><img loading=\"lazy\" decoding=\"async\" class=\"aligncenter size-full wp-image-10060\" alt=\"310798_2239916810364_1394617072_n\" src=\"http:\/\/www.susannavaris.com\/blogg\/wp-content\/uploads\/2013\/06\/310798_2239916810364_1394617072_n.jpg\" width=\"472\" height=\"498\" srcset=\"http:\/\/www.susannavaris.com\/blogg\/wp-content\/uploads\/2013\/06\/310798_2239916810364_1394617072_n.jpg 472w, http:\/\/www.susannavaris.com\/blogg\/wp-content\/uploads\/2013\/06\/310798_2239916810364_1394617072_n-284x300.jpg 284w\" sizes=\"auto, (max-width: 472px) 100vw, 472px\" \/><\/a>\u00a0<em>Janouch. Foto: Susanna Varis<\/em><\/p>\n<p>Eftersom jag egentligen inte har tid med detta \u00e4r det fantastiskt roligt att uppt\u00e4cka att m\u00e5nga andra skribenter kl\u00e4cker ur sig eleganta och bra inl\u00e4gg. Lite sent p\u00e5 bollen, men \u00e4mnet \u00e4r Katerina Janouchs bekymmer med den asexuelle, feministiske s\u00f6dermannen. Om detta skriver b\u00e5de\u00a0<a href=\"http:\/\/genusdebatten.se\/var-finns-de-riktiga-mannen-pa-soder\/\">Anders p\u00e5 Genusdebatten<\/a>\u00a0och\u00a0<a href=\"http:\/\/ekvalist.blogspot.se\/2013\/06\/mer-om-soderhipstermannens-asexualitet.html\">Ekvalist<\/a>\u00a0i ett par mycket bra inl\u00e4gg.<\/p>\n","protected":false},"excerpt":{"rendered":"<p>\u00a0Janouch. Foto: Susanna Varis Eftersom jag egentligen inte har tid med detta \u00e4r det fantastiskt roligt att uppt\u00e4cka att m\u00e5nga andra skribenter kl\u00e4cker ur sig eleganta och bra inl\u00e4gg. Lite sent p\u00e5 bollen, men \u00e4mnet \u00e4r Katerina Janouchs bekymmer med &hellip; <a href=\"http:\/\/www.susannavaris.com\/blogg\/2013\/06\/den-asexuelle-soderhipstern\/\">Forts\u00e4tt l\u00e4sa <span class=\"meta-nav\">&rarr;<\/span><\/a><\/p>\n","protected":false},"author":1,"featured_media":0,"comment_status":"open","ping_status":"open","sticky":false,"template":"","format":"standard","meta":{"footnotes":""},"categories":[181,259,1321,1162,589,1,590],"tags":[3141,4900,4899,155,4918,700,1500,3140],"class_list":["post-10057","post","type-post","status-publish","format-standard","hentry","category-feminism","category-genusvetenskap","category-jamstalldhet","category-kultur","category-medier","category-okategoriserade","category-politik","tag-asexuell","tag-feminism","tag-genus","tag-genusteori","tag-jamstalldhet","tag-katerina-janouch","tag-sex","tag-sodermannen"],"_links":{"self":[{"href":"http:\/\/www.susannavaris.com\/blogg\/wp-json\/wp\/v2\/posts\/10057","targetHints":{"allow":["GET"]}}],"collection":[{"href":"http:\/\/www.susannavaris.com\/blogg\/wp-json\/wp\/v2\/posts"}],"about":[{"href":"http:\/\/www.susannavaris.com\/blogg\/wp-json\/wp\/v2\/types\/post"}],"author":[{"embeddable":true,"href":"http:\/\/www.susannavaris.com\/blogg\/wp-json\/wp\/v2\/users\/1"}],"replies":[{"embeddable":true,"href":"http:\/\/www.susannavaris.com\/blogg\/wp-json\/wp\/v2\/comments?post=10057"}],"version-history":[{"count":4,"href":"http:\/\/www.susannavaris.com\/blogg\/wp-json\/wp\/v2\/posts\/10057\/revisions"}],"predecessor-version":[{"id":10062,"href":"http:\/\/www.susannavaris.com\/blogg\/wp-json\/wp\/v2\/posts\/10057\/revisions\/10062"}],"wp:attachment":[{"href":"http:\/\/www.susannavaris.com\/blogg\/wp-json\/wp\/v2\/media?parent=10057"}],"wp:term":[{"taxonomy":"category","embeddable":true,"href":"http:\/\/www.susannavaris.com\/blogg\/wp-json\/wp\/v2\/categories?post=10057"},{"taxonomy":"post_tag","embeddable":true,"href":"http:\/\/www.susannavaris.com\/blogg\/wp-json\/wp\/v2\/tags?post=10057"}],"curies":[{"name":"wp","href":"https:\/\/api.w.org\/{rel}","templated":true}]}}