{"id":10104,"date":"2013-06-15T23:19:16","date_gmt":"2013-06-15T21:19:16","guid":{"rendered":"http:\/\/www.susannavaris.com\/blogg\/?p=10104"},"modified":"2013-06-15T23:19:16","modified_gmt":"2013-06-15T21:19:16","slug":"metamorfos","status":"publish","type":"post","link":"http:\/\/www.susannavaris.com\/blogg\/2013\/06\/metamorfos\/","title":{"rendered":"Metamorfos"},"content":{"rendered":"<p style=\"text-align: center;\"><a href=\"http:\/\/www.susannavaris.com\/blogg\/wp-content\/uploads\/2013\/06\/met1.jpg\"><img loading=\"lazy\" decoding=\"async\" class=\"aligncenter size-full wp-image-10105\" alt=\"met1\" src=\"http:\/\/www.susannavaris.com\/blogg\/wp-content\/uploads\/2013\/06\/met1.jpg\" width=\"600\" height=\"377\" srcset=\"http:\/\/www.susannavaris.com\/blogg\/wp-content\/uploads\/2013\/06\/met1.jpg 600w, http:\/\/www.susannavaris.com\/blogg\/wp-content\/uploads\/2013\/06\/met1-300x188.jpg 300w\" sizes=\"auto, (max-width: 600px) 100vw, 600px\" \/><\/a>\u00a0<em>Metamorphosis of Narcissus, Salvador Dal\u00ec.<\/em><\/p>\n<p>Det lutar \u00e5t att bloggen snart kommer att genomg\u00e5 en metamorfos, eller en f\u00f6r\u00f6kning medelst delning. Jag funderar p\u00e5 att dela upp bloggandet p\u00e5 tv\u00e5 bloggar, den politiska och samh\u00e4llsdebatterande delen stannar kvar p\u00e5 Crowbar och en ny blogg f\u00f6r personliga saker, konst och annat kommer att knoppas av.<\/p>\n","protected":false},"excerpt":{"rendered":"<p>\u00a0Metamorphosis of Narcissus, Salvador Dal\u00ec. Det lutar \u00e5t att bloggen snart kommer att genomg\u00e5 en metamorfos, eller en f\u00f6r\u00f6kning medelst delning. Jag funderar p\u00e5 att dela upp bloggandet p\u00e5 tv\u00e5 bloggar, den politiska och samh\u00e4llsdebatterande delen stannar kvar p\u00e5 Crowbar &hellip; <a href=\"http:\/\/www.susannavaris.com\/blogg\/2013\/06\/metamorfos\/\">Forts\u00e4tt l\u00e4sa <span class=\"meta-nav\">&rarr;<\/span><\/a><\/p>\n","protected":false},"author":1,"featured_media":0,"comment_status":"open","ping_status":"open","sticky":false,"template":"","format":"standard","meta":{"footnotes":""},"categories":[3,1162,1],"tags":[418,3169,1747,3170,1668,17,867,25],"class_list":["post-10104","post","type-post","status-publish","format-standard","hentry","category-konst","category-kultur","category-okategoriserade","tag-art","tag-bloggande","tag-bloggen","tag-crowbar","tag-dali","tag-konst-2","tag-maleri","tag-surrealism"],"_links":{"self":[{"href":"http:\/\/www.susannavaris.com\/blogg\/wp-json\/wp\/v2\/posts\/10104","targetHints":{"allow":["GET"]}}],"collection":[{"href":"http:\/\/www.susannavaris.com\/blogg\/wp-json\/wp\/v2\/posts"}],"about":[{"href":"http:\/\/www.susannavaris.com\/blogg\/wp-json\/wp\/v2\/types\/post"}],"author":[{"embeddable":true,"href":"http:\/\/www.susannavaris.com\/blogg\/wp-json\/wp\/v2\/users\/1"}],"replies":[{"embeddable":true,"href":"http:\/\/www.susannavaris.com\/blogg\/wp-json\/wp\/v2\/comments?post=10104"}],"version-history":[{"count":1,"href":"http:\/\/www.susannavaris.com\/blogg\/wp-json\/wp\/v2\/posts\/10104\/revisions"}],"predecessor-version":[{"id":10106,"href":"http:\/\/www.susannavaris.com\/blogg\/wp-json\/wp\/v2\/posts\/10104\/revisions\/10106"}],"wp:attachment":[{"href":"http:\/\/www.susannavaris.com\/blogg\/wp-json\/wp\/v2\/media?parent=10104"}],"wp:term":[{"taxonomy":"category","embeddable":true,"href":"http:\/\/www.susannavaris.com\/blogg\/wp-json\/wp\/v2\/categories?post=10104"},{"taxonomy":"post_tag","embeddable":true,"href":"http:\/\/www.susannavaris.com\/blogg\/wp-json\/wp\/v2\/tags?post=10104"}],"curies":[{"name":"wp","href":"https:\/\/api.w.org\/{rel}","templated":true}]}}