{"id":10117,"date":"2013-06-18T23:15:43","date_gmt":"2013-06-18T21:15:43","guid":{"rendered":"http:\/\/www.susannavaris.com\/blogg\/?p=10117"},"modified":"2013-06-22T18:02:34","modified_gmt":"2013-06-22T16:02:34","slug":"misandrin-frodas","status":"publish","type":"post","link":"http:\/\/www.susannavaris.com\/blogg\/2013\/06\/misandrin-frodas\/","title":{"rendered":"Misandrin frodas"},"content":{"rendered":"<p>P\u00e5 <a href=\"http:\/\/www.dn.se\/ledare\/huvudledare\/vaksamhet-mot-terrorn\/\">ledarsidan<\/a>\u00a0i dagens DN vaskar man i sann identitetspolitisk anda fram riskfaktorer g\u00e4llande vem som kan v\u00e4ntas bli terrorist. Diplomatiskt snitslar man sig genom blindsk\u00e4ren g\u00e4llande etnicitet och religi\u00f6s tillh\u00f6righet och fastnar f\u00f6r de faktorer som i dagens debattklimat \u00e4r till\u00e5tna n\u00e4r det g\u00e4ller att peka ut grupper beh\u00e4ftade med icke\u00f6nskade egenskaper eller beteenden; k\u00f6n och \u00e5lder:<\/p>\n<blockquote><p><strong>&#8221;Oavsett om det handlar om religi\u00f6s\u00a0<\/strong>extremism, politisk kamp, fotbolls\u00adhuliganism eller organiserad brottslighet tycks alltid tv\u00e5 riskfaktorer vara helt \u00f6vergripande: k\u00f6n och \u00e5lder. Den arge unge mannen g\u00e5r som ett mordiskt sp\u00f6ke genom v\u00e4rldshistorien oavsett i vilken ideologisk \u00f6verrock han f\u00f6r tillf\u00e4llet valt att kl\u00e4 sin v\u00e5ldsamhet.&#8221;<\/p><\/blockquote>\n<p>Och inte vilket k\u00f6n som helst, n\u00e4r det g\u00e4ller att ringa in en grupp som skyldig (f\u00f6r valfritt el\u00e4nde) \u00e4r det mannen som g\u00e4ller. DN osynligg\u00f6r fullst\u00e4ndigt alla <a href=\"http:\/\/www.susannavaris.com\/blogg\/2013\/04\/dn-feminism-fortsatter\/\">kvinnliga terrorister<\/a>\u00a0genom tiderna.<\/p>\n<p>Aftonbladet drar sitt str\u00e5 till den misandriska stacken, ocks\u00e5 p\u00e5 ledarplats:<\/p>\n<p><a href=\"http:\/\/www.susannavaris.com\/blogg\/wp-content\/uploads\/2013\/06\/ab01.jpg\"><img loading=\"lazy\" decoding=\"async\" class=\"aligncenter size-full wp-image-10118\" alt=\"ab01\" src=\"http:\/\/www.susannavaris.com\/blogg\/wp-content\/uploads\/2013\/06\/ab01.jpg\" width=\"2141\" height=\"1372\" srcset=\"http:\/\/www.susannavaris.com\/blogg\/wp-content\/uploads\/2013\/06\/ab01.jpg 2141w, http:\/\/www.susannavaris.com\/blogg\/wp-content\/uploads\/2013\/06\/ab01-300x192.jpg 300w, http:\/\/www.susannavaris.com\/blogg\/wp-content\/uploads\/2013\/06\/ab01-1024x656.jpg 1024w\" sizes=\"auto, (max-width: 2141px) 100vw, 2141px\" \/><\/a><\/p>\n<p>Aftonbladet, hur motiverar ni den h\u00e4r rubriks\u00e4ttningen? Hur skulle ett g\u00e4ng mobbares och ett annat g\u00e4ng emotionellt st\u00f6rda individers d\u00e5d vara en stor dag f\u00f6r m\u00e4nnen? Vad har genomsnittsmannen med de h\u00e4r vidrigheterna att g\u00f6ra? Gr\u00e4nsen f\u00f6r smakl\u00f6s journalistik har passerats med r\u00e5ge h\u00e4r. Om det fortfarande \u00e4r oklart hur den gr\u00e4nsen passerats s\u00e5 kan ni ju fundera p\u00e5 en motsvarande rubrik p\u00e5 s\u00e4g; h\u00e4ndelsen med kvinnan som d\u00f6dat sitt tre\u00e5riga barn och de tre kvinnorna som med bland annat slakteriavfall trakasserat en familj: Stor dag f\u00f6r kvinnorna. Eller bombd\u00e5det p\u00e5 Drottninggatan och en ung kvinna som fallit fr\u00e5n en balkong: Stor dag f\u00f6r muslimerna. Aftonbladet, anser ni att detta \u00e4r anst\u00e4ndig journalistik?<\/p>\n<p>F\u00f6r \u00f6vrigt \u00e4r det inte helt <a href=\"http:\/\/www.nyteknik.se\/nyheter\/it_telekom\/allmant\/article3715865.ece\">klarlagt<\/a>\u00a0om det enbart handlar om kvinnliga studenter som trakasserats av det ynkliga g\u00e4nget p\u00e5 Lunds tekniska h\u00f6gskola, men det \u00e4r v\u00e4l det som \u00e4r det viktiga, att offren (eller vissa av dem) \u00e4r kvinnor?<\/p>\n<p style=\"text-align: center;\"><a href=\"http:\/\/www.susannavaris.com\/blogg\/wp-content\/uploads\/2013\/06\/ab03.jpg\"><img loading=\"lazy\" decoding=\"async\" class=\"aligncenter size-full wp-image-10127\" alt=\"ab03\" src=\"http:\/\/www.susannavaris.com\/blogg\/wp-content\/uploads\/2013\/06\/ab03.jpg\" width=\"348\" height=\"287\" srcset=\"http:\/\/www.susannavaris.com\/blogg\/wp-content\/uploads\/2013\/06\/ab03.jpg 348w, http:\/\/www.susannavaris.com\/blogg\/wp-content\/uploads\/2013\/06\/ab03-300x247.jpg 300w\" sizes=\"auto, (max-width: 348px) 100vw, 348px\" \/><\/a><em>\u00a0Aftonbladet sl\u00e5r sig f\u00f6r br\u00f6stet och deklarerar att man \u00e4r landets st\u00f6rsta, viktigaste och mest engagerande ledarsida. Ing\u00e5r misandri numera i de socialdemokratiska v\u00e4rderingarna?<\/em><\/p>\n<p>&nbsp;<\/p>\n<p>Andra bloggar:\u00a0<a href=\"http:\/\/kimhzabremersbodega.wordpress.com\/2013\/06\/22\/dagens-nyheter-slar-rekord-i-manshat\/\">Kimhza Bremer<\/a><a href=\"http:\/\/kimhzabremersbodega.wordpress.com\/2013\/06\/22\/dagens-nyheter-slar-rekord-i-manshat\/\"><br \/>\n<\/a><\/p>\n","protected":false},"excerpt":{"rendered":"<p>P\u00e5 ledarsidan\u00a0i dagens DN vaskar man i sann identitetspolitisk anda fram riskfaktorer g\u00e4llande vem som kan v\u00e4ntas bli terrorist. Diplomatiskt snitslar man sig genom blindsk\u00e4ren g\u00e4llande etnicitet och religi\u00f6s tillh\u00f6righet och fastnar f\u00f6r de faktorer som i dagens debattklimat \u00e4r &hellip; <a href=\"http:\/\/www.susannavaris.com\/blogg\/2013\/06\/misandrin-frodas\/\">Forts\u00e4tt l\u00e4sa <span class=\"meta-nav\">&rarr;<\/span><\/a><\/p>\n","protected":false},"author":1,"featured_media":0,"comment_status":"open","ping_status":"open","sticky":false,"template":"","format":"standard","meta":{"footnotes":""},"categories":[178,181,259,1321,1928,589,1,590],"tags":[149,3182,175,4899,4918,3180,2721,3095,449,3007,3181],"class_list":["post-10117","post","type-post","status-publish","format-standard","hentry","category-blodtryckshojare","category-feminism","category-genusvetenskap","category-jamstalldhet","category-journalistik","category-medier","category-okategoriserade","category-politik","tag-aftonbladet","tag-aftonbladets-ledarsida","tag-dn","tag-genus","tag-jamstalldhet","tag-lunds-tekniska-hogskola","tag-misandri","tag-mobbning","tag-terrorism","tag-terrorist","tag-trakasseri"],"_links":{"self":[{"href":"http:\/\/www.susannavaris.com\/blogg\/wp-json\/wp\/v2\/posts\/10117","targetHints":{"allow":["GET"]}}],"collection":[{"href":"http:\/\/www.susannavaris.com\/blogg\/wp-json\/wp\/v2\/posts"}],"about":[{"href":"http:\/\/www.susannavaris.com\/blogg\/wp-json\/wp\/v2\/types\/post"}],"author":[{"embeddable":true,"href":"http:\/\/www.susannavaris.com\/blogg\/wp-json\/wp\/v2\/users\/1"}],"replies":[{"embeddable":true,"href":"http:\/\/www.susannavaris.com\/blogg\/wp-json\/wp\/v2\/comments?post=10117"}],"version-history":[{"count":10,"href":"http:\/\/www.susannavaris.com\/blogg\/wp-json\/wp\/v2\/posts\/10117\/revisions"}],"predecessor-version":[{"id":10120,"href":"http:\/\/www.susannavaris.com\/blogg\/wp-json\/wp\/v2\/posts\/10117\/revisions\/10120"}],"wp:attachment":[{"href":"http:\/\/www.susannavaris.com\/blogg\/wp-json\/wp\/v2\/media?parent=10117"}],"wp:term":[{"taxonomy":"category","embeddable":true,"href":"http:\/\/www.susannavaris.com\/blogg\/wp-json\/wp\/v2\/categories?post=10117"},{"taxonomy":"post_tag","embeddable":true,"href":"http:\/\/www.susannavaris.com\/blogg\/wp-json\/wp\/v2\/tags?post=10117"}],"curies":[{"name":"wp","href":"https:\/\/api.w.org\/{rel}","templated":true}]}}