{"id":10139,"date":"2013-06-21T23:20:36","date_gmt":"2013-06-21T21:20:36","guid":{"rendered":"http:\/\/www.susannavaris.com\/blogg\/?p=10139"},"modified":"2013-06-21T23:37:28","modified_gmt":"2013-06-21T21:37:28","slug":"midsommar-hos-varis-et-holmen","status":"publish","type":"post","link":"http:\/\/www.susannavaris.com\/blogg\/2013\/06\/midsommar-hos-varis-et-holmen\/","title":{"rendered":"Midsommar hos Varis et Holm\u00e9n"},"content":{"rendered":"<p>Vissa av oss samh\u00e4llets st\u00f6ttepelare arbetar ju \u00e4ven en dag som denna&#8230;hrrm&#8230;men vid tiotiden p\u00e5 aftonen avnj\u00f6t Uffe och jag en liten midsommarm\u00e5ltid&#8230;<\/p>\n<p style=\"text-align: center;\"><a href=\"http:\/\/www.susannavaris.com\/blogg\/wp-content\/uploads\/2013\/06\/DSC_0158-50.jpg\"><img loading=\"lazy\" decoding=\"async\" class=\"aligncenter size-full wp-image-10140\" alt=\"DSC_0158-50\" src=\"http:\/\/www.susannavaris.com\/blogg\/wp-content\/uploads\/2013\/06\/DSC_0158-50.jpg\" width=\"1536\" height=\"2304\" srcset=\"http:\/\/www.susannavaris.com\/blogg\/wp-content\/uploads\/2013\/06\/DSC_0158-50.jpg 1536w, http:\/\/www.susannavaris.com\/blogg\/wp-content\/uploads\/2013\/06\/DSC_0158-50-200x300.jpg 200w, http:\/\/www.susannavaris.com\/blogg\/wp-content\/uploads\/2013\/06\/DSC_0158-50-682x1024.jpg 682w\" sizes=\"auto, (max-width: 1536px) 100vw, 1536px\" \/><\/a>\u00a0<em>Av ingen anledning alls fick vi damer p\u00e5 v\u00e5rt skyddsombudsm\u00f6te blommor av en v\u00e4n\/skyddsombudskollega&#8230;<\/em><\/p>\n<p style=\"text-align: center;\"><a href=\"http:\/\/www.susannavaris.com\/blogg\/wp-content\/uploads\/2013\/06\/DSC_0159-50.jpg\"><img loading=\"lazy\" decoding=\"async\" class=\"aligncenter size-full wp-image-10141\" alt=\"DSC_0159-50\" src=\"http:\/\/www.susannavaris.com\/blogg\/wp-content\/uploads\/2013\/06\/DSC_0159-50.jpg\" width=\"1536\" height=\"2304\" srcset=\"http:\/\/www.susannavaris.com\/blogg\/wp-content\/uploads\/2013\/06\/DSC_0159-50.jpg 1536w, http:\/\/www.susannavaris.com\/blogg\/wp-content\/uploads\/2013\/06\/DSC_0159-50-200x300.jpg 200w, http:\/\/www.susannavaris.com\/blogg\/wp-content\/uploads\/2013\/06\/DSC_0159-50-682x1024.jpg 682w\" sizes=\"auto, (max-width: 1536px) 100vw, 1536px\" \/><\/a>\u00a0<em>Som ni ser s\u00e5 \u00e4r dekadensen total&#8230;<\/em><\/p>\n<p style=\"text-align: center;\"><a href=\"http:\/\/www.susannavaris.com\/blogg\/wp-content\/uploads\/2013\/06\/DSC_0160-50.jpg\"><img loading=\"lazy\" decoding=\"async\" class=\"aligncenter size-full wp-image-10142\" alt=\"DSC_0160-50\" src=\"http:\/\/www.susannavaris.com\/blogg\/wp-content\/uploads\/2013\/06\/DSC_0160-50.jpg\" width=\"2304\" height=\"1536\" srcset=\"http:\/\/www.susannavaris.com\/blogg\/wp-content\/uploads\/2013\/06\/DSC_0160-50.jpg 2304w, http:\/\/www.susannavaris.com\/blogg\/wp-content\/uploads\/2013\/06\/DSC_0160-50-300x200.jpg 300w, http:\/\/www.susannavaris.com\/blogg\/wp-content\/uploads\/2013\/06\/DSC_0160-50-1024x682.jpg 1024w\" sizes=\"auto, (max-width: 2304px) 100vw, 2304px\" \/><\/a>\u00a0<em>Enb\u00e4rs-, curry- och slottssill samt marinerade str\u00f6mmingsfil\u00e9er&#8230;<\/em><\/p>\n<p style=\"text-align: center;\"><a href=\"http:\/\/www.susannavaris.com\/blogg\/wp-content\/uploads\/2013\/06\/DSC_0162-50.jpg\"><img loading=\"lazy\" decoding=\"async\" class=\"aligncenter size-full wp-image-10144\" alt=\"DSC_0162-50\" src=\"http:\/\/www.susannavaris.com\/blogg\/wp-content\/uploads\/2013\/06\/DSC_0162-50.jpg\" width=\"2304\" height=\"1536\" srcset=\"http:\/\/www.susannavaris.com\/blogg\/wp-content\/uploads\/2013\/06\/DSC_0162-50.jpg 2304w, http:\/\/www.susannavaris.com\/blogg\/wp-content\/uploads\/2013\/06\/DSC_0162-50-300x200.jpg 300w, http:\/\/www.susannavaris.com\/blogg\/wp-content\/uploads\/2013\/06\/DSC_0162-50-1024x682.jpg 1024w\" sizes=\"auto, (max-width: 2304px) 100vw, 2304px\" \/><\/a>\u00a0<em>En himmelsk lax och r\u00e4kbakelse&#8230;<\/em><\/p>\n<p style=\"text-align: center;\"><a href=\"http:\/\/www.susannavaris.com\/blogg\/wp-content\/uploads\/2013\/06\/DSC_0163-50.jpg\"><img loading=\"lazy\" decoding=\"async\" class=\"aligncenter size-full wp-image-10145\" alt=\"DSC_0163-50\" src=\"http:\/\/www.susannavaris.com\/blogg\/wp-content\/uploads\/2013\/06\/DSC_0163-50.jpg\" width=\"2304\" height=\"1536\" srcset=\"http:\/\/www.susannavaris.com\/blogg\/wp-content\/uploads\/2013\/06\/DSC_0163-50.jpg 2304w, http:\/\/www.susannavaris.com\/blogg\/wp-content\/uploads\/2013\/06\/DSC_0163-50-300x200.jpg 300w, http:\/\/www.susannavaris.com\/blogg\/wp-content\/uploads\/2013\/06\/DSC_0163-50-1024x682.jpg 1024w\" sizes=\"auto, (max-width: 2304px) 100vw, 2304px\" \/><\/a><em>\u00a0Ja, maten var god&#8230;det blir jordgubbar och Djurg\u00e5rdglass madagaskisk vaniljglass till efterr\u00e4tt&#8230;<\/em><\/p>\n<p style=\"text-align: center;\"><strong>Glad midsommar p\u00e5 er alla!<\/strong><\/p>\n","protected":false},"excerpt":{"rendered":"<p>Vissa av oss samh\u00e4llets st\u00f6ttepelare arbetar ju \u00e4ven en dag som denna&#8230;hrrm&#8230;men vid tiotiden p\u00e5 aftonen avnj\u00f6t Uffe och jag en liten midsommarm\u00e5ltid&#8230; \u00a0Av ingen anledning alls fick vi damer p\u00e5 v\u00e5rt skyddsombudsm\u00f6te blommor av en v\u00e4n\/skyddsombudskollega&#8230; \u00a0Som ni ser &hellip; <a href=\"http:\/\/www.susannavaris.com\/blogg\/2013\/06\/midsommar-hos-varis-et-holmen\/\">Forts\u00e4tt l\u00e4sa <span class=\"meta-nav\">&rarr;<\/span><\/a><\/p>\n","protected":false},"author":1,"featured_media":0,"comment_status":"open","ping_status":"open","sticky":false,"template":"","format":"standard","meta":{"footnotes":""},"categories":[1162,1],"tags":[3186,2922,1971,267,1523],"class_list":["post-10139","post","type-post","status-publish","format-standard","hentry","category-kultur","category-okategoriserade","tag-3186","tag-mat","tag-midsommarafton","tag-sill","tag-sommar"],"_links":{"self":[{"href":"http:\/\/www.susannavaris.com\/blogg\/wp-json\/wp\/v2\/posts\/10139","targetHints":{"allow":["GET"]}}],"collection":[{"href":"http:\/\/www.susannavaris.com\/blogg\/wp-json\/wp\/v2\/posts"}],"about":[{"href":"http:\/\/www.susannavaris.com\/blogg\/wp-json\/wp\/v2\/types\/post"}],"author":[{"embeddable":true,"href":"http:\/\/www.susannavaris.com\/blogg\/wp-json\/wp\/v2\/users\/1"}],"replies":[{"embeddable":true,"href":"http:\/\/www.susannavaris.com\/blogg\/wp-json\/wp\/v2\/comments?post=10139"}],"version-history":[{"count":2,"href":"http:\/\/www.susannavaris.com\/blogg\/wp-json\/wp\/v2\/posts\/10139\/revisions"}],"predecessor-version":[{"id":10147,"href":"http:\/\/www.susannavaris.com\/blogg\/wp-json\/wp\/v2\/posts\/10139\/revisions\/10147"}],"wp:attachment":[{"href":"http:\/\/www.susannavaris.com\/blogg\/wp-json\/wp\/v2\/media?parent=10139"}],"wp:term":[{"taxonomy":"category","embeddable":true,"href":"http:\/\/www.susannavaris.com\/blogg\/wp-json\/wp\/v2\/categories?post=10139"},{"taxonomy":"post_tag","embeddable":true,"href":"http:\/\/www.susannavaris.com\/blogg\/wp-json\/wp\/v2\/tags?post=10139"}],"curies":[{"name":"wp","href":"https:\/\/api.w.org\/{rel}","templated":true}]}}