{"id":10166,"date":"2013-06-25T13:31:30","date_gmt":"2013-06-25T11:31:30","guid":{"rendered":"http:\/\/www.susannavaris.com\/blogg\/?p=10166"},"modified":"2013-06-25T21:32:52","modified_gmt":"2013-06-25T19:32:52","slug":"ludvigsson-om-borg-och-kvoteringen","status":"publish","type":"post","link":"http:\/\/www.susannavaris.com\/blogg\/2013\/06\/ludvigsson-om-borg-och-kvoteringen\/","title":{"rendered":"Ludvigsson om Borg och kvoteringen"},"content":{"rendered":"<p><a href=\"http:\/\/www.susannavaris.com\/blogg\/wp-content\/uploads\/2013\/06\/kvotering.jpg\"><img loading=\"lazy\" decoding=\"async\" class=\"aligncenter size-full wp-image-10167\" alt=\"kvotering\" src=\"http:\/\/www.susannavaris.com\/blogg\/wp-content\/uploads\/2013\/06\/kvotering.jpg\" width=\"308\" height=\"160\" srcset=\"http:\/\/www.susannavaris.com\/blogg\/wp-content\/uploads\/2013\/06\/kvotering.jpg 308w, http:\/\/www.susannavaris.com\/blogg\/wp-content\/uploads\/2013\/06\/kvotering-300x155.jpg 300w\" sizes=\"auto, (max-width: 308px) 100vw, 308px\" \/><\/a><\/p>\n<p>Maria Ludvigsson <a href=\"http:\/\/www.svd.se\/opinion\/ledarsidan\/borg-later-vanstern-gora-analysen_8291090.svd\">skriver<\/a>\u00a0p\u00e5 ledarsidan i dagens SvD utm\u00e4rkt om finansminister Anders Borgs vurm f\u00f6r kvotering. artikeln sammanfattar p\u00e5 ett ungef\u00e4r min \u00e5sikter i fr\u00e5gan. Jag tror ut\u00f6ver att problemformuleringen tagits direkt fr\u00e5n v\u00e4nstern att Borg \u00e4r framf\u00f6r allt en pragmatiskt finansminister mer \u00e4n en ideolog. Han ser p\u00e5 saken ur ett f\u00f6rment rationell synvinkel som genomsyras av social ingenj\u00f6rskonst: m\u00e5ls\u00e4ttningen \u00e4r att &#8221;all kompetens&#8221; inom samh\u00e4llet kommer n\u00e4ringslivet till godo och att detta s\u00e4tts f\u00f6re individers eventuella \u00f6nskem\u00e5l om att forma sina liv som de vill.<\/p>\n<p>DN:s <a href=\"http:\/\/www.dagensnyheter.se\/Articles\/2013\/06\/25\/Politikerna-maste-visa-att-de-menar-allvar\/\">linje<\/a>\u00a0(artikeln blir tillg\u00e4nglig f\u00f6r icke-prenumeranter om 24 timmar)\u00a0i samma fr\u00e5ga f\u00f6rv\u00e5nar v\u00e4l ingen (Lena W\u00e4ngnerud \u00e4r professor i statsvetenskap p\u00e5 G\u00f6teborgs universitet):<\/p>\n<blockquote><p>Vanliga argument f\u00f6r att ta in fler kvinnor i styrelserna \u00e4r att det f\u00f6rb\u00e4ttrar resultaten, men statsvetaren Lena W\u00e4ngnerud ifr\u00e5gas\u00e4tter utg\u00e5ngspunkten att det m\u00e5ste bidra till en f\u00f6r\u00e4ndring.<\/p>\n<p>\u2013\u2009Man kan ocks\u00e5 se det som en r\u00e4ttvisefr\u00e5ga att fler kvinnor borde ta plats i styrelserna, att det skickar viktiga signaler till m\u00e4n och kvinnor i befolkningen generellt.<\/p><\/blockquote>\n<p>\u00c4ven n\u00e4ringslivets fr\u00e4msta uppgift \u00e4r allts\u00e5 att vara ett k\u00f6nspolitiskt instrument.<\/p>\n<p>Alice Teodorescu skriver ocks\u00e5 i SvD l\u00e4sv\u00e4rt om detta \u00e4mne\u00a0<a href=\"http:\/\/www.svd.se\/opinion\/brannpunkt\/darfor-vill-jag-inte-krympas-till-ett-kon_8291886.svd\">h\u00e4r<\/a>.<\/p>\n<p>Andra bloggar:\u00a0<a href=\"http:\/\/ekvalist.blogspot.se\/2013\/06\/borgs-kvoteringsiver-sagas.html\">Ekvalist<\/a><\/p>\n","protected":false},"excerpt":{"rendered":"<p>Maria Ludvigsson skriver\u00a0p\u00e5 ledarsidan i dagens SvD utm\u00e4rkt om finansminister Anders Borgs vurm f\u00f6r kvotering. artikeln sammanfattar p\u00e5 ett ungef\u00e4r min \u00e5sikter i fr\u00e5gan. Jag tror ut\u00f6ver att problemformuleringen tagits direkt fr\u00e5n v\u00e4nstern att Borg \u00e4r framf\u00f6r allt en pragmatiskt &hellip; <a href=\"http:\/\/www.susannavaris.com\/blogg\/2013\/06\/ludvigsson-om-borg-och-kvoteringen\/\">Forts\u00e4tt l\u00e4sa <span class=\"meta-nav\">&rarr;<\/span><\/a><\/p>\n","protected":false},"author":1,"featured_media":0,"comment_status":"open","ping_status":"open","sticky":false,"template":"","format":"standard","meta":{"footnotes":""},"categories":[178,181,259,1321,1928,589,1,590,403,303],"tags":[2460,3197,3198,4900,4899,2376,1369,4918,1370,2123,3199,2343,2857],"class_list":["post-10166","post","type-post","status-publish","format-standard","hentry","category-blodtryckshojare","category-feminism","category-genusvetenskap","category-jamstalldhet","category-journalistik","category-medier","category-okategoriserade","category-politik","category-pseudovetenskap","category-religion","tag-2460","tag-alice-teodorescu","tag-bolagsstyrelse","tag-feminism","tag-genus","tag-goteborgs-universitet","tag-individ","tag-jamstalldhet","tag-kollektiv","tag-kvotering","tag-lena-wagnerud","tag-maria-ludvigsson","tag-styrelse"],"_links":{"self":[{"href":"http:\/\/www.susannavaris.com\/blogg\/wp-json\/wp\/v2\/posts\/10166","targetHints":{"allow":["GET"]}}],"collection":[{"href":"http:\/\/www.susannavaris.com\/blogg\/wp-json\/wp\/v2\/posts"}],"about":[{"href":"http:\/\/www.susannavaris.com\/blogg\/wp-json\/wp\/v2\/types\/post"}],"author":[{"embeddable":true,"href":"http:\/\/www.susannavaris.com\/blogg\/wp-json\/wp\/v2\/users\/1"}],"replies":[{"embeddable":true,"href":"http:\/\/www.susannavaris.com\/blogg\/wp-json\/wp\/v2\/comments?post=10166"}],"version-history":[{"count":2,"href":"http:\/\/www.susannavaris.com\/blogg\/wp-json\/wp\/v2\/posts\/10166\/revisions"}],"predecessor-version":[{"id":10172,"href":"http:\/\/www.susannavaris.com\/blogg\/wp-json\/wp\/v2\/posts\/10166\/revisions\/10172"}],"wp:attachment":[{"href":"http:\/\/www.susannavaris.com\/blogg\/wp-json\/wp\/v2\/media?parent=10166"}],"wp:term":[{"taxonomy":"category","embeddable":true,"href":"http:\/\/www.susannavaris.com\/blogg\/wp-json\/wp\/v2\/categories?post=10166"},{"taxonomy":"post_tag","embeddable":true,"href":"http:\/\/www.susannavaris.com\/blogg\/wp-json\/wp\/v2\/tags?post=10166"}],"curies":[{"name":"wp","href":"https:\/\/api.w.org\/{rel}","templated":true}]}}