{"id":10173,"date":"2013-06-26T22:43:17","date_gmt":"2013-06-26T20:43:17","guid":{"rendered":"http:\/\/www.susannavaris.com\/blogg\/?p=10173"},"modified":"2013-06-27T00:37:22","modified_gmt":"2013-06-26T22:37:22","slug":"dn-kultur-mal-pa","status":"publish","type":"post","link":"http:\/\/www.susannavaris.com\/blogg\/2013\/06\/dn-kultur-mal-pa\/","title":{"rendered":"DN Kultur maler p\u00e5&#8230;"},"content":{"rendered":"<p style=\"text-align: center;\"><a href=\"http:\/\/www.susannavaris.com\/blogg\/wp-content\/uploads\/2013\/06\/MALLIKA_DUTT_6024f.jpg\"><img loading=\"lazy\" decoding=\"async\" class=\"aligncenter size-full wp-image-10174\" alt=\"MALLIKA_DUTT_6024f\" src=\"http:\/\/www.susannavaris.com\/blogg\/wp-content\/uploads\/2013\/06\/MALLIKA_DUTT_6024f.jpg\" width=\"636\" height=\"573\" srcset=\"http:\/\/www.susannavaris.com\/blogg\/wp-content\/uploads\/2013\/06\/MALLIKA_DUTT_6024f.jpg 636w, http:\/\/www.susannavaris.com\/blogg\/wp-content\/uploads\/2013\/06\/MALLIKA_DUTT_6024f-300x270.jpg 300w\" sizes=\"auto, (max-width: 636px) 100vw, 636px\" \/><\/a>\u00a0<em>Mallika Dutt<\/em><\/p>\n<p>\u00c4ven idag f\u00e5r vi oss en <a href=\"http:\/\/www.dn.se\/kultur-noje\/kulturdebatt\/bortom-nigella-vald-mot-kvinnor-en-pandemi\/\">dos<\/a>\u00a0misandrisk feminism i DN Kultur. Med en papegoijas envishet upprepas doktrinen om m\u00e4nnens ondska. Och nej, jag tycker inte att v\u00e5ld mot kvinnor ska f\u00f6rtigas och absolut inte p\u00e5 det s\u00e4ttet man nu fr\u00e5n feministiskt h\u00e5ll vill f\u00f6rtiga och f\u00f6rminska den v\u00e5ld som ut\u00f6vas av kvinnor. Mallika Dutt \u00e4r dagens feministiska expertis:<\/p>\n<blockquote><p>&#8221;Det jag d\u00e4remot kan \u00e4r att lyfta de envisa kulturella attityder som till\u00e5ter kvinnohat, och som till\u00e5ter k\u00f6nsrelaterat v\u00e5ld att existera v\u00e4rlden \u00f6ver.&#8221;<\/p><\/blockquote>\n<p>Vilka kulturella attityder till\u00e5ter kvinnohat? Var hittar Dutt dem n\u00e5gonstans? Vilka kulturella attityder till\u00e5ter k\u00f6nsrelaterat v\u00e5ld h\u00e4r i Sverige? Jag har aldrig tr\u00e4ffat p\u00e5 en enda person som tycker att relationsv\u00e5ld, s\u00e4rskilt n\u00e4r det g\u00e4ller en man som misshandlar en kvinna, \u00e4r accepterat. D\u00e4remot har jag st\u00f6tt p\u00e5 en hel del feminister som l\u00e5tsas som att det omv\u00e4nda inte ens existerar (exempelvis Sveland, som vid direkt fr\u00e5ga ang\u00e5ende m\u00e4n som offer f\u00f6r relationsv\u00e5ld svarar: &#8221;Och hur m\u00e5nga \u00e4r de d\u00e5?&#8221; med spydigt tonfall).<\/p>\n<blockquote><p>&#8221;Dessutom h\u00f6r vi s\u00e4llan n\u00e5got om de otaliga kvinnor som faktiskt g\u00e5r. Som g\u00e5r innan n\u00e5gon tar en bild, innan kvinnorna blir till rubriker eller hamnar p\u00e5 b\u00e5rhus.&#8221;<\/p><\/blockquote>\n<p>Hej Mallika, jag sitter som b\u00e4st h\u00e4r och skriver! (Ett exempel p\u00e5 det du efterlyser).<\/p>\n<blockquote><p>&#8221;Men \u00e4n viktigare \u00e4r att fr\u00e5gan och ansvaret m\u00e5ste byta riktning och v\u00e4ndas mot f\u00f6r\u00f6varen. Om vi f\u00f6rminskar f\u00f6r\u00ad\u00f6varens roll s\u00e5 f\u00f6rminskar vi ocks\u00e5 hans ansvar. Vi ger frisedel \u00e5t b\u00e5de honom och hela den skadliga, begr\u00e4nsande manlighetskultur som f\u00f6rnedrar b\u00e5de kvinnor och m\u00e4n och som g\u00f6r v\u00e5ldet oundvikligt.&#8221;<\/p><\/blockquote>\n<p>Vad skulle det vara f\u00f6r manskultur som urs\u00e4ktar v\u00e5ld mot kvinnor, var finns den i Sverige? Inte bara en manskultur som f\u00f6rnedrar b\u00e5de m\u00e4n och kvinnor, men ocks\u00e5 g\u00f6r v\u00e5ld oundvikligt? Det \u00e4r en skymf som heter duga att f\u00f6rs\u00f6ka trycka in hela den stora majoritet av m\u00e4n som aldrig sl\u00e5r eller misshandlar till en p\u00e5hittad &#8221;manlighetskultur&#8221; som g\u00e5r ut p\u00e5 v\u00e5ld. \u00c4r falska anklagelser om v\u00e5ldt\u00e4kt en kvinnlighetskultur?<\/p>\n<blockquote><p>&#8221;Med allt detta sagt kan det n\u00e4mnas att just denna h\u00e4ndelse faktiskt inte helt och h\u00e5llet har bem\u00f6tts av urs\u00e4kter; tack vare kraften i sociala medier f\u00f6rbigicks inte v\u00e5ldet mot Nigella Lawson med tystnad.&#8221;<\/p><\/blockquote>\n<p>Kan Mallik visa p\u00e5 ett enda fall av kvinnomisshandel som skulle ha m\u00f6tts med urs\u00e4kter?<\/p>\n<blockquote><p>&#8221;Vi m\u00e5ste tala om vad m\u00e4n inte f\u00e5r g\u00f6ra, som att misshandla kvinnor. Det som beh\u00f6vs \u00e4r en global dialog om den p\u00e5g\u00e5ende pandemin av v\u00e5ld mot kvinnor, och att vi alla betalar priset f\u00f6r detta v\u00e5ld.&#8221;<\/p><\/blockquote>\n<p>Menar Mallik p\u00e5 fullt allvar att genomsnittsmannen inte vet om att han inte f\u00e5r misshandla kvinnor? Utg\u00e5r Mallik ifr\u00e5n att genomsnittsmannen potentiellt \u00e4r en kvinnomisshandlare? Det verkar s\u00e5. Men r\u00e4ddningen \u00e4r i vanlig ordning h\u00e4r, i form av \u00e4nnu en bunt feministiska mantran:<\/p>\n<blockquote><p>&#8221;Behovet av en omf\u00f6rhandling vad g\u00e4ller maskulinitet, femininitet, makt och hierarkier \u00e4r akut \u2013 bara d\u00e5 kan vi ta oss bortom v\u00e4rldens Nigellor och bygga en j\u00e4mlik och v\u00e4rdig v\u00e4rld.&#8221;<\/p><\/blockquote>\n<p>Menar Dutt den gamla ramsan om den marxistiska maktanalysen d\u00e4r den vita, heterosexuella mannen definitionsm\u00e4ssigt \u00e4r p\u00e5 toppen av makthierarkin och kan d\u00e4rmed aldrig vara ett offer f\u00f6r n\u00e5gonting? Den, vars frukter vi nu sk\u00f6rdar i form av ett skuldbel\u00e4ggande och en demonisering av pojkar och m\u00e4n enkom p\u00e5 grund av deras k\u00f6n? Eller vill Dutt bara omf\u00f6rhandla hela makten \u00e5t kvinnorna? Vad skulle vara l\u00f6sningen?<\/p>\n<p>Jag l\u00e4ser nu att Dutt \u00e4r en indisk-amerikansk m\u00e4nniskor\u00e4ttsk\u00e4mpe och kanske kan det hon skriver ha en relevans i s\u00e4rskilt Indien. Texten och fr\u00e5gorna ovan riktar sig fr\u00e4mst till DN Kultur (jag tog texten f\u00f6r ett debattinl\u00e4gg h\u00e4r i Sverige), som utan n\u00e5gon bakgrundsinformation verkar tycka att artikeln \u00e4ven \u00e4r relevant f\u00f6r svenska f\u00f6rh\u00e5llanden.<\/p>\n<p>Toklandet f\u00e5r f\u00f6rst\u00e5eligt nog p\u00e5 det h\u00e4r temat\u00a0<a href=\"http:\/\/toklandet.wordpress.com\/2013\/06\/26\/riskminimering\/\">h\u00e4r<\/a>.<\/p>\n<p>&nbsp;<\/p>\n","protected":false},"excerpt":{"rendered":"<p>\u00a0Mallika Dutt \u00c4ven idag f\u00e5r vi oss en dos\u00a0misandrisk feminism i DN Kultur. Med en papegoijas envishet upprepas doktrinen om m\u00e4nnens ondska. Och nej, jag tycker inte att v\u00e5ld mot kvinnor ska f\u00f6rtigas och absolut inte p\u00e5 det s\u00e4ttet man &hellip; <a href=\"http:\/\/www.susannavaris.com\/blogg\/2013\/06\/dn-kultur-mal-pa\/\">Forts\u00e4tt l\u00e4sa <span class=\"meta-nav\">&rarr;<\/span><\/a><\/p>\n","protected":false},"author":1,"featured_media":0,"comment_status":"open","ping_status":"open","sticky":false,"template":"","format":"standard","meta":{"footnotes":""},"categories":[181,259,1321,1928,589,1,590],"tags":[175,2075,4900,4899,1127,3202,2495,2987,1128],"class_list":["post-10173","post","type-post","status-publish","format-standard","hentry","category-feminism","category-genusvetenskap","category-jamstalldhet","category-journalistik","category-medier","category-okategoriserade","category-politik","tag-dn","tag-dn-kultur","tag-feminism","tag-genus","tag-kvinnomisshandel","tag-mallika-dutt","tag-misshandel","tag-partnervald","tag-relationsvald"],"_links":{"self":[{"href":"http:\/\/www.susannavaris.com\/blogg\/wp-json\/wp\/v2\/posts\/10173","targetHints":{"allow":["GET"]}}],"collection":[{"href":"http:\/\/www.susannavaris.com\/blogg\/wp-json\/wp\/v2\/posts"}],"about":[{"href":"http:\/\/www.susannavaris.com\/blogg\/wp-json\/wp\/v2\/types\/post"}],"author":[{"embeddable":true,"href":"http:\/\/www.susannavaris.com\/blogg\/wp-json\/wp\/v2\/users\/1"}],"replies":[{"embeddable":true,"href":"http:\/\/www.susannavaris.com\/blogg\/wp-json\/wp\/v2\/comments?post=10173"}],"version-history":[{"count":4,"href":"http:\/\/www.susannavaris.com\/blogg\/wp-json\/wp\/v2\/posts\/10173\/revisions"}],"predecessor-version":[{"id":10183,"href":"http:\/\/www.susannavaris.com\/blogg\/wp-json\/wp\/v2\/posts\/10173\/revisions\/10183"}],"wp:attachment":[{"href":"http:\/\/www.susannavaris.com\/blogg\/wp-json\/wp\/v2\/media?parent=10173"}],"wp:term":[{"taxonomy":"category","embeddable":true,"href":"http:\/\/www.susannavaris.com\/blogg\/wp-json\/wp\/v2\/categories?post=10173"},{"taxonomy":"post_tag","embeddable":true,"href":"http:\/\/www.susannavaris.com\/blogg\/wp-json\/wp\/v2\/tags?post=10173"}],"curies":[{"name":"wp","href":"https:\/\/api.w.org\/{rel}","templated":true}]}}