{"id":10202,"date":"2013-06-30T12:05:23","date_gmt":"2013-06-30T10:05:23","guid":{"rendered":"http:\/\/www.susannavaris.com\/blogg\/?p=10202"},"modified":"2013-06-30T12:15:35","modified_gmt":"2013-06-30T10:15:35","slug":"vad-hander-i-kulturvarlden-egentligen","status":"publish","type":"post","link":"http:\/\/www.susannavaris.com\/blogg\/2013\/06\/vad-hander-i-kulturvarlden-egentligen\/","title":{"rendered":"Vad h\u00e4nder i kulturv\u00e4rlden egentligen?"},"content":{"rendered":"<p style=\"text-align: center;\"><a href=\"http:\/\/www.susannavaris.com\/blogg\/wp-content\/uploads\/2013\/06\/allen-jones.jpg\"><img loading=\"lazy\" decoding=\"async\" class=\"aligncenter size-full wp-image-10204\" alt=\"Chair 1969 by Allen Jones born 1937\" src=\"http:\/\/www.susannavaris.com\/blogg\/wp-content\/uploads\/2013\/06\/allen-jones.jpg\" width=\"1536\" height=\"1212\" srcset=\"http:\/\/www.susannavaris.com\/blogg\/wp-content\/uploads\/2013\/06\/allen-jones.jpg 1536w, http:\/\/www.susannavaris.com\/blogg\/wp-content\/uploads\/2013\/06\/allen-jones-300x236.jpg 300w, http:\/\/www.susannavaris.com\/blogg\/wp-content\/uploads\/2013\/06\/allen-jones-1024x808.jpg 1024w\" sizes=\"auto, (max-width: 1536px) 100vw, 1536px\" \/><\/a>\u00a0<em>Allen Jones sittskulptur; icke-godk\u00e4nd konst av DN Kultur<\/em><\/p>\n<p>Den fr\u00e5gan l\u00e4r man inte f\u00e5 svar p\u00e5 om man f\u00f6rlitar sig p\u00e5 DN Kultur som k\u00e4lla f\u00f6r information. Den minimerade privata sf\u00e4ren, det faktum att vi alla \u00e4r produkter p\u00e5 en marknad, den \u00f6kade \u00f6vervakningen, sp\u00e4nningarna mellan v\u00e4rldsreligionerna, vilken riktning konsten ska ta nu n\u00e4r den avskaffat n\u00e4sta alla v\u00e4rden f\u00f6rutom den id\u00e9baserade eller konceptburna, hur ser undergroundkulturerna ut idag, hur l\u00f6ser vi ekvationerna med den n\u00f6dv\u00e4ndiga, men med stora risker befattade konsumtionen, de moraliska fr\u00e5gorna f\u00f6rknippade med nya tekniker&#8230;listan kan g\u00f6ras hur l\u00e5ng som helst, sp\u00f6rsm\u00e5l som dessa kan man oftast leta efter med ljus och lykta i det forna flaggskeppet f\u00f6r kultursidorna.<\/p>\n<p>Idag \u00e4r det patriarkat. K\u00f6nsmaktsordning. Hur jobbigt det \u00e4r f\u00f6r en ung serietecknare att f\u00e5 uppm\u00e4rksamhet fr\u00e5n &#8221;gubbar&#8221;, hur massivt f\u00f6rtrycket mot kvinnor \u00e4r. Feminism. Och mera feminism. F\u00f6r att toppa det hela; lite feminism.<\/p>\n<p>Jag har trappat ner l\u00e4sningen av n\u00e4mnda kulturdel och efter den h\u00e4r m\u00e5naden kommer jag bara att ha den digitala utg\u00e5van. Jag kommer allts\u00e5 inte att \u00e4gna tidningen lika mycket uppm\u00e4rksamhet.<\/p>\n<p>Idag hann jag med tv\u00e5 artiklar till frukost; <a href=\"http:\/\/www.dagensnyheter.se\/Articles\/2013\/06\/30\/Popkonstens-ideal-i-backspelgeln\/\">en<\/a>\u00a0om popkonstutst\u00e4llningen p\u00e5 Moderna Mus\u00e9et av Birgitta Rubin och <a href=\"http:\/\/www.dagensnyheter.se\/Articles\/2013\/06\/30\/Nanna-Johansson-Har-kan-jag-vara-mig-sjalv\/\">en<\/a> i s\u00f6ndagsdelen om en feministisk serietecknare. (Det st\u00e5r att artiklarna blir tillg\u00e4ngliga f\u00f6r icke-prenumeranter om 24 timmar).<\/p>\n<p>Popkonstutst\u00e4llningen f\u00e5r en del god kritik, men:<\/p>\n<blockquote><p>&#8221;Men det som \u00e5ldrats allra s\u00e4mst \u00e4r \u00e4nd\u00e5 sexismen, en kungs\u00e5dra i popkonsten, vilket i sin tur speglar d\u00e5tidens reklam med raffiga kvinnor som objekt f\u00f6r \u00e5tr\u00e5.<\/p>\n<p>Ibland tippar det \u00f6ver i ren misogyni, som i den avdelning Moderna museet kallar \u201dKvinnan som fetisch\u201d. Jag vrider mig av obehag inf\u00f6r Allen Jones sittskulptur fr\u00e5n 1969, d\u00e4r en pinuppa p\u00e5 rygg f\u00e5tt en stolsdyna nedtryck \u00f6ver skrevet. Jones och andra manliga popkonstn\u00e4rer har brukat f\u00f6rsvara sig med att det \u00e4r \u201dironi\u201d \u2013 men forskare p\u00e5 omr\u00e5det har enats om att en kritisk h\u00e5llning \u00e4r underordnad fascinationen. \u201dSaker som jag till synes har parodierat beundrar jag i sj\u00e4lva verket\u201d, har Roy Lichtenstein bek\u00e4nt.<\/p>\n<p>Popkonsten inneh\u00e5ller inte bara sexism utan ocks\u00e5 en mansdominerad r\u00f6relse (precis som surrealismen). Men att det delvis \u00e4r en efterhandskonstruktion visade utst\u00e4llningen \u201dSubversion: Women popartists 1958\u201368\u201d som jag s\u00e5g p\u00e5 Brooklyn museum 2010. H\u00e4r fanns verk av 21 kvinnor, som m\u00e5ngfacetterat reflekterade en spirande feministisk medvetenhet och kritik mot d\u00e5tidens k\u00f6nsroller.<\/p>\n<p><strong>H\u00e4r ska<\/strong>\u00a0Moderna museets assisterande intendent Matilda Olof-Ors ha en eloge. Hon har hyfsat den bedr\u00f6vliga k\u00f6nsbalansen med viktiga till\u00e4gg som Marie-Louise Ekmans underbara textilapplikation \u201dFiskbullar i hummers\u00e5s\u201d, Ruth Ansels omslag f\u00f6r Harper\u2019s Bazar, en teckning av Lee Lozano och m\u00e5lningar av Sturtevant, Barbro \u00d6stlihn och Ulla Wiggen. Den senare har parallellt en liten utst\u00e4llning p\u00e5 museet och Niki de Saint Phalle en stor retrospektiv.<\/p>\n<p>Tr\u00e5kigt \u00e4r det \u00e4nd\u00e5 att tv\u00e5 s\u00e5 hyperintressanta konstn\u00e4rer som Kiki Kogelnik och Jann Haworth enbart \u00e4r representerade med ett verk vardera. Och jag begriper faktiskt inte hur man lyckats missa japanskan Yayoi Kusama, som haussats p\u00e5 senare \u00e5r och hade passat perfekt h\u00e4r med sina stoppade fallosobjekt, som f\u00f6r\u00f6kar sig i m\u00f6bler och husger\u00e5d! Kusama skapade \u00e4ven avantgardistiska kl\u00e4der och att mode uteslutits \u00e4r ytterligare en brist.&#8221;<\/p><\/blockquote>\n<p>Undrar vilka forskare det \u00e4r som har enats om att &#8221;en kritisk h\u00e5llning \u00e4r underordnad fascinationen&#8221;? Och vad betyder det i s\u00e5 fall? Att det existerar ett enda till\u00e5tet perspektiv p\u00e5 konst? Har Rubin f\u00f6rresten h\u00f6rt om <em>Fifty Shades of Gray<\/em>, monumental s\u00e4ljsucc\u00e9 bland kvinnliga l\u00e4sare i alla \u00e5ldrar och som r\u00e4tt och sl\u00e4tt g\u00e5r ut p\u00e5 kvinnlig underkastelse och dominanslekar? (Det kanske rentav \u00e4r en motreaktion i en tid d\u00e4r det inte g\u00e5r att l\u00e4sa en dagstidning utan att f\u00e5 sig ett antal lektioner i radikalfeminism i var och varannan artikel?)<\/p>\n<p>&nbsp;<\/p>\n<p style=\"text-align: center;\"><a href=\"http:\/\/www.susannavaris.com\/blogg\/wp-content\/uploads\/2013\/06\/cesare-paciotti-jones.jpg\"><img loading=\"lazy\" decoding=\"async\" class=\"aligncenter size-full wp-image-10205\" alt=\"cesare-paciotti-jones\" src=\"http:\/\/www.susannavaris.com\/blogg\/wp-content\/uploads\/2013\/06\/cesare-paciotti-jones.jpg\" width=\"500\" height=\"655\" srcset=\"http:\/\/www.susannavaris.com\/blogg\/wp-content\/uploads\/2013\/06\/cesare-paciotti-jones.jpg 500w, http:\/\/www.susannavaris.com\/blogg\/wp-content\/uploads\/2013\/06\/cesare-paciotti-jones-229x300.jpg 229w\" sizes=\"auto, (max-width: 500px) 100vw, 500px\" \/><\/a>\u00a0<em>Cesare Paciotti (reklam?); godk\u00e4nd av DN Kultur?<\/em><\/p>\n<p>Serietecknaren:<\/p>\n<blockquote><p>&#8221;I vintras b\u00f6rjade Nanna Johansson att n\u00e4tdejta. Som nybliven singel registrerade hon sig p\u00e5 en dejtningssajt och lade upp en stereotyp profilbild d\u00e4r hon sitter och \u201dplutar med l\u00e4pparna i smickrande eftermiddagsljus.\u201d<\/p>\n<p>Snart fylldes hennes inkorg av mer eller mindre skamliga f\u00f6rslag fr\u00e5n m\u00e4n. En man skrev till exempel: \u201dGillar du \u00e4ldre m\u00e4n? Vill du chatta med en man och sen kanske g\u00f6ra n\u00e5got mer\u2026 Jag vill g\u00e4rna chatta med en ung tjej, antingen h\u00e4r eller i msn.\u201d<\/p>\n<p>Nanna svarade sk\u00e4mtsamt: \u201dDu l\u00e5ter exakt som min gamla l\u00e4rare i Datorkunskap A!\u201d<\/p>\n<p>\u2013\u2009M\u00e4ns beteende p\u00e5 dejtningssajter s\u00e4ger n\u00e5got om deras bottenl\u00f6sa sj\u00e4lvf\u00f6rtroende. F\u00f6r vad g\u00f6r annars att en 55-\u00e5rig gubbe k\u00e4nner att han kan pinka in revir \u00f6verallt? Att han k\u00e4nner att han kan messa en 18-\u00e5rig tjej en sunkig sexinvit och tro att han ska f\u00e5 napp? Det \u00e4r b\u00e5de st\u00f6rande och roligt, s\u00e4ger Nanna.&#8221;<\/p><\/blockquote>\n<p>Johansson \u00e4r 27 \u00e5r.<\/p>\n<blockquote><p>[&#8230;]<\/p>\n<p>&#8221;Som n\u00e4r hon i sitt f\u00f6rsta seriealbum \u201dFul\u00adheten\u201d fr\u00e5n 2009 beskriver hur en gubbe blir v\u00e5ldtagen f\u00f6r att han har s\u00e5 korta shorts och en g\u00e5ng hade f\u00f6rkunnat att han minsann gillar \u201dh\u00e5rda tag\u201d. F\u00f6r\u00f6varna var n\u00e5gra unga fulla tjejer som helt enkelt \u201dinte kunde l\u00e5ta bli\u201d.<\/p>\n<p>Genom att v\u00e4nda p\u00e5 perspektiven och rollerna synligg\u00f6r Nanna det allvarliga med m\u00e4ns makt \u00f6ver kvinnors kroppar. Det \u00e4r just ilskan \u00f6ver samh\u00e4llet som oftast driver henne i serieskapandet.&#8221;<\/p>\n<p>[&#8230;]<\/p>\n<p>&#8221;Redan fr\u00e5n b\u00f6rjan blev det mycket politiska satirteckningar. Mest om gubbar som s\u00e4ger dumma saker.&#8221;<\/p>\n<p>[&#8230;]<\/p>\n<p>&#8221;\u00c4nda sedan Nannas f\u00f6rsta streck med serietecknarpennan har de feministiska dragen varit tydliga i hennes arbete. Hon k\u00e4nner ett st\u00e4ndigt \u00adbehov av att kl\u00e4 av sexismen och med svart humor visa hur den st\u00e4ndigt p\u00e5verkar kvinnors liv.<\/p>\n<p>\u2013\u2009Patriarkatet \u00e4r som en fl\u00e5sande andedr\u00e4kt i nacken. Jag kan inte g\u00e5 fr\u00e5n punkt A till punkt B i min egen stad utan att n\u00e5gon ska f\u00f6rs\u00f6ka stoppa mig eller kommentera min kropp. Det k\u00e4nns hela tiden som om m\u00e4nniskor reagerar p\u00e5 en och tar sig friheter bara f\u00f6r att jag r\u00e5kade f\u00f6das med en fitta. Min kropp f\u00e5r inte tillh\u00f6ra bara mig som kvinna.<\/p>\n<p>Nanna minns att hon redan som barn tyckte att det var or\u00e4ttvist att hon inte kunde g\u00f6ra vissa saker och s\u00e5gs p\u00e5 ett visst s\u00e4tt bara f\u00f6r att hon var en flicka. I alla barnfilmer letade hon efter tjejkarakt\u00e4rer och irriterade sig p\u00e5 att det bara var killar i fokus.&#8221;<\/p>\n<p>[&#8230;]<\/p>\n<p>&#8221;Just i ton\u00e5ren blev det allt mer tydligt hur hon behandlades bara f\u00f6r att hon var tjej. Framf\u00f6r allt av \u201dvidriga\u201d killar som trakasserade henne och andra tjejer i skolkorridorerna. Hon b\u00f6rjade engagera sig allt mer, bland annat i tjejjourer.<\/p>\n<p>\u2013\u2009Det var v\u00e4ldigt sk\u00f6nt att kunna s\u00e4tta ord p\u00e5 det som bara hade varit en k\u00e4nsla. I dag \u00e4r jag inte fast i en klassisk kvinnof\u00e4lla. Jag beh\u00f6ver till exempel inte ha ett underbetalt jobb f\u00f6r att f\u00f6rs\u00f6rja min familj. P\u00e5 s\u00e5 s\u00e4tt \u00e4r jag f\u00f6rskonad. Men jag p\u00e5minns st\u00e4ndigt om hur jag som kvinna behandlas. Som n\u00e4r jag arbetade p\u00e5 radion och alla de manliga redaktionsmedlemmarna tj\u00e4nade mer \u00e4n vi kvinnliga. Patriarkatet genomsyrar allt.<\/p>\n<p>Tycker du att det \u00e4r jobbigt att alltid ha \u00adfeministglas\u00f6gonen p\u00e5?<\/p>\n<p>\u2013\u2009F\u00f6r att kunna konsumera bredare kultur m\u00e5ste jag ibland ta av mig de glas\u00f6gonen och se p\u00e5 saker rakt upp och ned. Jag m\u00e5ste bed\u00f6va alla impulser att bli arg f\u00f6r att \u00f6ver huvud taget kunna fungera.&#8221;<\/p><\/blockquote>\n<p>Dagens dos av feministisk propaganda till morgonkaffet.<\/p>\n<p>Det finns f\u00f6rst\u00e5s mera annanstans. SvD har p\u00e5 omslaget ett t\u00e5rtbitsdiagram \u00f6ver hur mycket manliga politiker syns i media och hur lite kvinnliga dito g\u00f6r det.<\/p>\n<p><a href=\"http:\/\/www.susannavaris.com\/blogg\/wp-content\/uploads\/2013\/06\/media.jpg\"><img loading=\"lazy\" decoding=\"async\" class=\"aligncenter size-full wp-image-10203\" alt=\"media\" src=\"http:\/\/www.susannavaris.com\/blogg\/wp-content\/uploads\/2013\/06\/media.jpg\" width=\"1744\" height=\"1329\" srcset=\"http:\/\/www.susannavaris.com\/blogg\/wp-content\/uploads\/2013\/06\/media.jpg 1744w, http:\/\/www.susannavaris.com\/blogg\/wp-content\/uploads\/2013\/06\/media-300x228.jpg 300w, http:\/\/www.susannavaris.com\/blogg\/wp-content\/uploads\/2013\/06\/media-1024x780.jpg 1024w\" sizes=\"auto, (max-width: 1744px) 100vw, 1744px\" \/><\/a><\/p>\n<p>Det intressanta i sammanhanget \u00e4r som synes inte att kvinnor \u00e4r i majoritet i Reinfeldts regering. Det \u00e4r antagligen inte en passande vinkel. Mediebevakningen av regeringen fokuserar traditionellt mycket p\u00e5 vad stats- och finansminister g\u00f6r. Man kan ju st\u00e4lla sig fr\u00e5gan om det \u00e4r det som \u00e4r intressant, eller om n\u00e5got annat omr\u00e5de kanske borde bevakas mera, men nej, det enda som \u00e4r viktigt \u00e4r att det \u00e4r r\u00e4tt k\u00f6n p\u00e5 personen som bevakas. Artikeln \u00e4r dessutom skriven av tv\u00e5 kvinnliga journalister, Lena Hennel och Lova Olsson Vem riktar man sig till? \u00c4r man inte sj\u00e4lva del av den media som man h\u00e4r kritiserar?<\/p>\n<p>S\u00e5d\u00e4r&#8230;d\u00e5 var blodtrycktet och arbetstemperaturen uppe.<\/p>\n","protected":false},"excerpt":{"rendered":"<p>\u00a0Allen Jones sittskulptur; icke-godk\u00e4nd konst av DN Kultur Den fr\u00e5gan l\u00e4r man inte f\u00e5 svar p\u00e5 om man f\u00f6rlitar sig p\u00e5 DN Kultur som k\u00e4lla f\u00f6r information. Den minimerade privata sf\u00e4ren, det faktum att vi alla \u00e4r produkter p\u00e5 en &hellip; <a href=\"http:\/\/www.susannavaris.com\/blogg\/2013\/06\/vad-hander-i-kulturvarlden-egentligen\/\">Forts\u00e4tt l\u00e4sa <span class=\"meta-nav\">&rarr;<\/span><\/a><\/p>\n","protected":false},"author":1,"featured_media":0,"comment_status":"open","ping_status":"open","sticky":false,"template":"","format":"standard","meta":{"footnotes":""},"categories":[178,181,259,1321,1928,3,1162,589,1,590,303,889,4],"tags":[3218,2664,3219,175,2075,4900,4899,4903,17,3216,3217,234,1634,3215,1397,3220],"class_list":["post-10202","post","type-post","status-publish","format-standard","hentry","category-blodtryckshojare","category-feminism","category-genusvetenskap","category-jamstalldhet","category-journalistik","category-konst","category-kultur","category-medier","category-okategoriserade","category-politik","category-religion","category-teknik","category-utstallning","tag-allen-jones","tag-birgitta-rubin","tag-cesare-pagiotti","tag-dn","tag-dn-kultur","tag-feminism","tag-genus","tag-genusvetenskap","tag-konst-2","tag-lena-hennel","tag-lova-olsson","tag-moderna-museet","tag-pop-art","tag-popkonst","tag-serier","tag-sittskulptur"],"_links":{"self":[{"href":"http:\/\/www.susannavaris.com\/blogg\/wp-json\/wp\/v2\/posts\/10202","targetHints":{"allow":["GET"]}}],"collection":[{"href":"http:\/\/www.susannavaris.com\/blogg\/wp-json\/wp\/v2\/posts"}],"about":[{"href":"http:\/\/www.susannavaris.com\/blogg\/wp-json\/wp\/v2\/types\/post"}],"author":[{"embeddable":true,"href":"http:\/\/www.susannavaris.com\/blogg\/wp-json\/wp\/v2\/users\/1"}],"replies":[{"embeddable":true,"href":"http:\/\/www.susannavaris.com\/blogg\/wp-json\/wp\/v2\/comments?post=10202"}],"version-history":[{"count":7,"href":"http:\/\/www.susannavaris.com\/blogg\/wp-json\/wp\/v2\/posts\/10202\/revisions"}],"predecessor-version":[{"id":10209,"href":"http:\/\/www.susannavaris.com\/blogg\/wp-json\/wp\/v2\/posts\/10202\/revisions\/10209"}],"wp:attachment":[{"href":"http:\/\/www.susannavaris.com\/blogg\/wp-json\/wp\/v2\/media?parent=10202"}],"wp:term":[{"taxonomy":"category","embeddable":true,"href":"http:\/\/www.susannavaris.com\/blogg\/wp-json\/wp\/v2\/categories?post=10202"},{"taxonomy":"post_tag","embeddable":true,"href":"http:\/\/www.susannavaris.com\/blogg\/wp-json\/wp\/v2\/tags?post=10202"}],"curies":[{"name":"wp","href":"https:\/\/api.w.org\/{rel}","templated":true}]}}