{"id":10239,"date":"2013-07-05T14:09:07","date_gmt":"2013-07-05T12:09:07","guid":{"rendered":"http:\/\/www.susannavaris.com\/blogg\/?p=10239"},"modified":"2013-07-05T14:09:07","modified_gmt":"2013-07-05T12:09:07","slug":"konstnaren-makode-linde-misshandlad","status":"publish","type":"post","link":"http:\/\/www.susannavaris.com\/blogg\/2013\/07\/konstnaren-makode-linde-misshandlad\/","title":{"rendered":"Konstn\u00e4ren Makode Linde misshandlad"},"content":{"rendered":"<p>Expressen\u00a0<a href=\"http:\/\/www.expressen.se\/nyheter\/konstnaren-makode-linde-misshandlad\/\">ber\u00e4ttar<\/a>\u00a0om att Makode Linde, mest k\u00e4nd f\u00f6r sitt konstverk i t\u00e5rtform som bland andra kulturminister Lena Andersson Liljeroth <a href=\"http:\/\/www.susannavaris.com\/blogg\/2012\/04\/veckans-rasistiska-tarta\/\">bj\u00f6ds<\/a>\u00a0p\u00e5 p\u00e5 Kulturhuset, har blivit misshandlad av en man i Str\u00f6mstad. Av informationen att d\u00f6ma verkar det hela handla om hatbrott. Inskr\u00e4nktheten firar \u00e5ter nya triumfer.<\/p>\n","protected":false},"excerpt":{"rendered":"<p>Expressen\u00a0ber\u00e4ttar\u00a0om att Makode Linde, mest k\u00e4nd f\u00f6r sitt konstverk i t\u00e5rtform som bland andra kulturminister Lena Andersson Liljeroth bj\u00f6ds\u00a0p\u00e5 p\u00e5 Kulturhuset, har blivit misshandlad av en man i Str\u00f6mstad. Av informationen att d\u00f6ma verkar det hela handla om hatbrott. Inskr\u00e4nktheten &hellip; <a href=\"http:\/\/www.susannavaris.com\/blogg\/2013\/07\/konstnaren-makode-linde-misshandlad\/\">Forts\u00e4tt l\u00e4sa <span class=\"meta-nav\">&rarr;<\/span><\/a><\/p>\n","protected":false},"author":1,"featured_media":0,"comment_status":"open","ping_status":"open","sticky":false,"template":"","format":"standard","meta":{"footnotes":""},"categories":[3,1162,1,590],"tags":[3237,17,3238,1651,2495],"class_list":["post-10239","post","type-post","status-publish","format-standard","hentry","category-konst","category-kultur","category-okategoriserade","category-politik","tag-hatbrott","tag-konst-2","tag-konstnar","tag-makode-linde","tag-misshandel"],"_links":{"self":[{"href":"http:\/\/www.susannavaris.com\/blogg\/wp-json\/wp\/v2\/posts\/10239","targetHints":{"allow":["GET"]}}],"collection":[{"href":"http:\/\/www.susannavaris.com\/blogg\/wp-json\/wp\/v2\/posts"}],"about":[{"href":"http:\/\/www.susannavaris.com\/blogg\/wp-json\/wp\/v2\/types\/post"}],"author":[{"embeddable":true,"href":"http:\/\/www.susannavaris.com\/blogg\/wp-json\/wp\/v2\/users\/1"}],"replies":[{"embeddable":true,"href":"http:\/\/www.susannavaris.com\/blogg\/wp-json\/wp\/v2\/comments?post=10239"}],"version-history":[{"count":1,"href":"http:\/\/www.susannavaris.com\/blogg\/wp-json\/wp\/v2\/posts\/10239\/revisions"}],"predecessor-version":[{"id":10240,"href":"http:\/\/www.susannavaris.com\/blogg\/wp-json\/wp\/v2\/posts\/10239\/revisions\/10240"}],"wp:attachment":[{"href":"http:\/\/www.susannavaris.com\/blogg\/wp-json\/wp\/v2\/media?parent=10239"}],"wp:term":[{"taxonomy":"category","embeddable":true,"href":"http:\/\/www.susannavaris.com\/blogg\/wp-json\/wp\/v2\/categories?post=10239"},{"taxonomy":"post_tag","embeddable":true,"href":"http:\/\/www.susannavaris.com\/blogg\/wp-json\/wp\/v2\/tags?post=10239"}],"curies":[{"name":"wp","href":"https:\/\/api.w.org\/{rel}","templated":true}]}}