{"id":10281,"date":"2013-07-08T23:22:53","date_gmt":"2013-07-08T21:22:53","guid":{"rendered":"http:\/\/www.susannavaris.com\/blogg\/?p=10281"},"modified":"2013-07-08T23:23:30","modified_gmt":"2013-07-08T21:23:30","slug":"dn-kultur-fornekar-sig-inte","status":"publish","type":"post","link":"http:\/\/www.susannavaris.com\/blogg\/2013\/07\/dn-kultur-fornekar-sig-inte\/","title":{"rendered":"DN Kultur f\u00f6rnekar sig inte"},"content":{"rendered":"<p>Dagens misandriska tong\u00e5ngar i DN:<\/p>\n<p style=\"text-align: center;\"><a href=\"http:\/\/www.susannavaris.com\/blogg\/wp-content\/uploads\/2013\/07\/DSC_0210.jpg\"><img loading=\"lazy\" decoding=\"async\" class=\"aligncenter size-full wp-image-10282\" alt=\"DSC_0210\" src=\"http:\/\/www.susannavaris.com\/blogg\/wp-content\/uploads\/2013\/07\/DSC_0210.jpg\" width=\"1905\" height=\"554\" srcset=\"http:\/\/www.susannavaris.com\/blogg\/wp-content\/uploads\/2013\/07\/DSC_0210.jpg 1905w, http:\/\/www.susannavaris.com\/blogg\/wp-content\/uploads\/2013\/07\/DSC_0210-300x87.jpg 300w, http:\/\/www.susannavaris.com\/blogg\/wp-content\/uploads\/2013\/07\/DSC_0210-1024x297.jpg 1024w\" sizes=\"auto, (max-width: 1905px) 100vw, 1905px\" \/><\/a><em>\u00a0Faksimil fr\u00e5n DN<\/em><\/p>\n<p>Man, medk\u00e4nnande och m\u00e4nsklig. Varf\u00f6r en s\u00e5dan rubrik? \u00c4r det av nyhetsv\u00e4rde att en man \u00e4r medk\u00e4nnande och m\u00e4nsklig? DN Kultur spinner vidare p\u00e5 sin tveksamma manssyn.<\/p>\n<p>Sj\u00e4lva artikeln andas f\u00f6rakt mot m\u00e4n som uttrycker tankar om j\u00e4mst\u00e4lldhet och i DN Kulturs fall torde det inneb\u00e4ra de m\u00e4n som uttrycker feministiska tankar. F\u00f6r DN Kultur \u00e4r j\u00e4mst\u00e4lldhet samma sak som feminism.<\/p>\n<p>Delaney har f\u00f6rsvarat kvinnors r\u00e4tt till abort och passerar p\u00e5 s\u00e5 vis som en god feminist DN Kulturs \u00e5siktsfilter, dock med att man f\u00f6rst r\u00e4knar bort m\u00f6jligheten till &#8221;ideologiskt poserande&#8221;. (Intressant: har DN Kultur i Andreas Nordstr\u00f6ms skepnad m\u00e4rkt att vissa feministiska m\u00e4n inte \u00e4r helt \u00e4rliga i sin ideologiska \u00f6vertygelse?)<\/p>\n<p>Vad menar man med slutkommentaren &#8221;Det \u00e4r inte det s\u00e4msta&#8221;? Menar man fr\u00e5n Delaney? Eller menar man \u00f6verhuvudtaget fr\u00e5n en man?<\/p>\n<p>Deprimerande l\u00e4sning. Kiosken nere vid station har slutat s\u00e4lja tidningar. De inneb\u00e4r merarbete men mycket liten vinst. DN sj\u00e4lva har f\u00f6reslagit att jag ska sluta prenumerera p\u00e5 papperstidningen, eftersom utdelningen kostar s\u00e5 mycket. Jag kommer att \u00f6verg\u00e5 till enbart digital prenumeration. D\u00e4r hittar jag inte den h\u00e4r artikeln. Kanske kommer galenskapen att avveckla sig sj\u00e4lv.<\/p>\n","protected":false},"excerpt":{"rendered":"<p>Dagens misandriska tong\u00e5ngar i DN: \u00a0Faksimil fr\u00e5n DN Man, medk\u00e4nnande och m\u00e4nsklig. Varf\u00f6r en s\u00e5dan rubrik? \u00c4r det av nyhetsv\u00e4rde att en man \u00e4r medk\u00e4nnande och m\u00e4nsklig? DN Kultur spinner vidare p\u00e5 sin tveksamma manssyn. Sj\u00e4lva artikeln andas f\u00f6rakt mot &hellip; <a href=\"http:\/\/www.susannavaris.com\/blogg\/2013\/07\/dn-kultur-fornekar-sig-inte\/\">Forts\u00e4tt l\u00e4sa <span class=\"meta-nav\">&rarr;<\/span><\/a><\/p>\n","protected":false},"author":1,"featured_media":0,"comment_status":"open","ping_status":"open","sticky":false,"template":"","format":"standard","meta":{"footnotes":""},"categories":[181,1321,1928,1162,589,1,590,403,303],"tags":[3244,175,2075,4900,4918,2721,3245],"class_list":["post-10281","post","type-post","status-publish","format-standard","hentry","category-feminism","category-jamstalldhet","category-journalistik","category-kultur","category-medier","category-okategoriserade","category-politik","category-pseudovetenskap","category-religion","tag-andreas-nordstrom","tag-dn","tag-dn-kultur","tag-feminism","tag-jamstalldhet","tag-misandri","tag-rob-delaney"],"_links":{"self":[{"href":"http:\/\/www.susannavaris.com\/blogg\/wp-json\/wp\/v2\/posts\/10281","targetHints":{"allow":["GET"]}}],"collection":[{"href":"http:\/\/www.susannavaris.com\/blogg\/wp-json\/wp\/v2\/posts"}],"about":[{"href":"http:\/\/www.susannavaris.com\/blogg\/wp-json\/wp\/v2\/types\/post"}],"author":[{"embeddable":true,"href":"http:\/\/www.susannavaris.com\/blogg\/wp-json\/wp\/v2\/users\/1"}],"replies":[{"embeddable":true,"href":"http:\/\/www.susannavaris.com\/blogg\/wp-json\/wp\/v2\/comments?post=10281"}],"version-history":[{"count":2,"href":"http:\/\/www.susannavaris.com\/blogg\/wp-json\/wp\/v2\/posts\/10281\/revisions"}],"predecessor-version":[{"id":10284,"href":"http:\/\/www.susannavaris.com\/blogg\/wp-json\/wp\/v2\/posts\/10281\/revisions\/10284"}],"wp:attachment":[{"href":"http:\/\/www.susannavaris.com\/blogg\/wp-json\/wp\/v2\/media?parent=10281"}],"wp:term":[{"taxonomy":"category","embeddable":true,"href":"http:\/\/www.susannavaris.com\/blogg\/wp-json\/wp\/v2\/categories?post=10281"},{"taxonomy":"post_tag","embeddable":true,"href":"http:\/\/www.susannavaris.com\/blogg\/wp-json\/wp\/v2\/tags?post=10281"}],"curies":[{"name":"wp","href":"https:\/\/api.w.org\/{rel}","templated":true}]}}