{"id":10291,"date":"2013-07-15T17:55:36","date_gmt":"2013-07-15T15:55:36","guid":{"rendered":"http:\/\/www.susannavaris.com\/blogg\/?p=10291"},"modified":"2013-07-15T17:55:36","modified_gmt":"2013-07-15T15:55:36","slug":"aases-bidrag-till-misandrin","status":"publish","type":"post","link":"http:\/\/www.susannavaris.com\/blogg\/2013\/07\/aases-bidrag-till-misandrin\/","title":{"rendered":"Aases bidrag till misandrin"},"content":{"rendered":"<p>&#8230;idag p\u00e5 DN Kultur kan l\u00e4sas <a href=\"http:\/\/www.dn.se\/kultur-noje\/kulturdebatt\/dieselmannens-kroppar-invaderar-landet\/\">h\u00e4r<\/a>.<\/p>\n<blockquote><p>&#8221;G\u00e5 hem och lukta p\u00e5 din man, du kommer garanterat att hitta\u00a0 smygdiesel. Det \u00e4r inte bara lantm\u00e4nnens sj\u00e4lvbild vi beh\u00f6ver unders\u00f6ka.\u00a0 Det \u00e4r m\u00e4nnens.&#8221;<\/p><\/blockquote>\n<p>Jag f\u00f6rst\u00e5r inte riktigt vad det \u00e4r som Aase har problem med. \u00c4r det att lasset k\u00f6rs in smidigt, fort och utan \u00e5h\u00e4vor. \u00c4r det att Roger inte bryr sig om h\u00e4starna som st\u00e5r och glor? \u00c4r det dieseln? Vad i hela v\u00e4rlden \u00e4r problemet? Mer \u00e4n att Aase ogillar m\u00e4n och manlighet rent generellt.<\/p>\n<p>Aase kanske borde unders\u00f6ka sin egen sj\u00e4lvbild och sluta upp med att ta plats\u00a0i medierna\u00a0med sina misandriska alster.<\/p>\n","protected":false},"excerpt":{"rendered":"<p>&#8230;idag p\u00e5 DN Kultur kan l\u00e4sas h\u00e4r. &#8221;G\u00e5 hem och lukta p\u00e5 din man, du kommer garanterat att hitta\u00a0 smygdiesel. Det \u00e4r inte bara lantm\u00e4nnens sj\u00e4lvbild vi beh\u00f6ver unders\u00f6ka.\u00a0 Det \u00e4r m\u00e4nnens.&#8221; Jag f\u00f6rst\u00e5r inte riktigt vad det \u00e4r som &hellip; <a href=\"http:\/\/www.susannavaris.com\/blogg\/2013\/07\/aases-bidrag-till-misandrin\/\">Forts\u00e4tt l\u00e4sa <span class=\"meta-nav\">&rarr;<\/span><\/a><\/p>\n","protected":false},"author":1,"featured_media":0,"comment_status":"open","ping_status":"open","sticky":false,"template":"","format":"standard","meta":{"footnotes":""},"categories":[181,259,1321,1928,589,1,590],"tags":[1463,175,2075,4900,2721],"class_list":["post-10291","post","type-post","status-publish","format-standard","hentry","category-feminism","category-genusvetenskap","category-jamstalldhet","category-journalistik","category-medier","category-okategoriserade","category-politik","tag-aase-berg","tag-dn","tag-dn-kultur","tag-feminism","tag-misandri"],"_links":{"self":[{"href":"http:\/\/www.susannavaris.com\/blogg\/wp-json\/wp\/v2\/posts\/10291","targetHints":{"allow":["GET"]}}],"collection":[{"href":"http:\/\/www.susannavaris.com\/blogg\/wp-json\/wp\/v2\/posts"}],"about":[{"href":"http:\/\/www.susannavaris.com\/blogg\/wp-json\/wp\/v2\/types\/post"}],"author":[{"embeddable":true,"href":"http:\/\/www.susannavaris.com\/blogg\/wp-json\/wp\/v2\/users\/1"}],"replies":[{"embeddable":true,"href":"http:\/\/www.susannavaris.com\/blogg\/wp-json\/wp\/v2\/comments?post=10291"}],"version-history":[{"count":1,"href":"http:\/\/www.susannavaris.com\/blogg\/wp-json\/wp\/v2\/posts\/10291\/revisions"}],"predecessor-version":[{"id":10292,"href":"http:\/\/www.susannavaris.com\/blogg\/wp-json\/wp\/v2\/posts\/10291\/revisions\/10292"}],"wp:attachment":[{"href":"http:\/\/www.susannavaris.com\/blogg\/wp-json\/wp\/v2\/media?parent=10291"}],"wp:term":[{"taxonomy":"category","embeddable":true,"href":"http:\/\/www.susannavaris.com\/blogg\/wp-json\/wp\/v2\/categories?post=10291"},{"taxonomy":"post_tag","embeddable":true,"href":"http:\/\/www.susannavaris.com\/blogg\/wp-json\/wp\/v2\/tags?post=10291"}],"curies":[{"name":"wp","href":"https:\/\/api.w.org\/{rel}","templated":true}]}}