{"id":10317,"date":"2013-07-20T11:39:15","date_gmt":"2013-07-20T09:39:15","guid":{"rendered":"http:\/\/www.susannavaris.com\/blogg\/?p=10317"},"modified":"2013-07-20T11:39:15","modified_gmt":"2013-07-20T09:39:15","slug":"kollektiv-skuld","status":"publish","type":"post","link":"http:\/\/www.susannavaris.com\/blogg\/2013\/07\/kollektiv-skuld\/","title":{"rendered":"Kollektiv skuld"},"content":{"rendered":"<p>Jag brukar f\u00f6rs\u00f6ka att begr\u00e4nsa mig till Sverige n\u00e4r det g\u00e4ller \u00e4mnet feminism och den h\u00e4r politikern \u00e4r fr\u00e5n Italien. Av n\u00e5gon anledning k\u00e4nner dock Aftonbladets kultursida att citatet \u00e4r v\u00e4rt att publiceras, s\u00e5 jag tar upp den:<\/p>\n<p style=\"text-align: center;\"><a href=\"http:\/\/www.susannavaris.com\/blogg\/wp-content\/uploads\/2013\/07\/DSC_0219-50.jpg\"><img loading=\"lazy\" decoding=\"async\" class=\"aligncenter size-full wp-image-10318\" alt=\"DSC_0219-50\" src=\"http:\/\/www.susannavaris.com\/blogg\/wp-content\/uploads\/2013\/07\/DSC_0219-50.jpg\" width=\"1397\" height=\"1834\" srcset=\"http:\/\/www.susannavaris.com\/blogg\/wp-content\/uploads\/2013\/07\/DSC_0219-50.jpg 1397w, http:\/\/www.susannavaris.com\/blogg\/wp-content\/uploads\/2013\/07\/DSC_0219-50-228x300.jpg 228w, http:\/\/www.susannavaris.com\/blogg\/wp-content\/uploads\/2013\/07\/DSC_0219-50-780x1024.jpg 780w\" sizes=\"auto, (max-width: 1397px) 100vw, 1397px\" \/><\/a>\u00a0<em>Aftonbladet 130719<\/em><\/p>\n","protected":false},"excerpt":{"rendered":"<p>Jag brukar f\u00f6rs\u00f6ka att begr\u00e4nsa mig till Sverige n\u00e4r det g\u00e4ller \u00e4mnet feminism och den h\u00e4r politikern \u00e4r fr\u00e5n Italien. Av n\u00e5gon anledning k\u00e4nner dock Aftonbladets kultursida att citatet \u00e4r v\u00e4rt att publiceras, s\u00e5 jag tar upp den: \u00a0Aftonbladet 130719<\/p>\n","protected":false},"author":1,"featured_media":0,"comment_status":"open","ping_status":"open","sticky":false,"template":"","format":"standard","meta":{"footnotes":""},"categories":[181,1321,1928,589,1,590],"tags":[149,4900,4918,3265,1128,3264],"class_list":["post-10317","post","type-post","status-publish","format-standard","hentry","category-feminism","category-jamstalldhet","category-journalistik","category-medier","category-okategoriserade","category-politik","tag-aftonbladet","tag-feminism","tag-jamstalldhet","tag-kollektiv-skuld","tag-relationsvald","tag-valeria-fedeli"],"_links":{"self":[{"href":"http:\/\/www.susannavaris.com\/blogg\/wp-json\/wp\/v2\/posts\/10317","targetHints":{"allow":["GET"]}}],"collection":[{"href":"http:\/\/www.susannavaris.com\/blogg\/wp-json\/wp\/v2\/posts"}],"about":[{"href":"http:\/\/www.susannavaris.com\/blogg\/wp-json\/wp\/v2\/types\/post"}],"author":[{"embeddable":true,"href":"http:\/\/www.susannavaris.com\/blogg\/wp-json\/wp\/v2\/users\/1"}],"replies":[{"embeddable":true,"href":"http:\/\/www.susannavaris.com\/blogg\/wp-json\/wp\/v2\/comments?post=10317"}],"version-history":[{"count":1,"href":"http:\/\/www.susannavaris.com\/blogg\/wp-json\/wp\/v2\/posts\/10317\/revisions"}],"predecessor-version":[{"id":10319,"href":"http:\/\/www.susannavaris.com\/blogg\/wp-json\/wp\/v2\/posts\/10317\/revisions\/10319"}],"wp:attachment":[{"href":"http:\/\/www.susannavaris.com\/blogg\/wp-json\/wp\/v2\/media?parent=10317"}],"wp:term":[{"taxonomy":"category","embeddable":true,"href":"http:\/\/www.susannavaris.com\/blogg\/wp-json\/wp\/v2\/categories?post=10317"},{"taxonomy":"post_tag","embeddable":true,"href":"http:\/\/www.susannavaris.com\/blogg\/wp-json\/wp\/v2\/tags?post=10317"}],"curies":[{"name":"wp","href":"https:\/\/api.w.org\/{rel}","templated":true}]}}