{"id":10347,"date":"2013-07-21T11:22:45","date_gmt":"2013-07-21T09:22:45","guid":{"rendered":"http:\/\/www.susannavaris.com\/blogg\/?p=10347"},"modified":"2013-07-21T11:22:45","modified_gmt":"2013-07-21T09:22:45","slug":"apropa-kollektiv-identitet","status":"publish","type":"post","link":"http:\/\/www.susannavaris.com\/blogg\/2013\/07\/apropa-kollektiv-identitet\/","title":{"rendered":"Aprop\u00e5 kollektiv identitet"},"content":{"rendered":"<p>I dagens SvD <a href=\"http:\/\/www.svd.se\/opinion\/ledarsidan\/farlig-inflation-av-de-manskliga-rattigheterna_8363242.svd\">skriver<\/a>\u00a0Ivar Arpi intressant om vanskligheten med att tilldela m\u00e4nniskor r\u00e4ttigheter p\u00e5 grundval av deras kollektiva tillh\u00f6righet:<\/p>\n<blockquote><p>&#8221;De nya r\u00e4ttigheterna handlar om nya grupper som anses besitta r\u00e4ttigheter, som funktionshindrade, urbefolkningar och kvinnor. Men deras r\u00e4ttigheter t\u00e4cks som regel av redan existerande r\u00e4ttigheter. N\u00e4r gruppr\u00e4ttigheter delas signalerar det just att m\u00e4nskligheten inte \u00e4r en. Vissa grupper har r\u00e4tt till mer skydd \u00e4n andra. Det kr\u00e4nker den fundamentala principen om m\u00e4nsklighetens enhet, som hela id\u00e9n med de m\u00e4nskliga r\u00e4ttigheterna bygger p\u00e5.&#8221;<\/p><\/blockquote>\n<p>En mycket l\u00e4sv\u00e4rd artikel.<\/p>\n","protected":false},"excerpt":{"rendered":"<p>I dagens SvD skriver\u00a0Ivar Arpi intressant om vanskligheten med att tilldela m\u00e4nniskor r\u00e4ttigheter p\u00e5 grundval av deras kollektiva tillh\u00f6righet: &#8221;De nya r\u00e4ttigheterna handlar om nya grupper som anses besitta r\u00e4ttigheter, som funktionshindrade, urbefolkningar och kvinnor. Men deras r\u00e4ttigheter t\u00e4cks som &hellip; <a href=\"http:\/\/www.susannavaris.com\/blogg\/2013\/07\/apropa-kollektiv-identitet\/\">Forts\u00e4tt l\u00e4sa <span class=\"meta-nav\">&rarr;<\/span><\/a><\/p>\n","protected":false},"author":1,"featured_media":0,"comment_status":"open","ping_status":"open","sticky":false,"template":"","format":"standard","meta":{"footnotes":""},"categories":[181,3067,259,1321,1928,1162,1,590],"tags":[4900,4899,4903,3242,3278,3277,1368],"class_list":["post-10347","post","type-post","status-publish","format-standard","hentry","category-feminism","category-feminism-referensinlagg","category-genusvetenskap","category-jamstalldhet","category-journalistik","category-kultur","category-okategoriserade","category-politik","tag-feminism","tag-genus","tag-genusvetenskap","tag-ivar-arpi","tag-kollektiva-rattigheter","tag-manskliga-rattigheter","tag-rattigheter"],"_links":{"self":[{"href":"http:\/\/www.susannavaris.com\/blogg\/wp-json\/wp\/v2\/posts\/10347","targetHints":{"allow":["GET"]}}],"collection":[{"href":"http:\/\/www.susannavaris.com\/blogg\/wp-json\/wp\/v2\/posts"}],"about":[{"href":"http:\/\/www.susannavaris.com\/blogg\/wp-json\/wp\/v2\/types\/post"}],"author":[{"embeddable":true,"href":"http:\/\/www.susannavaris.com\/blogg\/wp-json\/wp\/v2\/users\/1"}],"replies":[{"embeddable":true,"href":"http:\/\/www.susannavaris.com\/blogg\/wp-json\/wp\/v2\/comments?post=10347"}],"version-history":[{"count":1,"href":"http:\/\/www.susannavaris.com\/blogg\/wp-json\/wp\/v2\/posts\/10347\/revisions"}],"predecessor-version":[{"id":10348,"href":"http:\/\/www.susannavaris.com\/blogg\/wp-json\/wp\/v2\/posts\/10347\/revisions\/10348"}],"wp:attachment":[{"href":"http:\/\/www.susannavaris.com\/blogg\/wp-json\/wp\/v2\/media?parent=10347"}],"wp:term":[{"taxonomy":"category","embeddable":true,"href":"http:\/\/www.susannavaris.com\/blogg\/wp-json\/wp\/v2\/categories?post=10347"},{"taxonomy":"post_tag","embeddable":true,"href":"http:\/\/www.susannavaris.com\/blogg\/wp-json\/wp\/v2\/tags?post=10347"}],"curies":[{"name":"wp","href":"https:\/\/api.w.org\/{rel}","templated":true}]}}