{"id":10388,"date":"2013-07-25T21:41:09","date_gmt":"2013-07-25T19:41:09","guid":{"rendered":"http:\/\/www.susannavaris.com\/blogg\/?p=10388"},"modified":"2013-07-25T21:44:21","modified_gmt":"2013-07-25T19:44:21","slug":"kansloforbud","status":"publish","type":"post","link":"http:\/\/www.susannavaris.com\/blogg\/2013\/07\/kansloforbud\/","title":{"rendered":"K\u00e4nslof\u00f6rbud"},"content":{"rendered":"<p style=\"text-align: center;\"><a href=\"http:\/\/www.susannavaris.com\/blogg\/wp-content\/uploads\/2013\/07\/ida_ali_.jpg\"><img loading=\"lazy\" decoding=\"async\" class=\"aligncenter size-full wp-image-10389\" alt=\"ida_ali_\" src=\"http:\/\/www.susannavaris.com\/blogg\/wp-content\/uploads\/2013\/07\/ida_ali_.jpg\" width=\"250\" height=\"276\" \/><\/a>\u00a0<em>Ida Ali-Lindqvist. Bild fr\u00e5n Bang<\/em><\/p>\n<p>Jag l\u00e4ser s\u00e4llan n\u00e5gonting som har med sport att g\u00f6ra, s\u00e5 denna <a href=\"http:\/\/genusleaks.wordpress.com\/2013\/07\/25\/kritik-mot-landslaget-samma-sak-som-sexistiskt-hat\/\">p\u00e4rla<\/a>\u00a0har jag hittat p\u00e5 <a href=\"http:\/\/genusleaks.wordpress.com\/\">Genusleaks<\/a>,\u00a0Maja Nordstr\u00f6m reagerar p\u00e5, lite oklart vad, i Folkbladet.nu.\u00a0 :<\/p>\n<blockquote><p>&#8221;De senaste dagarna har nyheter och media haft fullt upp med att f\u00f6rd\u00f6ma. Skarpast av alla \u00e4r Ida Ali-Lindqvist, sportredakt\u00f6r p\u00e5 Feministiskt perspektiv som har gjort en polisanm\u00e4lan under brottsrubriceringen st\u00f6rande av allm\u00e4n ordning. \u201dDet \u00e4r ett kvinnohat helt enkelt och vi m\u00e5ste b\u00f6rja anm\u00e4la s\u00e5na h\u00e4r saker. Vi m\u00e5ste f\u00e5 till st\u00e5nd en lag d\u00e4r det helt enkelt \u00e4r f\u00f6rbjudet att hata kvinnor.\u201d&#8221;<\/p><\/blockquote>\n<p>Nyheter och media har haft fullt upp att f\u00f6rd\u00f6ma n\u00e5gonting. Vad, framg\u00e5r inte. (Hon skriver om negativa attityder mot kvinnor som spelar fotboll innan och antagligen \u00e4r det det som nyheter och media har fullt upp med att f\u00f6rd\u00f6ma&#8230;eller?) Ida Ali-Lindqvist, sportredakt\u00f6r p\u00e5 feministiskt perspektiv, har polisanm\u00e4lt n\u00e5gonting som hon tycker \u00e4r st\u00f6rande av allm\u00e4n ordning. Vad, framg\u00e5r inte. Citatet talar d\u00e4remot om att Lindqvist vill f\u00e5 till st\u00e5nd en lag d\u00e4r det \u00e4r f\u00f6rbjudet att hata kvinnor. Hon vill allts\u00e5 lagstifta mot k\u00e4nslor?<\/p>\n<p>Jag letar upp Feministiskt perspektiv f\u00f6r att begripa vad det hela handlar om:<\/p>\n<blockquote><p>&#8221;En man p\u00e5 gatan spottade och kallade Ida Ali f\u00f6r utl\u00e4nningsfitta. Han hotade att vrida nacken av hennes hund. Hon valde att polisanm\u00e4la h\u00e4ndelsen.&#8221;<\/p><\/blockquote>\n<p>st\u00e5r det under en bildtext. Artikeln kan man bara l\u00e4sa om man \u00e4r inloggad. Att spotta p\u00e5 p\u00e5 n\u00e5gon p\u00e5 gatan kan s\u00e4kert klassas om n\u00e5gon form av brott och utl\u00e4nningsfitta \u00e4r ett rasistiskt tillm\u00e4le. Jag kan t\u00e4nka mig att att skrika det efter n\u00e5gon kan klassas som hatbrott.\u00a0Att hota vrida nacken av n\u00e5gons hund \u00e4r kanske att klassa som olaga hot? Jag \u00e4r inte jurist och kan inte bed\u00f6ma detta. Men enligt Ali-Lindqvist ska k\u00e4nslorna f\u00f6rbjudas. Ali-Lindqvist vill ocks\u00e5 att fler ska anm\u00e4la eftersom &#8221;statistiken p\u00e5 dessa brott m\u00e5ste \u00f6ka&#8221;, vilket i sig \u00e4r ett m\u00e4rkligt uttalande. Har det ett egenv\u00e4rde att statistiken p\u00e5 dessa brott \u00f6kar? (Antagligen \u00e4r det det; hos Feministiskt Perspektiv).<\/p>\n<p>Tillbaka till Nordstr\u00f6ms f\u00f6rvirrade artikel. \u00c4rligt talat s\u00e5 begriper jag inte mycket av denna s\u00f6rja av l\u00f6sryckta exempel, det sedvanliga hopklumpandet av antifeminism och kvinnohat och halmdockor:<\/p>\n<blockquote><p>&#8221;Oavsett vad vi tycker om det \u00e4r hemmafrutrenden bara ett epitet f\u00f6r en entrepren\u00f6r (som ofta tj\u00e4nar mer \u00e4n sin man).&#8221;<\/p><\/blockquote>\n<p>Eeh&#8230;? Hemmafrutrenden \u00e4r ett epitet f\u00f6r en entrepren\u00f6r. Epitetet\/hemmafrutrenden tj\u00e4nar dessutom oftast mer \u00e4n sin man&#8230;det blir bara mer och mer f\u00f6rbryllande.<\/p>\n<blockquote><p>&#8221;Tror kvinnohatare att m\u00e4n som \u00e4r hemma med sina barn kommer sluta n\u00e4r de v\u00e4l f\u00e5tt en sj\u00e4lvklar del av kakan?&#8221;<\/p><\/blockquote>\n<p>Sluta med vad? Att vara hemma med barn? Finns det kvinnohatare som fasar f\u00f6r att m\u00e4n inte ska vilja sluta vara hemma med sina barn? Jaha?<\/p>\n<blockquote><p>&#8221;S\u00e5 h\u00e4r ser f\u00f6r\u00e4ndring ut, den m\u00e5 g\u00f6ra ont f\u00f6r vissa, men n\u00e4r den v\u00e4l skett \u00e4r den en sj\u00e4lvklarhet.&#8221;<\/p><\/blockquote>\n<p>Menar Nordstr\u00f6m att varje f\u00f6r\u00e4ndring \u00e4r en sj\u00e4lvklarhet n\u00e4r den intr\u00e4ffat? Vad menar hon?<\/p>\n<blockquote><p>&#8221;Tr\u00e4naren f\u00f6r det handbollslag som var en av dem som spred hat i veckan sa att det var en kul grej, att han inte grubblade s\u00e5 mycket.<\/p>\n<p>Vad tror han? Ingen kommer b\u00f6rja tycka att det h\u00e4r \u00e4r kul. Folk \u00e4r asf\u00f6rbannade.<\/p>\n<p>Ni \u00e4r polisanm\u00e4lda och f\u00f6rhoppningsvis snart olagliga.&#8221;<\/p><\/blockquote>\n<p>Ali-Lindqvist vill kriminalisera k\u00e4nslor och Nordstr\u00f6m vill kriminalisera m\u00e4nniskor. J\u00f6sses amalia.<\/p>\n<p>&nbsp;<\/p>\n<p>&nbsp;<\/p>\n<p>&nbsp;<\/p>\n","protected":false},"excerpt":{"rendered":"<p>\u00a0Ida Ali-Lindqvist. Bild fr\u00e5n Bang Jag l\u00e4ser s\u00e4llan n\u00e5gonting som har med sport att g\u00f6ra, s\u00e5 denna p\u00e4rla\u00a0har jag hittat p\u00e5 Genusleaks,\u00a0Maja Nordstr\u00f6m reagerar p\u00e5, lite oklart vad, i Folkbladet.nu.\u00a0 : &#8221;De senaste dagarna har nyheter och media haft fullt &hellip; <a href=\"http:\/\/www.susannavaris.com\/blogg\/2013\/07\/kansloforbud\/\">Forts\u00e4tt l\u00e4sa <span class=\"meta-nav\">&rarr;<\/span><\/a><\/p>\n","protected":false},"author":1,"featured_media":0,"comment_status":"open","ping_status":"open","sticky":false,"template":"","format":"standard","meta":{"footnotes":""},"categories":[181,259,1321,1928,589,1,590],"tags":[3017,4900,1380,3300,1607,3298,2687,3299,108],"class_list":["post-10388","post","type-post","status-publish","format-standard","hentry","category-feminism","category-genusvetenskap","category-jamstalldhet","category-journalistik","category-medier","category-okategoriserade","category-politik","tag-antifeminism","tag-feminism","tag-feministiskt-perspektiv","tag-fotboll","tag-hat","tag-ida-ali-lindqvist","tag-kvinnohat","tag-maja-nordstrom","tag-sport"],"_links":{"self":[{"href":"http:\/\/www.susannavaris.com\/blogg\/wp-json\/wp\/v2\/posts\/10388","targetHints":{"allow":["GET"]}}],"collection":[{"href":"http:\/\/www.susannavaris.com\/blogg\/wp-json\/wp\/v2\/posts"}],"about":[{"href":"http:\/\/www.susannavaris.com\/blogg\/wp-json\/wp\/v2\/types\/post"}],"author":[{"embeddable":true,"href":"http:\/\/www.susannavaris.com\/blogg\/wp-json\/wp\/v2\/users\/1"}],"replies":[{"embeddable":true,"href":"http:\/\/www.susannavaris.com\/blogg\/wp-json\/wp\/v2\/comments?post=10388"}],"version-history":[{"count":2,"href":"http:\/\/www.susannavaris.com\/blogg\/wp-json\/wp\/v2\/posts\/10388\/revisions"}],"predecessor-version":[{"id":10391,"href":"http:\/\/www.susannavaris.com\/blogg\/wp-json\/wp\/v2\/posts\/10388\/revisions\/10391"}],"wp:attachment":[{"href":"http:\/\/www.susannavaris.com\/blogg\/wp-json\/wp\/v2\/media?parent=10388"}],"wp:term":[{"taxonomy":"category","embeddable":true,"href":"http:\/\/www.susannavaris.com\/blogg\/wp-json\/wp\/v2\/categories?post=10388"},{"taxonomy":"post_tag","embeddable":true,"href":"http:\/\/www.susannavaris.com\/blogg\/wp-json\/wp\/v2\/tags?post=10388"}],"curies":[{"name":"wp","href":"https:\/\/api.w.org\/{rel}","templated":true}]}}