{"id":10395,"date":"2013-07-28T21:21:49","date_gmt":"2013-07-28T19:21:49","guid":{"rendered":"http:\/\/www.susannavaris.com\/blogg\/?p=10395"},"modified":"2013-07-28T21:21:49","modified_gmt":"2013-07-28T19:21:49","slug":"utstallningsforberedelser","status":"publish","type":"post","link":"http:\/\/www.susannavaris.com\/blogg\/2013\/07\/utstallningsforberedelser\/","title":{"rendered":"Utst\u00e4llningsf\u00f6rberedelser"},"content":{"rendered":"<p>I fredags var jag och moderskan uppe hon ABA f\u00f6r att h\u00e4mta en del best\u00e4llningar jag gjort inf\u00f6r utst\u00e4llningen&#8230;<\/p>\n<p><a href=\"http:\/\/www.susannavaris.com\/blogg\/wp-content\/uploads\/2013\/07\/DSC_0227-50.jpg\"><img loading=\"lazy\" decoding=\"async\" class=\"aligncenter size-full wp-image-10396\" alt=\"DSC_0227-50\" src=\"http:\/\/www.susannavaris.com\/blogg\/wp-content\/uploads\/2013\/07\/DSC_0227-50.jpg\" width=\"2304\" height=\"1083\" srcset=\"http:\/\/www.susannavaris.com\/blogg\/wp-content\/uploads\/2013\/07\/DSC_0227-50.jpg 2304w, http:\/\/www.susannavaris.com\/blogg\/wp-content\/uploads\/2013\/07\/DSC_0227-50-300x141.jpg 300w, http:\/\/www.susannavaris.com\/blogg\/wp-content\/uploads\/2013\/07\/DSC_0227-50-1024x481.jpg 1024w\" sizes=\"auto, (max-width: 2304px) 100vw, 2304px\" \/><\/a> <a href=\"http:\/\/www.susannavaris.com\/blogg\/wp-content\/uploads\/2013\/07\/DSC_0228-501.jpg\"><img loading=\"lazy\" decoding=\"async\" class=\"aligncenter size-full wp-image-10397\" alt=\"DSC_0228-50\" src=\"http:\/\/www.susannavaris.com\/blogg\/wp-content\/uploads\/2013\/07\/DSC_0228-501.jpg\" width=\"2304\" height=\"1536\" srcset=\"http:\/\/www.susannavaris.com\/blogg\/wp-content\/uploads\/2013\/07\/DSC_0228-501.jpg 2304w, http:\/\/www.susannavaris.com\/blogg\/wp-content\/uploads\/2013\/07\/DSC_0228-501-300x200.jpg 300w, http:\/\/www.susannavaris.com\/blogg\/wp-content\/uploads\/2013\/07\/DSC_0228-501-1024x682.jpg 1024w\" sizes=\"auto, (max-width: 2304px) 100vw, 2304px\" \/><\/a>\u00a0Det blev ett g\u00e4ng affischer och fine art gicl\u00e9e-tryck p\u00e5 Marie Antoinette. Allt blev supersnyggt, Larsa \u00e4r en klippa. Han fixade \u00e4ven en stor affisch att anv\u00e4nda som fotobakgrund. Matton visade sig vara st\u00e4ngt pga sommar och det \u00e5terst\u00e5r en del saker att g\u00f6ra&#8230;uppladdningen \u00e4r i full g\u00e5ng.<\/p>\n","protected":false},"excerpt":{"rendered":"<p>I fredags var jag och moderskan uppe hon ABA f\u00f6r att h\u00e4mta en del best\u00e4llningar jag gjort inf\u00f6r utst\u00e4llningen&#8230; \u00a0Det blev ett g\u00e4ng affischer och fine art gicl\u00e9e-tryck p\u00e5 Marie Antoinette. Allt blev supersnyggt, Larsa \u00e4r en klippa. Han fixade &hellip; <a href=\"http:\/\/www.susannavaris.com\/blogg\/2013\/07\/utstallningsforberedelser\/\">Forts\u00e4tt l\u00e4sa <span class=\"meta-nav\">&rarr;<\/span><\/a><\/p>\n","protected":false},"author":1,"featured_media":0,"comment_status":"open","ping_status":"open","sticky":false,"template":"","format":"standard","meta":{"footnotes":""},"categories":[7,3,1162,415,1,2262,4],"tags":[643,972,17,3192,122],"class_list":["post-10395","post","type-post","status-publish","format-standard","hentry","category-egna-verk","category-konst","category-kultur","category-lowbrow","category-okategoriserade","category-pop-surrealism","category-utstallning","tag-aba","tag-fine-art-giclee","tag-konst-2","tag-marie-antoinette-with-the-exploding-pastry","tag-utstallning-2"],"_links":{"self":[{"href":"http:\/\/www.susannavaris.com\/blogg\/wp-json\/wp\/v2\/posts\/10395","targetHints":{"allow":["GET"]}}],"collection":[{"href":"http:\/\/www.susannavaris.com\/blogg\/wp-json\/wp\/v2\/posts"}],"about":[{"href":"http:\/\/www.susannavaris.com\/blogg\/wp-json\/wp\/v2\/types\/post"}],"author":[{"embeddable":true,"href":"http:\/\/www.susannavaris.com\/blogg\/wp-json\/wp\/v2\/users\/1"}],"replies":[{"embeddable":true,"href":"http:\/\/www.susannavaris.com\/blogg\/wp-json\/wp\/v2\/comments?post=10395"}],"version-history":[{"count":1,"href":"http:\/\/www.susannavaris.com\/blogg\/wp-json\/wp\/v2\/posts\/10395\/revisions"}],"predecessor-version":[{"id":10398,"href":"http:\/\/www.susannavaris.com\/blogg\/wp-json\/wp\/v2\/posts\/10395\/revisions\/10398"}],"wp:attachment":[{"href":"http:\/\/www.susannavaris.com\/blogg\/wp-json\/wp\/v2\/media?parent=10395"}],"wp:term":[{"taxonomy":"category","embeddable":true,"href":"http:\/\/www.susannavaris.com\/blogg\/wp-json\/wp\/v2\/categories?post=10395"},{"taxonomy":"post_tag","embeddable":true,"href":"http:\/\/www.susannavaris.com\/blogg\/wp-json\/wp\/v2\/tags?post=10395"}],"curies":[{"name":"wp","href":"https:\/\/api.w.org\/{rel}","templated":true}]}}