{"id":10408,"date":"2013-08-02T21:47:39","date_gmt":"2013-08-02T19:47:39","guid":{"rendered":"http:\/\/www.susannavaris.com\/blogg\/?p=10408"},"modified":"2013-08-02T21:51:15","modified_gmt":"2013-08-02T19:51:15","slug":"pre-vernissage-pa-adam-eve-and-marie-antoinette-galleri-t","status":"publish","type":"post","link":"http:\/\/www.susannavaris.com\/blogg\/2013\/08\/pre-vernissage-pa-adam-eve-and-marie-antoinette-galleri-t\/","title":{"rendered":"Pre-vernissage p\u00e5 Adam Eve and Marie Antoinette, Galleri T"},"content":{"rendered":"<p style=\"text-align: center;\"><a href=\"http:\/\/www.susannavaris.com\/blogg\/wp-content\/uploads\/2013\/08\/DSC_0231-50.jpg\"><img loading=\"lazy\" decoding=\"async\" class=\"aligncenter size-full wp-image-10426\" alt=\"DSC_0231-50\" src=\"http:\/\/www.susannavaris.com\/blogg\/wp-content\/uploads\/2013\/08\/DSC_0231-50.jpg\" width=\"1056\" height=\"877\" srcset=\"http:\/\/www.susannavaris.com\/blogg\/wp-content\/uploads\/2013\/08\/DSC_0231-50.jpg 1056w, http:\/\/www.susannavaris.com\/blogg\/wp-content\/uploads\/2013\/08\/DSC_0231-50-300x249.jpg 300w, http:\/\/www.susannavaris.com\/blogg\/wp-content\/uploads\/2013\/08\/DSC_0231-50-1024x850.jpg 1024w\" sizes=\"auto, (max-width: 1056px) 100vw, 1056px\" \/><\/a>\u00a0<em>DN idag<\/em><\/p>\n<p>Efter hundra tusen planeringsdetaljer klara var vi \u00e4ntligen p\u00e5 v\u00e4g mot Stockholm, Gamla stan, \u00d6sterl\u00e5nggatan 3 och Galleri T imorse. Dag D minus ett, dvs f\u00f6rvernissage, pre-vernissage-dagen. Utst\u00e4llningen skulle h\u00e4ngas och allt resterande inf\u00f6rskaffas&#8230;vid n\u00e5got tillf\u00e4lle borde affischering hinnas med&#8230;<\/p>\n<p>Bilder fr\u00e5n dagen:<\/p>\n<p><a href=\"http:\/\/www.susannavaris.com\/blogg\/wp-content\/uploads\/2013\/08\/994865_707400945939921_726873486_n.jpg\"><img loading=\"lazy\" decoding=\"async\" class=\"aligncenter size-full wp-image-10429\" alt=\"994865_707400945939921_726873486_n\" src=\"http:\/\/www.susannavaris.com\/blogg\/wp-content\/uploads\/2013\/08\/994865_707400945939921_726873486_n.jpg\" width=\"960\" height=\"720\" srcset=\"http:\/\/www.susannavaris.com\/blogg\/wp-content\/uploads\/2013\/08\/994865_707400945939921_726873486_n.jpg 960w, http:\/\/www.susannavaris.com\/blogg\/wp-content\/uploads\/2013\/08\/994865_707400945939921_726873486_n-300x225.jpg 300w\" sizes=\"auto, (max-width: 960px) 100vw, 960px\" \/><\/a><\/p>\n<p style=\"text-align: center;\"><a href=\"http:\/\/www.susannavaris.com\/blogg\/wp-content\/uploads\/2013\/08\/20130802_171528.jpg\"><img loading=\"lazy\" decoding=\"async\" class=\"aligncenter size-full wp-image-10409\" alt=\"20130802_171528\" src=\"http:\/\/www.susannavaris.com\/blogg\/wp-content\/uploads\/2013\/08\/20130802_171528.jpg\" width=\"2048\" height=\"1536\" srcset=\"http:\/\/www.susannavaris.com\/blogg\/wp-content\/uploads\/2013\/08\/20130802_171528.jpg 2048w, http:\/\/www.susannavaris.com\/blogg\/wp-content\/uploads\/2013\/08\/20130802_171528-300x225.jpg 300w, http:\/\/www.susannavaris.com\/blogg\/wp-content\/uploads\/2013\/08\/20130802_171528-1024x768.jpg 1024w\" sizes=\"auto, (max-width: 2048px) 100vw, 2048px\" \/><\/a>\u00a0<em>V\u00e4lkomna&#8230;<\/em><\/p>\n<p style=\"text-align: center;\"><a href=\"http:\/\/www.susannavaris.com\/blogg\/wp-content\/uploads\/2013\/08\/20130802_141223.jpg\"><img loading=\"lazy\" decoding=\"async\" class=\"aligncenter size-full wp-image-10410\" alt=\"20130802_141223\" src=\"http:\/\/www.susannavaris.com\/blogg\/wp-content\/uploads\/2013\/08\/20130802_141223.jpg\" width=\"2048\" height=\"1536\" srcset=\"http:\/\/www.susannavaris.com\/blogg\/wp-content\/uploads\/2013\/08\/20130802_141223.jpg 2048w, http:\/\/www.susannavaris.com\/blogg\/wp-content\/uploads\/2013\/08\/20130802_141223-300x225.jpg 300w, http:\/\/www.susannavaris.com\/blogg\/wp-content\/uploads\/2013\/08\/20130802_141223-1024x768.jpg 1024w\" sizes=\"auto, (max-width: 2048px) 100vw, 2048px\" \/><\/a> <a href=\"http:\/\/www.susannavaris.com\/blogg\/wp-content\/uploads\/2013\/08\/DSC_0229-1.jpg\"><img loading=\"lazy\" decoding=\"async\" class=\"aligncenter size-full wp-image-10411\" alt=\"DSC_0229-1\" src=\"http:\/\/www.susannavaris.com\/blogg\/wp-content\/uploads\/2013\/08\/DSC_0229-1.jpg\" width=\"1424\" height=\"2144\" srcset=\"http:\/\/www.susannavaris.com\/blogg\/wp-content\/uploads\/2013\/08\/DSC_0229-1.jpg 1424w, http:\/\/www.susannavaris.com\/blogg\/wp-content\/uploads\/2013\/08\/DSC_0229-1-199x300.jpg 199w, http:\/\/www.susannavaris.com\/blogg\/wp-content\/uploads\/2013\/08\/DSC_0229-1-680x1024.jpg 680w\" sizes=\"auto, (max-width: 1424px) 100vw, 1424px\" \/><\/a> <a href=\"http:\/\/www.susannavaris.com\/blogg\/wp-content\/uploads\/2013\/08\/DSC_0230-1.jpg\"><img loading=\"lazy\" decoding=\"async\" class=\"aligncenter size-full wp-image-10412\" alt=\"DSC_0230-1\" src=\"http:\/\/www.susannavaris.com\/blogg\/wp-content\/uploads\/2013\/08\/DSC_0230-1.jpg\" width=\"2144\" height=\"1424\" srcset=\"http:\/\/www.susannavaris.com\/blogg\/wp-content\/uploads\/2013\/08\/DSC_0230-1.jpg 2144w, http:\/\/www.susannavaris.com\/blogg\/wp-content\/uploads\/2013\/08\/DSC_0230-1-300x199.jpg 300w, http:\/\/www.susannavaris.com\/blogg\/wp-content\/uploads\/2013\/08\/DSC_0230-1-1024x680.jpg 1024w\" sizes=\"auto, (max-width: 2144px) 100vw, 2144px\" \/><\/a><em>\u00a0Freddy Soto med familj<\/em><\/p>\n<p style=\"text-align: center;\"><a href=\"http:\/\/www.susannavaris.com\/blogg\/wp-content\/uploads\/2013\/08\/DSC_0231-150.jpg\"><img loading=\"lazy\" decoding=\"async\" class=\"aligncenter size-full wp-image-10413\" alt=\"DSC_0231-150\" src=\"http:\/\/www.susannavaris.com\/blogg\/wp-content\/uploads\/2013\/08\/DSC_0231-150.jpg\" width=\"1424\" height=\"2144\" srcset=\"http:\/\/www.susannavaris.com\/blogg\/wp-content\/uploads\/2013\/08\/DSC_0231-150.jpg 1424w, http:\/\/www.susannavaris.com\/blogg\/wp-content\/uploads\/2013\/08\/DSC_0231-150-199x300.jpg 199w, http:\/\/www.susannavaris.com\/blogg\/wp-content\/uploads\/2013\/08\/DSC_0231-150-680x1024.jpg 680w\" sizes=\"auto, (max-width: 1424px) 100vw, 1424px\" \/><\/a> <a href=\"http:\/\/www.susannavaris.com\/blogg\/wp-content\/uploads\/2013\/08\/DSC_0232-50.jpg\"><img loading=\"lazy\" decoding=\"async\" class=\"aligncenter size-full wp-image-10414\" alt=\"DSC_0232-50\" src=\"http:\/\/www.susannavaris.com\/blogg\/wp-content\/uploads\/2013\/08\/DSC_0232-50.jpg\" width=\"2144\" height=\"1424\" srcset=\"http:\/\/www.susannavaris.com\/blogg\/wp-content\/uploads\/2013\/08\/DSC_0232-50.jpg 2144w, http:\/\/www.susannavaris.com\/blogg\/wp-content\/uploads\/2013\/08\/DSC_0232-50-300x199.jpg 300w, http:\/\/www.susannavaris.com\/blogg\/wp-content\/uploads\/2013\/08\/DSC_0232-50-1024x680.jpg 1024w\" sizes=\"auto, (max-width: 2144px) 100vw, 2144px\" \/><\/a> <a href=\"http:\/\/www.susannavaris.com\/blogg\/wp-content\/uploads\/2013\/08\/DSC_0233-50.jpg\"><img loading=\"lazy\" decoding=\"async\" class=\"aligncenter size-full wp-image-10415\" alt=\"DSC_0233-50\" src=\"http:\/\/www.susannavaris.com\/blogg\/wp-content\/uploads\/2013\/08\/DSC_0233-50.jpg\" width=\"1350\" height=\"2144\" srcset=\"http:\/\/www.susannavaris.com\/blogg\/wp-content\/uploads\/2013\/08\/DSC_0233-50.jpg 1350w, http:\/\/www.susannavaris.com\/blogg\/wp-content\/uploads\/2013\/08\/DSC_0233-50-188x300.jpg 188w, http:\/\/www.susannavaris.com\/blogg\/wp-content\/uploads\/2013\/08\/DSC_0233-50-644x1024.jpg 644w\" sizes=\"auto, (max-width: 1350px) 100vw, 1350px\" \/><\/a> <a href=\"http:\/\/www.susannavaris.com\/blogg\/wp-content\/uploads\/2013\/08\/DSC_0234-50.jpg\"><img loading=\"lazy\" decoding=\"async\" class=\"aligncenter size-full wp-image-10416\" alt=\"DSC_0234-50\" src=\"http:\/\/www.susannavaris.com\/blogg\/wp-content\/uploads\/2013\/08\/DSC_0234-50.jpg\" width=\"2144\" height=\"1424\" srcset=\"http:\/\/www.susannavaris.com\/blogg\/wp-content\/uploads\/2013\/08\/DSC_0234-50.jpg 2144w, http:\/\/www.susannavaris.com\/blogg\/wp-content\/uploads\/2013\/08\/DSC_0234-50-300x199.jpg 300w, http:\/\/www.susannavaris.com\/blogg\/wp-content\/uploads\/2013\/08\/DSC_0234-50-1024x680.jpg 1024w\" sizes=\"auto, (max-width: 2144px) 100vw, 2144px\" \/><\/a>\u00a0<em>Caj Cremer och Uffe<\/em><\/p>\n<p style=\"text-align: center;\"><a href=\"http:\/\/www.susannavaris.com\/blogg\/wp-content\/uploads\/2013\/08\/20130802_171726.jpg\"><img loading=\"lazy\" decoding=\"async\" class=\"aligncenter size-full wp-image-10417\" alt=\"20130802_171726\" src=\"http:\/\/www.susannavaris.com\/blogg\/wp-content\/uploads\/2013\/08\/20130802_171726.jpg\" width=\"2048\" height=\"1536\" srcset=\"http:\/\/www.susannavaris.com\/blogg\/wp-content\/uploads\/2013\/08\/20130802_171726.jpg 2048w, http:\/\/www.susannavaris.com\/blogg\/wp-content\/uploads\/2013\/08\/20130802_171726-300x225.jpg 300w, http:\/\/www.susannavaris.com\/blogg\/wp-content\/uploads\/2013\/08\/20130802_171726-1024x768.jpg 1024w\" sizes=\"auto, (max-width: 2048px) 100vw, 2048px\" \/><\/a> <a href=\"http:\/\/www.susannavaris.com\/blogg\/wp-content\/uploads\/2013\/08\/DSC_0235-50.jpg\"><img loading=\"lazy\" decoding=\"async\" class=\"aligncenter size-full wp-image-10418\" alt=\"DSC_0235-50\" src=\"http:\/\/www.susannavaris.com\/blogg\/wp-content\/uploads\/2013\/08\/DSC_0235-50.jpg\" width=\"1424\" height=\"2144\" srcset=\"http:\/\/www.susannavaris.com\/blogg\/wp-content\/uploads\/2013\/08\/DSC_0235-50.jpg 1424w, http:\/\/www.susannavaris.com\/blogg\/wp-content\/uploads\/2013\/08\/DSC_0235-50-199x300.jpg 199w, http:\/\/www.susannavaris.com\/blogg\/wp-content\/uploads\/2013\/08\/DSC_0235-50-680x1024.jpg 680w\" sizes=\"auto, (max-width: 1424px) 100vw, 1424px\" \/><\/a>\u00a0<a href=\"http:\/\/www.susannavaris.com\/blogg\/wp-content\/uploads\/2013\/08\/20130802_163558-adj.jpg\"><img loading=\"lazy\" decoding=\"async\" class=\"aligncenter size-full wp-image-10419\" alt=\"20130802_163558-adj\" src=\"http:\/\/www.susannavaris.com\/blogg\/wp-content\/uploads\/2013\/08\/20130802_163558-adj.jpg\" width=\"1412\" height=\"1313\" srcset=\"http:\/\/www.susannavaris.com\/blogg\/wp-content\/uploads\/2013\/08\/20130802_163558-adj.jpg 1412w, http:\/\/www.susannavaris.com\/blogg\/wp-content\/uploads\/2013\/08\/20130802_163558-adj-300x278.jpg 300w, http:\/\/www.susannavaris.com\/blogg\/wp-content\/uploads\/2013\/08\/20130802_163558-adj-1024x952.jpg 1024w\" sizes=\"auto, (max-width: 1412px) 100vw, 1412px\" \/><\/a>\u00a0<em>Vernissagehund<\/em><\/p>\n<p style=\"text-align: center;\"><a href=\"http:\/\/www.susannavaris.com\/blogg\/wp-content\/uploads\/2013\/08\/DSC_0236-50.jpg\"><img loading=\"lazy\" decoding=\"async\" class=\"aligncenter size-full wp-image-10420\" alt=\"DSC_0236-50\" src=\"http:\/\/www.susannavaris.com\/blogg\/wp-content\/uploads\/2013\/08\/DSC_0236-50.jpg\" width=\"1424\" height=\"2144\" srcset=\"http:\/\/www.susannavaris.com\/blogg\/wp-content\/uploads\/2013\/08\/DSC_0236-50.jpg 1424w, http:\/\/www.susannavaris.com\/blogg\/wp-content\/uploads\/2013\/08\/DSC_0236-50-199x300.jpg 199w, http:\/\/www.susannavaris.com\/blogg\/wp-content\/uploads\/2013\/08\/DSC_0236-50-680x1024.jpg 680w\" sizes=\"auto, (max-width: 1424px) 100vw, 1424px\" \/><\/a>\u00a0<em>Moderskan<\/em><\/p>\n<p style=\"text-align: center;\"><a href=\"http:\/\/www.susannavaris.com\/blogg\/wp-content\/uploads\/2013\/08\/DSC_0237-50.jpg\"><img loading=\"lazy\" decoding=\"async\" class=\"aligncenter size-full wp-image-10421\" alt=\"DSC_0237-50\" src=\"http:\/\/www.susannavaris.com\/blogg\/wp-content\/uploads\/2013\/08\/DSC_0237-50.jpg\" width=\"1424\" height=\"2144\" srcset=\"http:\/\/www.susannavaris.com\/blogg\/wp-content\/uploads\/2013\/08\/DSC_0237-50.jpg 1424w, http:\/\/www.susannavaris.com\/blogg\/wp-content\/uploads\/2013\/08\/DSC_0237-50-199x300.jpg 199w, http:\/\/www.susannavaris.com\/blogg\/wp-content\/uploads\/2013\/08\/DSC_0237-50-680x1024.jpg 680w\" sizes=\"auto, (max-width: 1424px) 100vw, 1424px\" \/><\/a>\u00a0<em>Kaj Cremer<\/em><\/p>\n<p style=\"text-align: center;\"><a href=\"http:\/\/www.susannavaris.com\/blogg\/wp-content\/uploads\/2013\/08\/DSC_0238-50.jpg\"><img loading=\"lazy\" decoding=\"async\" class=\"aligncenter size-full wp-image-10422\" alt=\"DSC_0238-50\" src=\"http:\/\/www.susannavaris.com\/blogg\/wp-content\/uploads\/2013\/08\/DSC_0238-50.jpg\" width=\"1424\" height=\"2144\" srcset=\"http:\/\/www.susannavaris.com\/blogg\/wp-content\/uploads\/2013\/08\/DSC_0238-50.jpg 1424w, http:\/\/www.susannavaris.com\/blogg\/wp-content\/uploads\/2013\/08\/DSC_0238-50-199x300.jpg 199w, http:\/\/www.susannavaris.com\/blogg\/wp-content\/uploads\/2013\/08\/DSC_0238-50-680x1024.jpg 680w\" sizes=\"auto, (max-width: 1424px) 100vw, 1424px\" \/><\/a><em>Jag&#8230;<\/em><\/p>\n<p style=\"text-align: center;\"><a href=\"http:\/\/www.susannavaris.com\/blogg\/wp-content\/uploads\/2013\/08\/DSC_0239-50.jpg\"><img loading=\"lazy\" decoding=\"async\" class=\"aligncenter size-full wp-image-10423\" alt=\"DSC_0239-50\" src=\"http:\/\/www.susannavaris.com\/blogg\/wp-content\/uploads\/2013\/08\/DSC_0239-50.jpg\" width=\"1424\" height=\"2144\" srcset=\"http:\/\/www.susannavaris.com\/blogg\/wp-content\/uploads\/2013\/08\/DSC_0239-50.jpg 1424w, http:\/\/www.susannavaris.com\/blogg\/wp-content\/uploads\/2013\/08\/DSC_0239-50-199x300.jpg 199w, http:\/\/www.susannavaris.com\/blogg\/wp-content\/uploads\/2013\/08\/DSC_0239-50-680x1024.jpg 680w\" sizes=\"auto, (max-width: 1424px) 100vw, 1424px\" \/><\/a>\u00a0<em>Galleri\u00e4garen Bertil Eriksson<\/em><\/p>\n<p style=\"text-align: center;\"><a href=\"http:\/\/www.susannavaris.com\/blogg\/wp-content\/uploads\/2013\/08\/DSC_0240-50.jpg\"><img loading=\"lazy\" decoding=\"async\" class=\"aligncenter size-full wp-image-10424\" alt=\"DSC_0240-50\" src=\"http:\/\/www.susannavaris.com\/blogg\/wp-content\/uploads\/2013\/08\/DSC_0240-50.jpg\" width=\"1940\" height=\"1415\" srcset=\"http:\/\/www.susannavaris.com\/blogg\/wp-content\/uploads\/2013\/08\/DSC_0240-50.jpg 1940w, http:\/\/www.susannavaris.com\/blogg\/wp-content\/uploads\/2013\/08\/DSC_0240-50-300x218.jpg 300w, http:\/\/www.susannavaris.com\/blogg\/wp-content\/uploads\/2013\/08\/DSC_0240-50-1024x746.jpg 1024w\" sizes=\"auto, (max-width: 1940px) 100vw, 1940px\" \/><\/a>\u00a0<em>Veronica Bj\u00f6rling, Cecilia Hansson och Ingela Lange<\/em><\/p>\n<p style=\"text-align: center;\"><a href=\"http:\/\/www.susannavaris.com\/blogg\/wp-content\/uploads\/2013\/08\/DSC_0247-50.jpg\"><img loading=\"lazy\" decoding=\"async\" class=\"aligncenter size-full wp-image-10425\" alt=\"DSC_0247-50\" src=\"http:\/\/www.susannavaris.com\/blogg\/wp-content\/uploads\/2013\/08\/DSC_0247-50.jpg\" width=\"1424\" height=\"2144\" srcset=\"http:\/\/www.susannavaris.com\/blogg\/wp-content\/uploads\/2013\/08\/DSC_0247-50.jpg 1424w, http:\/\/www.susannavaris.com\/blogg\/wp-content\/uploads\/2013\/08\/DSC_0247-50-199x300.jpg 199w, http:\/\/www.susannavaris.com\/blogg\/wp-content\/uploads\/2013\/08\/DSC_0247-50-680x1024.jpg 680w\" sizes=\"auto, (max-width: 1424px) 100vw, 1424px\" \/><\/a>\u00a0<em>Anna Brodow-Inzaina, konsthistoriker och -kritiker p\u00e5 bl a SvD, Paletten m fl\u00a0<\/em><\/p>\n<p style=\"text-align: left;\">Dagen har varit mycket lyckad. H\u00e4ngningen gick som en dans och sedan har folk kommit och g\u00e5tt mest hela tiden. En del f\u00f6rs\u00e4ljning blev det till och med, trots att utst\u00e4llningen inte ens \u00e4r officiellt \u00f6ppnad (s\u00e5 inga original \u00e4n s\u00e5 l\u00e4nge). Den riktiga \u00f6ppningen blir imorgon. Det har varit fantastiskt roligt och jag tackar alla inblandade varmt!<\/p>\n","protected":false},"excerpt":{"rendered":"<p>\u00a0DN idag Efter hundra tusen planeringsdetaljer klara var vi \u00e4ntligen p\u00e5 v\u00e4g mot Stockholm, Gamla stan, \u00d6sterl\u00e5nggatan 3 och Galleri T imorse. Dag D minus ett, dvs f\u00f6rvernissage, pre-vernissage-dagen. Utst\u00e4llningen skulle h\u00e4ngas och allt resterande inf\u00f6rskaffas&#8230;vid n\u00e5got tillf\u00e4lle borde affischering &hellip; <a href=\"http:\/\/www.susannavaris.com\/blogg\/2013\/08\/pre-vernissage-pa-adam-eve-and-marie-antoinette-galleri-t\/\">Forts\u00e4tt l\u00e4sa <span class=\"meta-nav\">&rarr;<\/span><\/a><\/p>\n","protected":false},"author":1,"featured_media":0,"comment_status":"open","ping_status":"open","sticky":false,"template":"","format":"standard","meta":{"footnotes":""},"categories":[7,555,1293,3,1162,415,1,2262,4],"tags":[3072,1555,3306,3310,3307,1233,3311,3308,17,4907,4924,122,3309],"class_list":["post-10408","post","type-post","status-publish","format-standard","hentry","category-egna-verk","category-events","category-galleri-t-2","category-konst","category-kultur","category-lowbrow","category-okategoriserade","category-pop-surrealism","category-utstallning","tag-adam-eve-marie-antoinette","tag-anna-brodow-inzania","tag-bertil-eriksson","tag-cecilia-hansson","tag-freddy-soto","tag-galleri-t","tag-ingela-lange","tag-kaj-cremer","tag-konst-2","tag-lowbrow","tag-pop-surrealism","tag-utstallning-2","tag-veronica-bjorling"],"_links":{"self":[{"href":"http:\/\/www.susannavaris.com\/blogg\/wp-json\/wp\/v2\/posts\/10408","targetHints":{"allow":["GET"]}}],"collection":[{"href":"http:\/\/www.susannavaris.com\/blogg\/wp-json\/wp\/v2\/posts"}],"about":[{"href":"http:\/\/www.susannavaris.com\/blogg\/wp-json\/wp\/v2\/types\/post"}],"author":[{"embeddable":true,"href":"http:\/\/www.susannavaris.com\/blogg\/wp-json\/wp\/v2\/users\/1"}],"replies":[{"embeddable":true,"href":"http:\/\/www.susannavaris.com\/blogg\/wp-json\/wp\/v2\/comments?post=10408"}],"version-history":[{"count":3,"href":"http:\/\/www.susannavaris.com\/blogg\/wp-json\/wp\/v2\/posts\/10408\/revisions"}],"predecessor-version":[{"id":10428,"href":"http:\/\/www.susannavaris.com\/blogg\/wp-json\/wp\/v2\/posts\/10408\/revisions\/10428"}],"wp:attachment":[{"href":"http:\/\/www.susannavaris.com\/blogg\/wp-json\/wp\/v2\/media?parent=10408"}],"wp:term":[{"taxonomy":"category","embeddable":true,"href":"http:\/\/www.susannavaris.com\/blogg\/wp-json\/wp\/v2\/categories?post=10408"},{"taxonomy":"post_tag","embeddable":true,"href":"http:\/\/www.susannavaris.com\/blogg\/wp-json\/wp\/v2\/tags?post=10408"}],"curies":[{"name":"wp","href":"https:\/\/api.w.org\/{rel}","templated":true}]}}