{"id":10432,"date":"2013-08-03T10:11:08","date_gmt":"2013-08-03T08:11:08","guid":{"rendered":"http:\/\/www.susannavaris.com\/blogg\/?p=10432"},"modified":"2013-08-14T23:15:11","modified_gmt":"2013-08-14T21:15:11","slug":"vernissage-idag-valkomna","status":"publish","type":"post","link":"http:\/\/www.susannavaris.com\/blogg\/2013\/08\/vernissage-idag-valkomna\/","title":{"rendered":"Vernissage idag, v\u00e4lkomna!"},"content":{"rendered":"<p style=\"text-align: center;\">Idag \u00e4r det vernissage! V\u00e4lkomna! Vernissage today, welcome!<\/p>\n<p style=\"text-align: center;\">kl 14 &#8211; 20<\/p>\n<p style=\"text-align: center;\">Galleri T, \u00d6sterl\u00e5nggatan 3, Stockholm<\/p>\n<p style=\"text-align: center;\"><a href=\"http:\/\/www.susannavaris.com\/blogg\/wp-content\/uploads\/2013\/08\/Vernissage-1.png\"><img loading=\"lazy\" decoding=\"async\" class=\"aligncenter size-full wp-image-10433\" alt=\"Vernissage-1\" src=\"http:\/\/www.susannavaris.com\/blogg\/wp-content\/uploads\/2013\/08\/Vernissage-1.png\" width=\"700\" height=\"1000\" srcset=\"http:\/\/www.susannavaris.com\/blogg\/wp-content\/uploads\/2013\/08\/Vernissage-1.png 700w, http:\/\/www.susannavaris.com\/blogg\/wp-content\/uploads\/2013\/08\/Vernissage-1-210x300.png 210w\" sizes=\"auto, (max-width: 700px) 100vw, 700px\" \/><\/a><\/p>\n<p style=\"text-align: center;\"><a href=\"http:\/\/www.susannavaris.com\/blogg\/wp-content\/uploads\/2013\/08\/vernissage-baksida2.png\"><img loading=\"lazy\" decoding=\"async\" class=\"aligncenter size-full wp-image-10434\" alt=\"vernissage-baksida2\" src=\"http:\/\/www.susannavaris.com\/blogg\/wp-content\/uploads\/2013\/08\/vernissage-baksida2.png\" width=\"700\" height=\"1000\" srcset=\"http:\/\/www.susannavaris.com\/blogg\/wp-content\/uploads\/2013\/08\/vernissage-baksida2.png 700w, http:\/\/www.susannavaris.com\/blogg\/wp-content\/uploads\/2013\/08\/vernissage-baksida2-210x300.png 210w\" sizes=\"auto, (max-width: 700px) 100vw, 700px\" \/><\/a><\/p>\n<p style=\"text-align: center;\">Anna Brodow Inzaina skriver:<\/p>\n<p>L\u00e4nge hade jag Susanna\u2019s Crowbar i min lista \u00f6ver l\u00e4sv\u00e4rda bloggar utan att jag visste vem Susanna var. F\u00f6rmodligen hade jag hittat till den via n\u00e5gon artikel i <i>Dagens Nyheter<\/i> eller <i>Svenska Dagbladet<\/i>. Vad hon skrev om d\u00e5 n\u00e4r jag lade till bloggen minns jag inte, bara att hennes lediga spr\u00e5k och klara argumentation stack ut fr\u00e5n m\u00e4ngden. Hon var en driven skribent, n\u00e5got som jag, efter ganska m\u00e5nga \u00e5r som kritiker och redakt\u00f6r, ser med en g\u00e5ng.<\/p>\n<p>Jag minns att jag hajade till inf\u00f6r hennes presentation av sig sj\u00e4lv: \u201dutbildad civilingenj\u00f6r p\u00e5 KTH, anst\u00e4lld inom j\u00e4rnv\u00e4gen och arbetar ocks\u00e5 som freelance-konstn\u00e4r\u201d. Inte direkt en presentation av n\u00e5gon med en position inom kultur- och mediasf\u00e4ren! Vem var denna Susanna Varis? Jag blev allt mer nyfiken och tog p\u00e5 bloggen del av ett modigt och skarpsinnigt brottande med genusteorier, genushysterier och allehanda tokerier som v\u00e5ra dagstidningars kultursidor \u00e4r fyllda av.<\/p>\n<p>Det \u00e4r mycket sv\u00e5rt, f\u00f6r att inte s\u00e4ga om\u00f6jligt, att ta sig in i den slutna v\u00e4rld som kallas konstv\u00e4rlden om man inte har en formell utbildning vid n\u00e5gon konsth\u00f6gskola och ett kontaktn\u00e4t som b\u00e4r fram en konstn\u00e4rsadept. Jag ser Susanna Varis kvaliteter som konstn\u00e4r fr\u00e4mst i egenskap av <i>amat\u00f6r <\/i>\u2013 i ursprunglig mening en som \u00e4lskar \u2013 \u00e4ven om den genre hon verkar i ocks\u00e5 kallas popsurrealism och <i>low brow<\/i>, allts\u00e5 en medveten form av motst\u00e5nd mot konstv\u00e4rldens alla hierarkier och genrebest\u00e4mningar.<\/p>\n<p><a name=\"_GoBack\"><\/a>Oavsett om en konstn\u00e4r \u00e4r amat\u00f6r eller professionell avsl\u00f6jar handlaget i m\u00e5leriet kvaliteter som vem som helst kan k\u00e4nna och se. Precis som Susanna Varis texter vittnar om en sammansatt person med en underliggande str\u00f6m av aggressivitet och styrka under den blida ytan, finns det i hennes m\u00e5leri en kraftfullhet som tyglas och kontrolleras av akvarellpenselns fina drag.<\/p>\n<p>Just nu experimenterar hon med kollage, en teknik som ger m\u00f6jlighet att fylla bilden med inneh\u00e5ll. Adam, Eva och Marie Antoinette \u00e4r ikoniska gestalter som i denna utst\u00e4llning tumlar runt i nutidens konsumtionshets, k\u00e4ndiskult och desperata s\u00f6kande efter identitet.<\/p>\n<p>Anna Brodow Inzaina<\/p>\n<p>Skribent och redakt\u00f6r<\/p>\n<p>&nbsp;<\/p>\n<p>&nbsp;<\/p>\n<p>&nbsp;<\/p>\n<p>&nbsp;<\/p>\n<p>&nbsp;<\/p>\n<p><span style=\"font-family: 'Times New Roman', serif;\"><span style=\"font-size: medium;\">\u00a0<\/span><\/span><\/p>\n<p>&nbsp;<\/p>\n<p>&nbsp;<\/p>\n","protected":false},"excerpt":{"rendered":"<p>Idag \u00e4r det vernissage! V\u00e4lkomna! Vernissage today, welcome! kl 14 &#8211; 20 Galleri T, \u00d6sterl\u00e5nggatan 3, Stockholm Anna Brodow Inzaina skriver: L\u00e4nge hade jag Susanna\u2019s Crowbar i min lista \u00f6ver l\u00e4sv\u00e4rda bloggar utan att jag visste vem Susanna var. F\u00f6rmodligen &hellip; <a href=\"http:\/\/www.susannavaris.com\/blogg\/2013\/08\/vernissage-idag-valkomna\/\">Forts\u00e4tt l\u00e4sa <span class=\"meta-nav\">&rarr;<\/span><\/a><\/p>\n","protected":false},"author":1,"featured_media":0,"comment_status":"open","ping_status":"open","sticky":false,"template":"","format":"standard","meta":{"footnotes":""},"categories":[7,555,1928,3,1162,415,1,2262,4],"tags":[3072,3183,1555,1233,476],"class_list":["post-10432","post","type-post","status-publish","format-standard","hentry","category-egna-verk","category-events","category-journalistik","category-konst","category-kultur","category-lowbrow","category-okategoriserade","category-pop-surrealism","category-utstallning","tag-adam-eve-marie-antoinette","tag-adam-eve-and-marie-antoinette","tag-anna-brodow-inzania","tag-galleri-t","tag-vernissage"],"_links":{"self":[{"href":"http:\/\/www.susannavaris.com\/blogg\/wp-json\/wp\/v2\/posts\/10432","targetHints":{"allow":["GET"]}}],"collection":[{"href":"http:\/\/www.susannavaris.com\/blogg\/wp-json\/wp\/v2\/posts"}],"about":[{"href":"http:\/\/www.susannavaris.com\/blogg\/wp-json\/wp\/v2\/types\/post"}],"author":[{"embeddable":true,"href":"http:\/\/www.susannavaris.com\/blogg\/wp-json\/wp\/v2\/users\/1"}],"replies":[{"embeddable":true,"href":"http:\/\/www.susannavaris.com\/blogg\/wp-json\/wp\/v2\/comments?post=10432"}],"version-history":[{"count":5,"href":"http:\/\/www.susannavaris.com\/blogg\/wp-json\/wp\/v2\/posts\/10432\/revisions"}],"predecessor-version":[{"id":10576,"href":"http:\/\/www.susannavaris.com\/blogg\/wp-json\/wp\/v2\/posts\/10432\/revisions\/10576"}],"wp:attachment":[{"href":"http:\/\/www.susannavaris.com\/blogg\/wp-json\/wp\/v2\/media?parent=10432"}],"wp:term":[{"taxonomy":"category","embeddable":true,"href":"http:\/\/www.susannavaris.com\/blogg\/wp-json\/wp\/v2\/categories?post=10432"},{"taxonomy":"post_tag","embeddable":true,"href":"http:\/\/www.susannavaris.com\/blogg\/wp-json\/wp\/v2\/tags?post=10432"}],"curies":[{"name":"wp","href":"https:\/\/api.w.org\/{rel}","templated":true}]}}