{"id":10531,"date":"2013-08-11T23:31:52","date_gmt":"2013-08-11T21:31:52","guid":{"rendered":"http:\/\/www.susannavaris.com\/blogg\/?p=10531"},"modified":"2013-08-11T23:33:19","modified_gmt":"2013-08-11T21:33:19","slug":"semester-2","status":"publish","type":"post","link":"http:\/\/www.susannavaris.com\/blogg\/2013\/08\/semester-2\/","title":{"rendered":"Semester!"},"content":{"rendered":"<p style=\"text-align: center;\"><a href=\"http:\/\/www.susannavaris.com\/blogg\/wp-content\/uploads\/2013\/08\/20130809_165008-crop.jpg\"><img loading=\"lazy\" decoding=\"async\" class=\"aligncenter size-full wp-image-10532\" alt=\"20130809_165008-crop\" src=\"http:\/\/www.susannavaris.com\/blogg\/wp-content\/uploads\/2013\/08\/20130809_165008-crop.jpg\" width=\"969\" height=\"858\" srcset=\"http:\/\/www.susannavaris.com\/blogg\/wp-content\/uploads\/2013\/08\/20130809_165008-crop.jpg 969w, http:\/\/www.susannavaris.com\/blogg\/wp-content\/uploads\/2013\/08\/20130809_165008-crop-300x265.jpg 300w\" sizes=\"auto, (max-width: 969px) 100vw, 969px\" \/><\/a>\u00a0<em>N\u00f6jd delfin med en glad fisk inuti&#8230;\u00e4r det inte? (Bilden har f\u00f6r \u00f6vrigt inget med texten att g\u00f6ra&#8230;)<\/em><\/p>\n<p>\u00c4ntligen \u00e4r det semester! jag uth\u00e4rdade sista dagen p\u00e5 l\u00f6nearbetet med hj\u00e4lp av massiva m\u00e4ngder kaffe och onyttigheter samt en bok om Erzseb\u00e9t B\u00e1thory, grevinnan som vanligen kopplas ihop med lustmord p\u00e5 jungfrur och blodbad som sk\u00f6nhetsmedel. Fascinerande historia fr\u00e5n en turbulent tid i den europeiska historian f\u00f6rresten och verkar av allt att d\u00f6ma kunna vara en h\u00e4xprocess och inte mycket annat&#8230;<\/p>\n<p>De senaste veckorna har varit rena cirkusen av arbete och annat och jag har, som ni m\u00e4rkt, inte hunnit blogga s\u00e4rskilt mycket. M\u00f6jligen kommer jag att kunna r\u00e5da bot p\u00e5 detta nu p\u00e5 semestern, men jag kommer nog ocks\u00e5 att ha en del bloggfria perioder.<\/p>\n<p>Utst\u00e4llningen var en fest och jag fick s\u00e5 mycket feedback p\u00e5 min konst att jag \u00e4r helt vimmelkantig. Det var roligt att se att m\u00e4nniskor hade sina egna favoriter, dvs att olika tavlor uppskattades av olika m\u00e4nniskor. Den bl\u00e5 ballerinan var f\u00f6rst\u00e5s i en klass f\u00f6r sig ang\u00e5ende popularitet och en hel del fine art gicl\u00e9e-tryck gick \u00e5t. Jag tror att en ny inriktning b\u00f6rjar forma sig f\u00f6r min konst. Jag kommer nog att mera satsa p\u00e5 m\u00e5leri. Mixed media-alstren kommer s\u00e4kert att finnas med ocks\u00e5&#8230;de \u00e4r s\u00e5 roliga att arbeta med. Skr\u00e4cken har redan b\u00f6rjat vika undan och det kommer nog att mera bli sm\u00e5kusligt eller mystiskt i framtiden&#8230;vi f\u00e5r v\u00e4l se.<\/p>\n<p>F\u00f6rst m\u00e5ste stressen ner p\u00e5 en hanterbar niv\u00e5. L\u00e4ttare sagt \u00e4n gjort n\u00e4r semesterplaneringen spruckit en smula p\u00e5 grund av sjukdom. Saker m\u00e5ste l\u00f6sas p\u00e5 ett annat s\u00e4tt och det finns inte mycket tid. P\u00e5 n\u00e5got s\u00e4tt ska det nog l\u00f6sa sig. Inget kan hindra mig fr\u00e5n att \u00e5ka till Finland och bada bastu. Inget.<\/p>\n<p>Men imorgon blir det en dag d\u00e5 jag enbart ska Slappa. Jag kommer att upph\u00f6ja l\u00e4ttjan till den h\u00f6gsta av dygder. Jag kommer softa. Sl\u00f6a. H\u00e5lla soffan p\u00e5 plats med min kroppshydda.<\/p>\n","protected":false},"excerpt":{"rendered":"<p>\u00a0N\u00f6jd delfin med en glad fisk inuti&#8230;\u00e4r det inte? (Bilden har f\u00f6r \u00f6vrigt inget med texten att g\u00f6ra&#8230;) \u00c4ntligen \u00e4r det semester! jag uth\u00e4rdade sista dagen p\u00e5 l\u00f6nearbetet med hj\u00e4lp av massiva m\u00e4ngder kaffe och onyttigheter samt en bok om &hellip; <a href=\"http:\/\/www.susannavaris.com\/blogg\/2013\/08\/semester-2\/\">Forts\u00e4tt l\u00e4sa <span class=\"meta-nav\">&rarr;<\/span><\/a><\/p>\n","protected":false},"author":1,"featured_media":0,"comment_status":"open","ping_status":"open","sticky":false,"template":"","format":"standard","meta":{"footnotes":""},"categories":[7,107,3,1],"tags":[3113,17,2233,1277,122],"class_list":["post-10531","post","type-post","status-publish","format-standard","hentry","category-egna-verk","category-finland","category-konst","category-okategoriserade","tag-inriktning","tag-konst-2","tag-semester","tag-skrack","tag-utstallning-2"],"_links":{"self":[{"href":"http:\/\/www.susannavaris.com\/blogg\/wp-json\/wp\/v2\/posts\/10531","targetHints":{"allow":["GET"]}}],"collection":[{"href":"http:\/\/www.susannavaris.com\/blogg\/wp-json\/wp\/v2\/posts"}],"about":[{"href":"http:\/\/www.susannavaris.com\/blogg\/wp-json\/wp\/v2\/types\/post"}],"author":[{"embeddable":true,"href":"http:\/\/www.susannavaris.com\/blogg\/wp-json\/wp\/v2\/users\/1"}],"replies":[{"embeddable":true,"href":"http:\/\/www.susannavaris.com\/blogg\/wp-json\/wp\/v2\/comments?post=10531"}],"version-history":[{"count":2,"href":"http:\/\/www.susannavaris.com\/blogg\/wp-json\/wp\/v2\/posts\/10531\/revisions"}],"predecessor-version":[{"id":10534,"href":"http:\/\/www.susannavaris.com\/blogg\/wp-json\/wp\/v2\/posts\/10531\/revisions\/10534"}],"wp:attachment":[{"href":"http:\/\/www.susannavaris.com\/blogg\/wp-json\/wp\/v2\/media?parent=10531"}],"wp:term":[{"taxonomy":"category","embeddable":true,"href":"http:\/\/www.susannavaris.com\/blogg\/wp-json\/wp\/v2\/categories?post=10531"},{"taxonomy":"post_tag","embeddable":true,"href":"http:\/\/www.susannavaris.com\/blogg\/wp-json\/wp\/v2\/tags?post=10531"}],"curies":[{"name":"wp","href":"https:\/\/api.w.org\/{rel}","templated":true}]}}