{"id":10556,"date":"2013-08-14T16:26:08","date_gmt":"2013-08-14T14:26:08","guid":{"rendered":"http:\/\/www.susannavaris.com\/blogg\/?p=10556"},"modified":"2013-08-14T16:26:08","modified_gmt":"2013-08-14T14:26:08","slug":"unket-perspektiv","status":"publish","type":"post","link":"http:\/\/www.susannavaris.com\/blogg\/2013\/08\/unket-perspektiv\/","title":{"rendered":"Unket perspektiv"},"content":{"rendered":"<p>Ja, jag vet, det \u00e4r inga nyheter att Feministiskt Perspektiv \u00e4r en djupt kvinnoistisk n\u00e4tpublikation, men f\u00f6r att vidare peka p\u00e5 exempel om hur stora delar av den moderna feminismen inte alls handlar om j\u00e4mst\u00e4lldhet kommer h\u00e4r ett litet exempel:<\/p>\n<p><a href=\"http:\/\/www.susannavaris.com\/blogg\/wp-content\/uploads\/2013\/08\/feministisk.jpg\"><img loading=\"lazy\" decoding=\"async\" class=\"aligncenter size-full wp-image-10557\" alt=\"feministisk\" src=\"http:\/\/www.susannavaris.com\/blogg\/wp-content\/uploads\/2013\/08\/feministisk.jpg\" width=\"367\" height=\"277\" srcset=\"http:\/\/www.susannavaris.com\/blogg\/wp-content\/uploads\/2013\/08\/feministisk.jpg 367w, http:\/\/www.susannavaris.com\/blogg\/wp-content\/uploads\/2013\/08\/feministisk-300x226.jpg 300w\" sizes=\"auto, (max-width: 367px) 100vw, 367px\" \/><\/a><em>\u00a0Feministiskt Perspektiv har en avdelning med veckans fr\u00e5ga som denna vecka st\u00e4ller sig den h\u00f6gst v\u00e4ntade och en\u00f6gda fr\u00e5gan ovan. Trots att det har visat sig vid n\u00e4rmare unders\u00f6kning att manliga politiker och journalister mottar <a href=\"http:\/\/genusdebatten.se\/ett-valdigt-ovantat-och-obehagligt-resultat\/\">n\u00e5got fler<\/a>\u00a0hot- och hatbudskap, \u00e4r det i den feministiska v\u00e4rlden enbart kvinnor som r\u00e5kar ut f\u00f6r detta och ut\u00f6varna \u00e4r alltid m\u00e4n.<\/em><\/p>\n","protected":false},"excerpt":{"rendered":"<p>Ja, jag vet, det \u00e4r inga nyheter att Feministiskt Perspektiv \u00e4r en djupt kvinnoistisk n\u00e4tpublikation, men f\u00f6r att vidare peka p\u00e5 exempel om hur stora delar av den moderna feminismen inte alls handlar om j\u00e4mst\u00e4lldhet kommer h\u00e4r ett litet exempel: &hellip; <a href=\"http:\/\/www.susannavaris.com\/blogg\/2013\/08\/unket-perspektiv\/\">Forts\u00e4tt l\u00e4sa <span class=\"meta-nav\">&rarr;<\/span><\/a><\/p>\n","protected":false},"author":1,"featured_media":0,"comment_status":"open","ping_status":"open","sticky":false,"template":"","format":"standard","meta":{"footnotes":""},"categories":[181,3067,259,1321,1928,589,1,590],"tags":[4900,1380,1607,2856,585],"class_list":["post-10556","post","type-post","status-publish","format-standard","hentry","category-feminism","category-feminism-referensinlagg","category-genusvetenskap","category-jamstalldhet","category-journalistik","category-medier","category-okategoriserade","category-politik","tag-feminism","tag-feministiskt-perspektiv","tag-hat","tag-hot","tag-nathat"],"_links":{"self":[{"href":"http:\/\/www.susannavaris.com\/blogg\/wp-json\/wp\/v2\/posts\/10556","targetHints":{"allow":["GET"]}}],"collection":[{"href":"http:\/\/www.susannavaris.com\/blogg\/wp-json\/wp\/v2\/posts"}],"about":[{"href":"http:\/\/www.susannavaris.com\/blogg\/wp-json\/wp\/v2\/types\/post"}],"author":[{"embeddable":true,"href":"http:\/\/www.susannavaris.com\/blogg\/wp-json\/wp\/v2\/users\/1"}],"replies":[{"embeddable":true,"href":"http:\/\/www.susannavaris.com\/blogg\/wp-json\/wp\/v2\/comments?post=10556"}],"version-history":[{"count":1,"href":"http:\/\/www.susannavaris.com\/blogg\/wp-json\/wp\/v2\/posts\/10556\/revisions"}],"predecessor-version":[{"id":10558,"href":"http:\/\/www.susannavaris.com\/blogg\/wp-json\/wp\/v2\/posts\/10556\/revisions\/10558"}],"wp:attachment":[{"href":"http:\/\/www.susannavaris.com\/blogg\/wp-json\/wp\/v2\/media?parent=10556"}],"wp:term":[{"taxonomy":"category","embeddable":true,"href":"http:\/\/www.susannavaris.com\/blogg\/wp-json\/wp\/v2\/categories?post=10556"},{"taxonomy":"post_tag","embeddable":true,"href":"http:\/\/www.susannavaris.com\/blogg\/wp-json\/wp\/v2\/tags?post=10556"}],"curies":[{"name":"wp","href":"https:\/\/api.w.org\/{rel}","templated":true}]}}