{"id":10584,"date":"2013-08-27T17:39:36","date_gmt":"2013-08-27T15:39:36","guid":{"rendered":"http:\/\/www.susannavaris.com\/blogg\/?p=10584"},"modified":"2013-08-27T19:57:29","modified_gmt":"2013-08-27T17:57:29","slug":"finland-2013","status":"publish","type":"post","link":"http:\/\/www.susannavaris.com\/blogg\/2013\/08\/finland-2013\/","title":{"rendered":"Finland 2013"},"content":{"rendered":"<p>Nyligen hemkomna fr\u00e5n f\u00e4derneslandet Finland och livet i de djupa skogarna \u00e4r jag n\u00e5got tr\u00f6tt efter den modernitetsbefriade tillvaron p\u00e5 stugan. Ingen el och inget rinnande vatten, s\u00e5dant \u00e4r f\u00f6r veklingar, men en oslagbar bastu med tillg\u00e5ng till sj\u00f6strand ett tiotal meter fr\u00e5n d\u00f6rren. Friskluft, skogsarbete och en promenad p\u00e5 14 kilometer till n\u00e4rmaste aff\u00e4r ut\u00f6kade hastigt s\u00f6mnbehovet till rent infantila niv\u00e5er av 12 timmar om natten. Vi reste denna g\u00e5ng utan bil och det blev en \u00e4ventyrsresa.<\/p>\n<p><a href=\"http:\/\/www.susannavaris.com\/blogg\/wp-content\/uploads\/2013\/08\/DSC_0298-50.jpg\"><img loading=\"lazy\" decoding=\"async\" class=\"aligncenter size-full wp-image-10585\" alt=\"DSC_0298-50\" src=\"http:\/\/www.susannavaris.com\/blogg\/wp-content\/uploads\/2013\/08\/DSC_0298-50.jpg\" width=\"2144\" height=\"1424\" srcset=\"http:\/\/www.susannavaris.com\/blogg\/wp-content\/uploads\/2013\/08\/DSC_0298-50.jpg 2144w, http:\/\/www.susannavaris.com\/blogg\/wp-content\/uploads\/2013\/08\/DSC_0298-50-300x199.jpg 300w, http:\/\/www.susannavaris.com\/blogg\/wp-content\/uploads\/2013\/08\/DSC_0298-50-1024x680.jpg 1024w\" sizes=\"auto, (max-width: 2144px) 100vw, 2144px\" \/><\/a><\/p>\n<p style=\"text-align: center;\">\u00a0<em>Uffe p\u00e5 v\u00e4g till aff\u00e4ren&#8230;tre kilometer kvar<\/em><\/p>\n<p style=\"text-align: center;\"><a href=\"http:\/\/www.susannavaris.com\/blogg\/wp-content\/uploads\/2013\/08\/DSC_0322-50.jpg\"><img loading=\"lazy\" decoding=\"async\" class=\"aligncenter size-full wp-image-10586\" alt=\"DSC_0322-50\" src=\"http:\/\/www.susannavaris.com\/blogg\/wp-content\/uploads\/2013\/08\/DSC_0322-50.jpg\" width=\"1424\" height=\"2144\" srcset=\"http:\/\/www.susannavaris.com\/blogg\/wp-content\/uploads\/2013\/08\/DSC_0322-50.jpg 1424w, http:\/\/www.susannavaris.com\/blogg\/wp-content\/uploads\/2013\/08\/DSC_0322-50-199x300.jpg 199w, http:\/\/www.susannavaris.com\/blogg\/wp-content\/uploads\/2013\/08\/DSC_0322-50-680x1024.jpg 680w\" sizes=\"auto, (max-width: 1424px) 100vw, 1424px\" \/><\/a> <em>\u00a0P\u00e5 min brygga&#8230;<\/em><\/p>\n<p style=\"text-align: center;\"><a href=\"http:\/\/www.susannavaris.com\/blogg\/wp-content\/uploads\/2013\/08\/DSC_0345-50.jpg\"><img loading=\"lazy\" decoding=\"async\" class=\"aligncenter size-full wp-image-10587\" alt=\"DSC_0345-50\" src=\"http:\/\/www.susannavaris.com\/blogg\/wp-content\/uploads\/2013\/08\/DSC_0345-50.jpg\" width=\"1536\" height=\"2304\" srcset=\"http:\/\/www.susannavaris.com\/blogg\/wp-content\/uploads\/2013\/08\/DSC_0345-50.jpg 1536w, http:\/\/www.susannavaris.com\/blogg\/wp-content\/uploads\/2013\/08\/DSC_0345-50-200x300.jpg 200w, http:\/\/www.susannavaris.com\/blogg\/wp-content\/uploads\/2013\/08\/DSC_0345-50-682x1024.jpg 682w\" sizes=\"auto, (max-width: 1536px) 100vw, 1536px\" \/><\/a> \u00a0<em>Vi hade riktigt bra v\u00e4der n\u00e4stan hela tiden, tio dagar, men n\u00e5gon dag regnade det en skv\u00e4tt&#8230;<\/em><\/p>\n<p style=\"text-align: center;\"><a href=\"http:\/\/www.susannavaris.com\/blogg\/wp-content\/uploads\/2013\/08\/DSC_0346-50.jpg\"><img loading=\"lazy\" decoding=\"async\" class=\"aligncenter size-full wp-image-10588\" alt=\"DSC_0346-50\" src=\"http:\/\/www.susannavaris.com\/blogg\/wp-content\/uploads\/2013\/08\/DSC_0346-50.jpg\" width=\"1536\" height=\"2304\" srcset=\"http:\/\/www.susannavaris.com\/blogg\/wp-content\/uploads\/2013\/08\/DSC_0346-50.jpg 1536w, http:\/\/www.susannavaris.com\/blogg\/wp-content\/uploads\/2013\/08\/DSC_0346-50-200x300.jpg 200w, http:\/\/www.susannavaris.com\/blogg\/wp-content\/uploads\/2013\/08\/DSC_0346-50-682x1024.jpg 682w\" sizes=\"auto, (max-width: 1536px) 100vw, 1536px\" \/><\/a><\/p>\n<p style=\"text-align: center;\"><em>Grillmeister Uffe&#8230;<\/em><\/p>\n<p style=\"text-align: center;\"><a href=\"http:\/\/www.susannavaris.com\/blogg\/wp-content\/uploads\/2013\/08\/DSC_0348-50.jpg\"><img loading=\"lazy\" decoding=\"async\" class=\"aligncenter size-full wp-image-10589\" alt=\"DSC_0348-50\" src=\"http:\/\/www.susannavaris.com\/blogg\/wp-content\/uploads\/2013\/08\/DSC_0348-50.jpg\" width=\"1357\" height=\"1430\" srcset=\"http:\/\/www.susannavaris.com\/blogg\/wp-content\/uploads\/2013\/08\/DSC_0348-50.jpg 1357w, http:\/\/www.susannavaris.com\/blogg\/wp-content\/uploads\/2013\/08\/DSC_0348-50-284x300.jpg 284w, http:\/\/www.susannavaris.com\/blogg\/wp-content\/uploads\/2013\/08\/DSC_0348-50-971x1024.jpg 971w\" sizes=\"auto, (max-width: 1357px) 100vw, 1357px\" \/><\/a>\u00a0<em>Vi passade p\u00e5 att testa ett par musiker\u00f6l, Iron Maidens och Mot\u00f6rheads respektive. B\u00e5da visade sig vara riktigt goda.<\/em><\/p>\n<p style=\"text-align: center;\"><a href=\"http:\/\/www.susannavaris.com\/blogg\/wp-content\/uploads\/2013\/08\/DSC_0349-50.jpg\"><img loading=\"lazy\" decoding=\"async\" class=\"aligncenter size-full wp-image-10590\" alt=\"DSC_0349-50\" src=\"http:\/\/www.susannavaris.com\/blogg\/wp-content\/uploads\/2013\/08\/DSC_0349-50.jpg\" width=\"1536\" height=\"2304\" srcset=\"http:\/\/www.susannavaris.com\/blogg\/wp-content\/uploads\/2013\/08\/DSC_0349-50.jpg 1536w, http:\/\/www.susannavaris.com\/blogg\/wp-content\/uploads\/2013\/08\/DSC_0349-50-200x300.jpg 200w, http:\/\/www.susannavaris.com\/blogg\/wp-content\/uploads\/2013\/08\/DSC_0349-50-682x1024.jpg 682w\" sizes=\"auto, (max-width: 1536px) 100vw, 1536px\" \/><\/a><\/p>\n<p style=\"text-align: center;\"><em>Den finske hillbillyn Uffe. Lantm\u00e4nnen-keps hade dock varit mera korrekt, men Scania fick duga&#8230;<\/em><\/p>\n<p style=\"text-align: center;\"><a href=\"http:\/\/www.susannavaris.com\/blogg\/wp-content\/uploads\/2013\/08\/DSC_0351-50.jpg\"><img loading=\"lazy\" decoding=\"async\" class=\"aligncenter size-full wp-image-10591\" alt=\"DSC_0351-50\" src=\"http:\/\/www.susannavaris.com\/blogg\/wp-content\/uploads\/2013\/08\/DSC_0351-50.jpg\" width=\"1994\" height=\"1382\" srcset=\"http:\/\/www.susannavaris.com\/blogg\/wp-content\/uploads\/2013\/08\/DSC_0351-50.jpg 1994w, http:\/\/www.susannavaris.com\/blogg\/wp-content\/uploads\/2013\/08\/DSC_0351-50-300x207.jpg 300w, http:\/\/www.susannavaris.com\/blogg\/wp-content\/uploads\/2013\/08\/DSC_0351-50-1024x709.jpg 1024w\" sizes=\"auto, (max-width: 1994px) 100vw, 1994px\" \/><\/a><\/p>\n<p style=\"text-align: center;\"><em>En av anledningarna till varf\u00f6r gummist\u00f6vlar \u00e4r p\u00e5 sin plats p\u00e5 landet. V\u00e5r hussnok som nu frekventerar bryggan f\u00f6r tredje \u00e5ret i rad. Den f\u00e5r g\u00e4rna ligga d\u00e4r och jag skulle inte dr\u00f6mma om att sl\u00e5 ihj\u00e4l den, men jag brukar \u00e4nd\u00e5 stampa till lite s\u00e5 att jag inte ska trampa p\u00e5 den n\u00e4r det \u00e4r m\u00f6rkt och man ska ut och bada&#8230;<\/em><\/p>\n<p style=\"text-align: center;\"><a href=\"http:\/\/www.susannavaris.com\/blogg\/wp-content\/uploads\/2013\/08\/DSC_0353-50.jpg\"><img loading=\"lazy\" decoding=\"async\" class=\"aligncenter size-full wp-image-10592\" alt=\"DSC_0353-50\" src=\"http:\/\/www.susannavaris.com\/blogg\/wp-content\/uploads\/2013\/08\/DSC_0353-50.jpg\" width=\"2304\" height=\"1536\" srcset=\"http:\/\/www.susannavaris.com\/blogg\/wp-content\/uploads\/2013\/08\/DSC_0353-50.jpg 2304w, http:\/\/www.susannavaris.com\/blogg\/wp-content\/uploads\/2013\/08\/DSC_0353-50-300x200.jpg 300w, http:\/\/www.susannavaris.com\/blogg\/wp-content\/uploads\/2013\/08\/DSC_0353-50-1024x682.jpg 1024w\" sizes=\"auto, (max-width: 2304px) 100vw, 2304px\" \/><\/a>\u00a0<em>P\u00e5 en kortare promenad i omgivningarna&#8230; \u00a0<\/em><\/p>\n<p style=\"text-align: center;\"><a href=\"http:\/\/www.susannavaris.com\/blogg\/wp-content\/uploads\/2013\/08\/DSC_0355-50.jpg\"><img loading=\"lazy\" decoding=\"async\" class=\"aligncenter size-full wp-image-10593\" alt=\"DSC_0355-50\" src=\"http:\/\/www.susannavaris.com\/blogg\/wp-content\/uploads\/2013\/08\/DSC_0355-50.jpg\" width=\"2304\" height=\"1536\" srcset=\"http:\/\/www.susannavaris.com\/blogg\/wp-content\/uploads\/2013\/08\/DSC_0355-50.jpg 2304w, http:\/\/www.susannavaris.com\/blogg\/wp-content\/uploads\/2013\/08\/DSC_0355-50-300x200.jpg 300w, http:\/\/www.susannavaris.com\/blogg\/wp-content\/uploads\/2013\/08\/DSC_0355-50-1024x682.jpg 1024w\" sizes=\"auto, (max-width: 2304px) 100vw, 2304px\" \/><\/a><\/p>\n<p style=\"text-align: center;\"><a href=\"http:\/\/www.susannavaris.com\/blogg\/wp-content\/uploads\/2013\/08\/DSC_0358-50.jpg\"><img loading=\"lazy\" decoding=\"async\" class=\"aligncenter size-full wp-image-10594\" alt=\"DSC_0358-50\" src=\"http:\/\/www.susannavaris.com\/blogg\/wp-content\/uploads\/2013\/08\/DSC_0358-50.jpg\" width=\"1536\" height=\"2304\" srcset=\"http:\/\/www.susannavaris.com\/blogg\/wp-content\/uploads\/2013\/08\/DSC_0358-50.jpg 1536w, http:\/\/www.susannavaris.com\/blogg\/wp-content\/uploads\/2013\/08\/DSC_0358-50-200x300.jpg 200w, http:\/\/www.susannavaris.com\/blogg\/wp-content\/uploads\/2013\/08\/DSC_0358-50-682x1024.jpg 682w\" sizes=\"auto, (max-width: 1536px) 100vw, 1536px\" \/><\/a><\/p>\n<p style=\"text-align: center;\"><em>Vi gallrade ut en hel del sm\u00e5tr\u00e4d, d\u00e4ribland bj\u00f6rk, och jag tillverkade en bj\u00f6rkruska f\u00f6r bastun. Den blev s\u00e5d\u00e4r, men \u00e5 andra sidan har jag inte gjort n\u00e5gon sedan jag var liten&#8230;<\/em><\/p>\n<p style=\"text-align: center;\"><a href=\"http:\/\/www.susannavaris.com\/blogg\/wp-content\/uploads\/2013\/08\/DSC_0361-50.jpg\"><img loading=\"lazy\" decoding=\"async\" class=\"aligncenter size-full wp-image-10595\" alt=\"DSC_0361-50\" src=\"http:\/\/www.susannavaris.com\/blogg\/wp-content\/uploads\/2013\/08\/DSC_0361-50.jpg\" width=\"1536\" height=\"2304\" srcset=\"http:\/\/www.susannavaris.com\/blogg\/wp-content\/uploads\/2013\/08\/DSC_0361-50.jpg 1536w, http:\/\/www.susannavaris.com\/blogg\/wp-content\/uploads\/2013\/08\/DSC_0361-50-200x300.jpg 200w, http:\/\/www.susannavaris.com\/blogg\/wp-content\/uploads\/2013\/08\/DSC_0361-50-682x1024.jpg 682w\" sizes=\"auto, (max-width: 1536px) 100vw, 1536px\" \/><\/a>\u00a0<em>Mys i stugan<\/em><\/p>\n<p style=\"text-align: center;\"><a href=\"http:\/\/www.susannavaris.com\/blogg\/wp-content\/uploads\/2013\/08\/DSC_0373-50.jpg\"><img loading=\"lazy\" decoding=\"async\" class=\"aligncenter size-full wp-image-10596\" alt=\"DSC_0373-50\" src=\"http:\/\/www.susannavaris.com\/blogg\/wp-content\/uploads\/2013\/08\/DSC_0373-50.jpg\" width=\"1536\" height=\"2304\" srcset=\"http:\/\/www.susannavaris.com\/blogg\/wp-content\/uploads\/2013\/08\/DSC_0373-50.jpg 1536w, http:\/\/www.susannavaris.com\/blogg\/wp-content\/uploads\/2013\/08\/DSC_0373-50-200x300.jpg 200w, http:\/\/www.susannavaris.com\/blogg\/wp-content\/uploads\/2013\/08\/DSC_0373-50-682x1024.jpg 682w\" sizes=\"auto, (max-width: 1536px) 100vw, 1536px\" \/><\/a>\u00a0<em>En liten skulptur, Happy feet, som jag kn\u00e5dade av leran i backen p\u00e5 tomten&#8230;<\/em><\/p>\n<p style=\"text-align: center;\"><a href=\"http:\/\/www.susannavaris.com\/blogg\/wp-content\/uploads\/2013\/08\/DSC_0377-50.jpg\"><img loading=\"lazy\" decoding=\"async\" class=\"aligncenter size-full wp-image-10597\" alt=\"DSC_0377-50\" src=\"http:\/\/www.susannavaris.com\/blogg\/wp-content\/uploads\/2013\/08\/DSC_0377-50.jpg\" width=\"1496\" height=\"1352\" srcset=\"http:\/\/www.susannavaris.com\/blogg\/wp-content\/uploads\/2013\/08\/DSC_0377-50.jpg 1496w, http:\/\/www.susannavaris.com\/blogg\/wp-content\/uploads\/2013\/08\/DSC_0377-50-300x271.jpg 300w, http:\/\/www.susannavaris.com\/blogg\/wp-content\/uploads\/2013\/08\/DSC_0377-50-1024x925.jpg 1024w\" sizes=\"auto, (max-width: 1496px) 100vw, 1496px\" \/><\/a>\u00a0<em>En insekt jag hittade. Den var redan stend\u00f6d och det \u00e4r allts\u00e5 inte jag som bragt den om livet i burken&#8230;<\/em><\/p>\n<p style=\"text-align: center;\"><a href=\"http:\/\/www.susannavaris.com\/blogg\/wp-content\/uploads\/2013\/08\/DSC_0378-50.jpg\"><img loading=\"lazy\" decoding=\"async\" class=\"aligncenter size-full wp-image-10598\" alt=\"DSC_0378-50\" src=\"http:\/\/www.susannavaris.com\/blogg\/wp-content\/uploads\/2013\/08\/DSC_0378-50.jpg\" width=\"2304\" height=\"1536\" srcset=\"http:\/\/www.susannavaris.com\/blogg\/wp-content\/uploads\/2013\/08\/DSC_0378-50.jpg 2304w, http:\/\/www.susannavaris.com\/blogg\/wp-content\/uploads\/2013\/08\/DSC_0378-50-300x200.jpg 300w, http:\/\/www.susannavaris.com\/blogg\/wp-content\/uploads\/2013\/08\/DSC_0378-50-1024x682.jpg 1024w\" sizes=\"auto, (max-width: 2304px) 100vw, 2304px\" \/><\/a><em>\u00a0&#8221;Min&#8221; sj\u00f6&#8230;<\/em><\/p>\n<p style=\"text-align: center;\"><a href=\"http:\/\/www.susannavaris.com\/blogg\/wp-content\/uploads\/2013\/08\/DSC_0387-50.jpg\"><img loading=\"lazy\" decoding=\"async\" class=\"aligncenter size-full wp-image-10601\" alt=\"DSC_0387-50\" src=\"http:\/\/www.susannavaris.com\/blogg\/wp-content\/uploads\/2013\/08\/DSC_0387-50.jpg\" width=\"1536\" height=\"2304\" srcset=\"http:\/\/www.susannavaris.com\/blogg\/wp-content\/uploads\/2013\/08\/DSC_0387-50.jpg 1536w, http:\/\/www.susannavaris.com\/blogg\/wp-content\/uploads\/2013\/08\/DSC_0387-50-200x300.jpg 200w, http:\/\/www.susannavaris.com\/blogg\/wp-content\/uploads\/2013\/08\/DSC_0387-50-682x1024.jpg 682w\" sizes=\"auto, (max-width: 1536px) 100vw, 1536px\" \/><\/a> <a href=\"http:\/\/www.susannavaris.com\/blogg\/wp-content\/uploads\/2013\/08\/DSC_0383-50.jpg\"><img loading=\"lazy\" decoding=\"async\" class=\"aligncenter size-full wp-image-10600\" alt=\"DSC_0383-50\" src=\"http:\/\/www.susannavaris.com\/blogg\/wp-content\/uploads\/2013\/08\/DSC_0383-50.jpg\" width=\"2304\" height=\"1536\" srcset=\"http:\/\/www.susannavaris.com\/blogg\/wp-content\/uploads\/2013\/08\/DSC_0383-50.jpg 2304w, http:\/\/www.susannavaris.com\/blogg\/wp-content\/uploads\/2013\/08\/DSC_0383-50-300x200.jpg 300w, http:\/\/www.susannavaris.com\/blogg\/wp-content\/uploads\/2013\/08\/DSC_0383-50-1024x682.jpg 1024w\" sizes=\"auto, (max-width: 2304px) 100vw, 2304px\" \/><\/a> <a href=\"http:\/\/www.susannavaris.com\/blogg\/wp-content\/uploads\/2013\/08\/DSC_0381-50.jpg\"><img loading=\"lazy\" decoding=\"async\" class=\"aligncenter size-full wp-image-10599\" alt=\"DSC_0381-50\" src=\"http:\/\/www.susannavaris.com\/blogg\/wp-content\/uploads\/2013\/08\/DSC_0381-50.jpg\" width=\"2304\" height=\"1536\" srcset=\"http:\/\/www.susannavaris.com\/blogg\/wp-content\/uploads\/2013\/08\/DSC_0381-50.jpg 2304w, http:\/\/www.susannavaris.com\/blogg\/wp-content\/uploads\/2013\/08\/DSC_0381-50-300x200.jpg 300w, http:\/\/www.susannavaris.com\/blogg\/wp-content\/uploads\/2013\/08\/DSC_0381-50-1024x682.jpg 1024w\" sizes=\"auto, (max-width: 2304px) 100vw, 2304px\" \/><\/a>\u00a0<em>En morgon var det vacker sj\u00f6r\u00f6k \u00f6ver sj\u00f6n&#8230;<\/em><\/p>\n<p style=\"text-align: center;\"><a href=\"http:\/\/www.susannavaris.com\/blogg\/wp-content\/uploads\/2013\/08\/DSC_0392-50.jpg\"><img loading=\"lazy\" decoding=\"async\" class=\"aligncenter size-full wp-image-10602\" alt=\"DSC_0392-50\" src=\"http:\/\/www.susannavaris.com\/blogg\/wp-content\/uploads\/2013\/08\/DSC_0392-50.jpg\" width=\"1536\" height=\"2304\" srcset=\"http:\/\/www.susannavaris.com\/blogg\/wp-content\/uploads\/2013\/08\/DSC_0392-50.jpg 1536w, http:\/\/www.susannavaris.com\/blogg\/wp-content\/uploads\/2013\/08\/DSC_0392-50-200x300.jpg 200w, http:\/\/www.susannavaris.com\/blogg\/wp-content\/uploads\/2013\/08\/DSC_0392-50-682x1024.jpg 682w\" sizes=\"auto, (max-width: 1536px) 100vw, 1536px\" \/><\/a>\u00a0<em>Min vy vid frukost&#8230;<\/em><\/p>\n<p style=\"text-align: center;\"><a href=\"http:\/\/www.susannavaris.com\/blogg\/wp-content\/uploads\/2013\/08\/DSC_0393-50.jpg\"><img loading=\"lazy\" decoding=\"async\" class=\"aligncenter size-full wp-image-10603\" alt=\"DSC_0393-50\" src=\"http:\/\/www.susannavaris.com\/blogg\/wp-content\/uploads\/2013\/08\/DSC_0393-50.jpg\" width=\"1554\" height=\"1372\" srcset=\"http:\/\/www.susannavaris.com\/blogg\/wp-content\/uploads\/2013\/08\/DSC_0393-50.jpg 1554w, http:\/\/www.susannavaris.com\/blogg\/wp-content\/uploads\/2013\/08\/DSC_0393-50-300x264.jpg 300w, http:\/\/www.susannavaris.com\/blogg\/wp-content\/uploads\/2013\/08\/DSC_0393-50-1024x904.jpg 1024w\" sizes=\"auto, (max-width: 1554px) 100vw, 1554px\" \/><\/a> <a href=\"http:\/\/www.susannavaris.com\/blogg\/wp-content\/uploads\/2013\/08\/DSC_0394-50.jpg\"><img loading=\"lazy\" decoding=\"async\" class=\"aligncenter size-full wp-image-10604\" alt=\"DSC_0394-50\" src=\"http:\/\/www.susannavaris.com\/blogg\/wp-content\/uploads\/2013\/08\/DSC_0394-50.jpg\" width=\"1428\" height=\"1856\" srcset=\"http:\/\/www.susannavaris.com\/blogg\/wp-content\/uploads\/2013\/08\/DSC_0394-50.jpg 1428w, http:\/\/www.susannavaris.com\/blogg\/wp-content\/uploads\/2013\/08\/DSC_0394-50-230x300.jpg 230w, http:\/\/www.susannavaris.com\/blogg\/wp-content\/uploads\/2013\/08\/DSC_0394-50-787x1024.jpg 787w\" sizes=\"auto, (max-width: 1428px) 100vw, 1428px\" \/><\/a>\u00a0<em>Vi \u00e5kte in till Salo, min f\u00f6delsestad, en dag och jag hittade de h\u00e4r antika b\u00f6ckerna + en biografi om Marie Antoinette f\u00f6r 2 euro st p\u00e5 torget&#8230;\u00a0<\/em><\/p>\n<p style=\"text-align: center;\"><a href=\"http:\/\/www.susannavaris.com\/blogg\/wp-content\/uploads\/2013\/08\/DSC_0399-50.jpg\"><img loading=\"lazy\" decoding=\"async\" class=\"aligncenter size-full wp-image-10605\" alt=\"DSC_0399-50\" src=\"http:\/\/www.susannavaris.com\/blogg\/wp-content\/uploads\/2013\/08\/DSC_0399-50.jpg\" width=\"2304\" height=\"1536\" srcset=\"http:\/\/www.susannavaris.com\/blogg\/wp-content\/uploads\/2013\/08\/DSC_0399-50.jpg 2304w, http:\/\/www.susannavaris.com\/blogg\/wp-content\/uploads\/2013\/08\/DSC_0399-50-300x200.jpg 300w, http:\/\/www.susannavaris.com\/blogg\/wp-content\/uploads\/2013\/08\/DSC_0399-50-1024x682.jpg 1024w\" sizes=\"auto, (max-width: 2304px) 100vw, 2304px\" \/><\/a> <a href=\"http:\/\/www.susannavaris.com\/blogg\/wp-content\/uploads\/2013\/08\/DSC_0401-50.jpg\"><img loading=\"lazy\" decoding=\"async\" class=\"aligncenter size-full wp-image-10606\" alt=\"DSC_0401-50\" src=\"http:\/\/www.susannavaris.com\/blogg\/wp-content\/uploads\/2013\/08\/DSC_0401-50.jpg\" width=\"2304\" height=\"1536\" srcset=\"http:\/\/www.susannavaris.com\/blogg\/wp-content\/uploads\/2013\/08\/DSC_0401-50.jpg 2304w, http:\/\/www.susannavaris.com\/blogg\/wp-content\/uploads\/2013\/08\/DSC_0401-50-300x200.jpg 300w, http:\/\/www.susannavaris.com\/blogg\/wp-content\/uploads\/2013\/08\/DSC_0401-50-1024x682.jpg 1024w\" sizes=\"auto, (max-width: 2304px) 100vw, 2304px\" \/><\/a><\/p>\n<p style=\"text-align: center;\"><em>En roddtur med gal\u00e4rslaven Uffe<\/em>&#8230;<\/p>\n<p style=\"text-align: center;\"><a href=\"http:\/\/www.susannavaris.com\/blogg\/wp-content\/uploads\/2013\/08\/DSC_0407-50.jpg\"><img loading=\"lazy\" decoding=\"async\" class=\"aligncenter size-full wp-image-10607\" alt=\"DSC_0407-50\" src=\"http:\/\/www.susannavaris.com\/blogg\/wp-content\/uploads\/2013\/08\/DSC_0407-50.jpg\" width=\"1536\" height=\"2304\" srcset=\"http:\/\/www.susannavaris.com\/blogg\/wp-content\/uploads\/2013\/08\/DSC_0407-50.jpg 1536w, http:\/\/www.susannavaris.com\/blogg\/wp-content\/uploads\/2013\/08\/DSC_0407-50-200x300.jpg 200w, http:\/\/www.susannavaris.com\/blogg\/wp-content\/uploads\/2013\/08\/DSC_0407-50-682x1024.jpg 682w\" sizes=\"auto, (max-width: 1536px) 100vw, 1536px\" \/><\/a>\u00a0<em>Mera posering&#8230;<\/em><\/p>\n<p style=\"text-align: center;\"><a href=\"http:\/\/www.susannavaris.com\/blogg\/wp-content\/uploads\/2013\/08\/DSC_0410-50.jpg\"><img loading=\"lazy\" decoding=\"async\" class=\"aligncenter size-full wp-image-10608\" alt=\"DSC_0410-50\" src=\"http:\/\/www.susannavaris.com\/blogg\/wp-content\/uploads\/2013\/08\/DSC_0410-50.jpg\" width=\"1536\" height=\"2304\" srcset=\"http:\/\/www.susannavaris.com\/blogg\/wp-content\/uploads\/2013\/08\/DSC_0410-50.jpg 1536w, http:\/\/www.susannavaris.com\/blogg\/wp-content\/uploads\/2013\/08\/DSC_0410-50-200x300.jpg 200w, http:\/\/www.susannavaris.com\/blogg\/wp-content\/uploads\/2013\/08\/DSC_0410-50-682x1024.jpg 682w\" sizes=\"auto, (max-width: 1536px) 100vw, 1536px\" \/><\/a>\u00a0<em>Sj\u00e4lvklart har jag ett lejon som bevakar min chateau&#8230;<\/em><\/p>\n<p style=\"text-align: center;\"><a href=\"http:\/\/www.susannavaris.com\/blogg\/wp-content\/uploads\/2013\/08\/DSC_0412-50.jpg\"><img loading=\"lazy\" decoding=\"async\" class=\"aligncenter size-full wp-image-10609\" alt=\"DSC_0412-50\" src=\"http:\/\/www.susannavaris.com\/blogg\/wp-content\/uploads\/2013\/08\/DSC_0412-50.jpg\" width=\"2304\" height=\"1536\" srcset=\"http:\/\/www.susannavaris.com\/blogg\/wp-content\/uploads\/2013\/08\/DSC_0412-50.jpg 2304w, http:\/\/www.susannavaris.com\/blogg\/wp-content\/uploads\/2013\/08\/DSC_0412-50-300x200.jpg 300w, http:\/\/www.susannavaris.com\/blogg\/wp-content\/uploads\/2013\/08\/DSC_0412-50-1024x682.jpg 1024w\" sizes=\"auto, (max-width: 2304px) 100vw, 2304px\" \/><\/a>\u00a0<em>P\u00e5 hemv\u00e4gen i den stora metropolen Kitula&#8230;<\/em><\/p>\n<p style=\"text-align: center;\">Men trakten har gamla anor med Finlands \u00e4ldsta bos\u00e4ttningar:\u00a0<a href=\"http:\/\/sv.wikipedia.org\/wiki\/Suomusj%C3%A4rvikulturen\">Suomusj\u00e4rvikulturen<\/a>,\u00a0<a href=\"http:\/\/www.nba.fi\/sv\/nationalmuseum\/undervisning\/undervisningspaket\/forhistoria\/information\/stenaldern\/sten16\">Nationalmuseum<\/a><\/p>\n<p style=\"text-align: center;\"><a href=\"http:\/\/www.susannavaris.com\/blogg\/wp-content\/uploads\/2013\/08\/kk-15-pallonuijat.jpg\"><img loading=\"lazy\" decoding=\"async\" class=\"aligncenter size-full wp-image-10611\" alt=\"kk-15-pallonuijat\" src=\"http:\/\/www.susannavaris.com\/blogg\/wp-content\/uploads\/2013\/08\/kk-15-pallonuijat.jpg\" width=\"300\" height=\"191\" \/><\/a>\u00a0<em>Sk klotklubbor (pallonuija) fr\u00e5n Suomusj\u00e4rvi<\/em><\/p>\n<p style=\"text-align: left;\">Inte lika m\u00e5nga kulturella upplevelser den h\u00e4r g\u00e5ngen, fr\u00e4mst p\u00e5 grund av att vi inte var med bil och bilderna speglar nog detta. N\u00e5gra artsy-fartsy-foton blev det dock av gamla lador och annat. Det blir ett inl\u00e4gg om dem senare. N\u00e4sta inl\u00e4gg blir dock, p\u00e5 publikens beg\u00e4ran, del tv\u00e5 i serien om Livet p\u00e5 landet &#8211; the real thing <a href=\"http:\/\/www.susannavaris.com\/blogg\/2013\/08\/livet-pa-landet-the-real-thing-del-ii\/\">(h\u00e4r)<\/a>&#8230;<\/p>\n","protected":false},"excerpt":{"rendered":"<p>Nyligen hemkomna fr\u00e5n f\u00e4derneslandet Finland och livet i de djupa skogarna \u00e4r jag n\u00e5got tr\u00f6tt efter den modernitetsbefriade tillvaron p\u00e5 stugan. Ingen el och inget rinnande vatten, s\u00e5dant \u00e4r f\u00f6r veklingar, men en oslagbar bastu med tillg\u00e5ng till sj\u00f6strand ett &hellip; <a href=\"http:\/\/www.susannavaris.com\/blogg\/2013\/08\/finland-2013\/\">Forts\u00e4tt l\u00e4sa <span class=\"meta-nav\">&rarr;<\/span><\/a><\/p>\n","protected":false},"author":1,"featured_media":0,"comment_status":"open","ping_status":"open","sticky":false,"template":"","format":"standard","meta":{"footnotes":""},"categories":[1364,107,674,3,1162,1,889,117],"tags":[1372,3331,4896,3334,3328,2865,3329,499,3330,3327,509,3332,3333],"class_list":["post-10584","post","type-post","status-publish","format-standard","hentry","category-bocker","category-finland","category-historia","category-konst","category-kultur","category-okategoriserade","category-teknik","category-vetenskap","tag-bok","tag-bosattning","tag-finland","tag-kitula","tag-landet","tag-marie-antoinette","tag-pallonuija","tag-salo","tag-stenaldern","tag-stugan","tag-suomusjarvi","tag-suomusjarvikulttuuri","tag-suomusjarvikulturen"],"_links":{"self":[{"href":"http:\/\/www.susannavaris.com\/blogg\/wp-json\/wp\/v2\/posts\/10584","targetHints":{"allow":["GET"]}}],"collection":[{"href":"http:\/\/www.susannavaris.com\/blogg\/wp-json\/wp\/v2\/posts"}],"about":[{"href":"http:\/\/www.susannavaris.com\/blogg\/wp-json\/wp\/v2\/types\/post"}],"author":[{"embeddable":true,"href":"http:\/\/www.susannavaris.com\/blogg\/wp-json\/wp\/v2\/users\/1"}],"replies":[{"embeddable":true,"href":"http:\/\/www.susannavaris.com\/blogg\/wp-json\/wp\/v2\/comments?post=10584"}],"version-history":[{"count":6,"href":"http:\/\/www.susannavaris.com\/blogg\/wp-json\/wp\/v2\/posts\/10584\/revisions"}],"predecessor-version":[{"id":10663,"href":"http:\/\/www.susannavaris.com\/blogg\/wp-json\/wp\/v2\/posts\/10584\/revisions\/10663"}],"wp:attachment":[{"href":"http:\/\/www.susannavaris.com\/blogg\/wp-json\/wp\/v2\/media?parent=10584"}],"wp:term":[{"taxonomy":"category","embeddable":true,"href":"http:\/\/www.susannavaris.com\/blogg\/wp-json\/wp\/v2\/categories?post=10584"},{"taxonomy":"post_tag","embeddable":true,"href":"http:\/\/www.susannavaris.com\/blogg\/wp-json\/wp\/v2\/tags?post=10584"}],"curies":[{"name":"wp","href":"https:\/\/api.w.org\/{rel}","templated":true}]}}