{"id":10618,"date":"2013-08-27T19:53:20","date_gmt":"2013-08-27T17:53:20","guid":{"rendered":"http:\/\/www.susannavaris.com\/blogg\/?p=10618"},"modified":"2013-08-27T20:11:54","modified_gmt":"2013-08-27T18:11:54","slug":"livet-pa-landet-the-real-thing-del-ii","status":"publish","type":"post","link":"http:\/\/www.susannavaris.com\/blogg\/2013\/08\/livet-pa-landet-the-real-thing-del-ii\/","title":{"rendered":"Livet p\u00e5 landet &#8211; the real thing del II"},"content":{"rendered":"<p>Nu till del tv\u00e5 i serien om <strong><em>Livet p\u00e5 landet &#8211; the real thing<\/em><\/strong> (del 1 kan l\u00e4sas\u00a0<a href=\"http:\/\/www.susannavaris.com\/blogg\/2012\/08\/tillbaka-igen\/\">h\u00e4r<\/a>). \u00c4rade publikum har uttryckt \u00f6nskem\u00e5l om att f\u00e5 ta del av ett nytt lantlivsreportage fr\u00e5n \u00e5rets stugsemester, s\u00e5 h\u00e5ll till godo: lantliv fj\u00e4rran fr\u00e5n livsstilsmagazinens glossigt designade dr\u00f6mmar, presenterat av en h\u00f6gst oretuscherad undertecknad (OBS! Inget f\u00f6r kraftigt magazinsskadade eller p\u00e5 annat vis estetiskt k\u00e4nsliga l\u00e4sare):<\/p>\n<p><a href=\"http:\/\/www.susannavaris.com\/blogg\/wp-content\/uploads\/2013\/08\/lantliv.mindre.jpg\"><img loading=\"lazy\" decoding=\"async\" class=\"aligncenter size-full wp-image-10619\" alt=\"lantliv.mindre\" src=\"http:\/\/www.susannavaris.com\/blogg\/wp-content\/uploads\/2013\/08\/lantliv.mindre.jpg\" width=\"318\" height=\"450\" srcset=\"http:\/\/www.susannavaris.com\/blogg\/wp-content\/uploads\/2013\/08\/lantliv.mindre.jpg 318w, http:\/\/www.susannavaris.com\/blogg\/wp-content\/uploads\/2013\/08\/lantliv.mindre-212x300.jpg 212w\" sizes=\"auto, (max-width: 318px) 100vw, 318px\" \/><\/a><\/p>\n<p style=\"text-align: center;\"><em>I tidningarnas v\u00e4rld skrider sk\u00f6na m\u00f6er i kritvita spetsar nerf\u00f6r trappor&#8230;<\/em><\/p>\n<p style=\"text-align: center;\"><a href=\"http:\/\/www.susannavaris.com\/blogg\/wp-content\/uploads\/2013\/08\/lantlivDSC_0304-50.jpg\"><img loading=\"lazy\" decoding=\"async\" class=\"aligncenter size-full wp-image-10625\" alt=\"lantlivDSC_0304-50\" src=\"http:\/\/www.susannavaris.com\/blogg\/wp-content\/uploads\/2013\/08\/lantlivDSC_0304-50.jpg\" width=\"1155\" height=\"1788\" srcset=\"http:\/\/www.susannavaris.com\/blogg\/wp-content\/uploads\/2013\/08\/lantlivDSC_0304-50.jpg 1155w, http:\/\/www.susannavaris.com\/blogg\/wp-content\/uploads\/2013\/08\/lantlivDSC_0304-50-193x300.jpg 193w, http:\/\/www.susannavaris.com\/blogg\/wp-content\/uploads\/2013\/08\/lantlivDSC_0304-50-661x1024.jpg 661w\" sizes=\"auto, (max-width: 1155px) 100vw, 1155px\" \/><\/a>\u00a0<em>I verkligheten \u00e4r det mycket sv\u00e5rt att skrida nerf\u00f6r bastutrappan i en s\u00e5 m\u00e4rklig vinkel&#8230;<\/em><\/p>\n<p style=\"text-align: center;\"><a href=\"http:\/\/www.susannavaris.com\/blogg\/wp-content\/uploads\/2013\/08\/lantliv_10-1.jpg\"><img loading=\"lazy\" decoding=\"async\" class=\"aligncenter size-full wp-image-10637\" alt=\"lantliv_10-1\" src=\"http:\/\/www.susannavaris.com\/blogg\/wp-content\/uploads\/2013\/08\/lantliv_10-1.jpg\" width=\"886\" height=\"1200\" srcset=\"http:\/\/www.susannavaris.com\/blogg\/wp-content\/uploads\/2013\/08\/lantliv_10-1.jpg 886w, http:\/\/www.susannavaris.com\/blogg\/wp-content\/uploads\/2013\/08\/lantliv_10-1-221x300.jpg 221w, http:\/\/www.susannavaris.com\/blogg\/wp-content\/uploads\/2013\/08\/lantliv_10-1-756x1024.jpg 756w\" sizes=\"auto, (max-width: 886px) 100vw, 886px\" \/><\/a>\u00a0<em>Man strosar runt i den lantliga rustiken med ett halsband v\u00e4rt 41 900 kronor&#8230;<\/em><\/p>\n<p style=\"text-align: center;\"><a href=\"http:\/\/www.susannavaris.com\/blogg\/wp-content\/uploads\/2013\/08\/lantlivDSC_0290-50.jpg\"><img loading=\"lazy\" decoding=\"async\" class=\"aligncenter size-full wp-image-10622\" alt=\"lantlivDSC_0290-50\" src=\"http:\/\/www.susannavaris.com\/blogg\/wp-content\/uploads\/2013\/08\/lantlivDSC_0290-50.jpg\" width=\"1424\" height=\"2144\" srcset=\"http:\/\/www.susannavaris.com\/blogg\/wp-content\/uploads\/2013\/08\/lantlivDSC_0290-50.jpg 1424w, http:\/\/www.susannavaris.com\/blogg\/wp-content\/uploads\/2013\/08\/lantlivDSC_0290-50-199x300.jpg 199w, http:\/\/www.susannavaris.com\/blogg\/wp-content\/uploads\/2013\/08\/lantlivDSC_0290-50-680x1024.jpg 680w\" sizes=\"auto, (max-width: 1424px) 100vw, 1424px\" \/><\/a><em>\u00a0&#8230;eller s\u00e5 n\u00f6jer man sig med billighetstisha fr\u00e5n Camden, utan smycken som l\u00e4tt kan tappas bort n\u00e4r man vaskar saker p\u00e5 bryggan eller b\u00e4r vatten. Laduv\u00e4ggen bakom skulle dock faktiskt passa in i ett dylikt magasin.<\/em><\/p>\n<p style=\"text-align: center;\"><a href=\"http:\/\/www.susannavaris.com\/blogg\/wp-content\/uploads\/2013\/08\/Lantliv-Fest-Ruin-Susanna-blavarg-12-95.jpeg\"><img loading=\"lazy\" decoding=\"async\" class=\"aligncenter size-full wp-image-10638\" alt=\"Lantliv Fest Ruin Susanna blavarg 12 95\" src=\"http:\/\/www.susannavaris.com\/blogg\/wp-content\/uploads\/2013\/08\/Lantliv-Fest-Ruin-Susanna-blavarg-12-95.jpeg\" width=\"435\" height=\"640\" srcset=\"http:\/\/www.susannavaris.com\/blogg\/wp-content\/uploads\/2013\/08\/Lantliv-Fest-Ruin-Susanna-blavarg-12-95.jpeg 435w, http:\/\/www.susannavaris.com\/blogg\/wp-content\/uploads\/2013\/08\/Lantliv-Fest-Ruin-Susanna-blavarg-12-95-203x300.jpeg 203w\" sizes=\"auto, (max-width: 435px) 100vw, 435px\" \/><\/a>\u00a0<em>P\u00e5 landet l\u00e4gger man upp maten i bildsk\u00f6na installationer p\u00e5 antikt porslin&#8230;<\/em><\/p>\n<p style=\"text-align: center;\"><a href=\"http:\/\/www.susannavaris.com\/blogg\/wp-content\/uploads\/2013\/08\/DSC_0362-50.jpg\"><img loading=\"lazy\" decoding=\"async\" class=\"aligncenter size-full wp-image-10639\" alt=\"DSC_0362-50\" src=\"http:\/\/www.susannavaris.com\/blogg\/wp-content\/uploads\/2013\/08\/DSC_0362-50.jpg\" width=\"2304\" height=\"1536\" srcset=\"http:\/\/www.susannavaris.com\/blogg\/wp-content\/uploads\/2013\/08\/DSC_0362-50.jpg 2304w, http:\/\/www.susannavaris.com\/blogg\/wp-content\/uploads\/2013\/08\/DSC_0362-50-300x200.jpg 300w, http:\/\/www.susannavaris.com\/blogg\/wp-content\/uploads\/2013\/08\/DSC_0362-50-1024x682.jpg 1024w\" sizes=\"auto, (max-width: 2304px) 100vw, 2304px\" \/><\/a><\/p>\n<p style=\"text-align: center;\"><a href=\"http:\/\/www.susannavaris.com\/blogg\/wp-content\/uploads\/2013\/08\/DSC_0363-50.jpg\"><img loading=\"lazy\" decoding=\"async\" class=\"aligncenter size-full wp-image-10635\" alt=\"DSC_0363-50\" src=\"http:\/\/www.susannavaris.com\/blogg\/wp-content\/uploads\/2013\/08\/DSC_0363-50.jpg\" width=\"1736\" height=\"1379\" srcset=\"http:\/\/www.susannavaris.com\/blogg\/wp-content\/uploads\/2013\/08\/DSC_0363-50.jpg 1736w, http:\/\/www.susannavaris.com\/blogg\/wp-content\/uploads\/2013\/08\/DSC_0363-50-300x238.jpg 300w, http:\/\/www.susannavaris.com\/blogg\/wp-content\/uploads\/2013\/08\/DSC_0363-50-1024x813.jpg 1024w\" sizes=\"auto, (max-width: 1736px) 100vw, 1736px\" \/><\/a>\u00a0<em>&#8230;eller s\u00e5 anv\u00e4nder man en fr\u00e5n en moster sk\u00e4nkt kastrull och plastsk\u00e5lar fr\u00e5n Rusta (5 f\u00f6r 69 kr).<\/em><\/p>\n<p style=\"text-align: center;\"><a href=\"http:\/\/www.susannavaris.com\/blogg\/wp-content\/uploads\/2013\/08\/lantliv21.jpg\"><img loading=\"lazy\" decoding=\"async\" class=\"aligncenter size-full wp-image-10642\" alt=\"lantliv2\" src=\"http:\/\/www.susannavaris.com\/blogg\/wp-content\/uploads\/2013\/08\/lantliv21.jpg\" width=\"500\" height=\"646\" srcset=\"http:\/\/www.susannavaris.com\/blogg\/wp-content\/uploads\/2013\/08\/lantliv21.jpg 500w, http:\/\/www.susannavaris.com\/blogg\/wp-content\/uploads\/2013\/08\/lantliv21-232x300.jpg 232w\" sizes=\"auto, (max-width: 500px) 100vw, 500px\" \/><\/a><\/p>\n<p style=\"text-align: center;\"><a href=\"http:\/\/www.susannavaris.com\/blogg\/wp-content\/uploads\/2013\/08\/lantliv2-5.jpg\"><img loading=\"lazy\" decoding=\"async\" class=\"aligncenter size-full wp-image-10641\" alt=\"lantliv2-5\" src=\"http:\/\/www.susannavaris.com\/blogg\/wp-content\/uploads\/2013\/08\/lantliv2-5.jpg\" width=\"286\" height=\"360\" srcset=\"http:\/\/www.susannavaris.com\/blogg\/wp-content\/uploads\/2013\/08\/lantliv2-5.jpg 286w, http:\/\/www.susannavaris.com\/blogg\/wp-content\/uploads\/2013\/08\/lantliv2-5-238x300.jpg 238w\" sizes=\"auto, (max-width: 286px) 100vw, 286px\" \/><\/a>\u00a0<em>P\u00e5 landet flyger man upp p\u00e5 sk\u00e4nkar och bord p\u00e5 ett lika naturligt s\u00e4tt som musiken bryter ut i musikalfilmer&#8230;<\/em><\/p>\n<p style=\"text-align: center;\"><a href=\"http:\/\/www.susannavaris.com\/blogg\/wp-content\/uploads\/2013\/08\/lantlivDSC_0303-50.jpg\"><img loading=\"lazy\" decoding=\"async\" class=\"aligncenter size-full wp-image-10624\" alt=\"lantlivDSC_0303-50\" src=\"http:\/\/www.susannavaris.com\/blogg\/wp-content\/uploads\/2013\/08\/lantlivDSC_0303-50.jpg\" width=\"885\" height=\"1143\" srcset=\"http:\/\/www.susannavaris.com\/blogg\/wp-content\/uploads\/2013\/08\/lantlivDSC_0303-50.jpg 885w, http:\/\/www.susannavaris.com\/blogg\/wp-content\/uploads\/2013\/08\/lantlivDSC_0303-50-232x300.jpg 232w, http:\/\/www.susannavaris.com\/blogg\/wp-content\/uploads\/2013\/08\/lantlivDSC_0303-50-792x1024.jpg 792w\" sizes=\"auto, (max-width: 885px) 100vw, 885px\" \/><\/a><em>\u00a0Jag vet inte vad f\u00f6r slags syssla man utf\u00f6r genom att sitta med porslin i kn\u00e4et, men ok, Crowbar \u00e4r inte s\u00e4mre&#8230;<\/em><\/p>\n<p style=\"text-align: center;\"><a href=\"http:\/\/www.susannavaris.com\/blogg\/wp-content\/uploads\/2013\/08\/lantliv2-2.jpg\"><img loading=\"lazy\" decoding=\"async\" class=\"aligncenter size-full wp-image-10643\" alt=\"lantliv2-2\" src=\"http:\/\/www.susannavaris.com\/blogg\/wp-content\/uploads\/2013\/08\/lantliv2-2.jpg\" width=\"385\" height=\"486\" srcset=\"http:\/\/www.susannavaris.com\/blogg\/wp-content\/uploads\/2013\/08\/lantliv2-2.jpg 385w, http:\/\/www.susannavaris.com\/blogg\/wp-content\/uploads\/2013\/08\/lantliv2-2-237x300.jpg 237w\" sizes=\"auto, (max-width: 385px) 100vw, 385px\" \/><\/a>\u00a0<em>Man kan ocks\u00e5 st\u00e5 och mysa med matprodukter lite f\u00f6rf\u00f6riskt&#8230;<\/em><\/p>\n<p style=\"text-align: center;\"><a href=\"http:\/\/www.susannavaris.com\/blogg\/wp-content\/uploads\/2013\/08\/lantlivDSC_0305-50.jpg\"><img loading=\"lazy\" decoding=\"async\" class=\"aligncenter size-full wp-image-10626\" alt=\"lantlivDSC_0305-50\" src=\"http:\/\/www.susannavaris.com\/blogg\/wp-content\/uploads\/2013\/08\/lantlivDSC_0305-50.jpg\" width=\"927\" height=\"1246\" srcset=\"http:\/\/www.susannavaris.com\/blogg\/wp-content\/uploads\/2013\/08\/lantlivDSC_0305-50.jpg 927w, http:\/\/www.susannavaris.com\/blogg\/wp-content\/uploads\/2013\/08\/lantlivDSC_0305-50-223x300.jpg 223w, http:\/\/www.susannavaris.com\/blogg\/wp-content\/uploads\/2013\/08\/lantlivDSC_0305-50-761x1024.jpg 761w\" sizes=\"auto, (max-width: 927px) 100vw, 927px\" \/><\/a>\u00a0&#8230;s<em>\u00e5 jag st\u00e5r och myser med k\u00f6ttf\u00e4rss\u00e5sen. F\u00f6rf\u00f6riskt skulle jag nog utel\u00e4mna i mitt fall&#8230; :)<\/em><\/p>\n<p style=\"text-align: center;\">\u00a0<a href=\"http:\/\/www.susannavaris.com\/blogg\/wp-content\/uploads\/2013\/08\/lantliv2-41.jpg\"><img loading=\"lazy\" decoding=\"async\" class=\"aligncenter size-full wp-image-10645\" alt=\"lantliv2-4\" src=\"http:\/\/www.susannavaris.com\/blogg\/wp-content\/uploads\/2013\/08\/lantliv2-41.jpg\" width=\"357\" height=\"502\" srcset=\"http:\/\/www.susannavaris.com\/blogg\/wp-content\/uploads\/2013\/08\/lantliv2-41.jpg 357w, http:\/\/www.susannavaris.com\/blogg\/wp-content\/uploads\/2013\/08\/lantliv2-41-213x300.jpg 213w\" sizes=\"auto, (max-width: 357px) 100vw, 357px\" \/><\/a><em>\u00a0P\u00e5 landet \u00e4r k\u00f6ken pietetsfullt och charmigt restaurerade och spr\u00e4ngfyllda med dyra material, dolda moderniteter och svindyra antikviteter som harmoniserar vackert ihop&#8230;<\/em><\/p>\n<p style=\"text-align: center;\"><a href=\"http:\/\/www.susannavaris.com\/blogg\/wp-content\/uploads\/2013\/08\/DSC_0344-50.jpg\"><img loading=\"lazy\" decoding=\"async\" class=\"aligncenter size-full wp-image-10634\" alt=\"DSC_0344-50\" src=\"http:\/\/www.susannavaris.com\/blogg\/wp-content\/uploads\/2013\/08\/DSC_0344-50.jpg\" width=\"2304\" height=\"1536\" srcset=\"http:\/\/www.susannavaris.com\/blogg\/wp-content\/uploads\/2013\/08\/DSC_0344-50.jpg 2304w, http:\/\/www.susannavaris.com\/blogg\/wp-content\/uploads\/2013\/08\/DSC_0344-50-300x200.jpg 300w, http:\/\/www.susannavaris.com\/blogg\/wp-content\/uploads\/2013\/08\/DSC_0344-50-1024x682.jpg 1024w\" sizes=\"auto, (max-width: 2304px) 100vw, 2304px\" \/><\/a><\/p>\n<p style=\"text-align: center;\"><em>&#8230;eller s\u00e5 ser det ut som en loppis \u00f6ver en fusion av autentisk 70-tals-f\u00e4rgblindhet och 90-tals-ikea. Jag s\u00e4ger det igen: jag har \u00f6verlevt 70-talet och det var inte vackert ens d\u00e5.<\/em><\/p>\n<p style=\"text-align: center;\"><a href=\"http:\/\/www.susannavaris.com\/blogg\/wp-content\/uploads\/2013\/08\/lantliv-3.jpg\"><img loading=\"lazy\" decoding=\"async\" class=\"aligncenter size-full wp-image-10646\" alt=\"lantliv-3\" src=\"http:\/\/www.susannavaris.com\/blogg\/wp-content\/uploads\/2013\/08\/lantliv-3.jpg\" width=\"745\" height=\"962\" srcset=\"http:\/\/www.susannavaris.com\/blogg\/wp-content\/uploads\/2013\/08\/lantliv-3.jpg 745w, http:\/\/www.susannavaris.com\/blogg\/wp-content\/uploads\/2013\/08\/lantliv-3-232x300.jpg 232w\" sizes=\"auto, (max-width: 745px) 100vw, 745px\" \/><\/a>\u00a0<em>I det lantliga k\u00f6ket st\u00e5r man i full sminkning och en h\u00e5rupps\u00e4ttning som tagit minst tv\u00e5 timmar (av en fris\u00f6r) att fullborda och torkar antikt porslin med en dr\u00f6msk blick&#8230;<\/em><\/p>\n<p style=\"text-align: center;\"><a href=\"http:\/\/www.susannavaris.com\/blogg\/wp-content\/uploads\/2013\/08\/lantlivDSC_0301-50.jpg\"><img loading=\"lazy\" decoding=\"async\" class=\"aligncenter size-full wp-image-10623\" alt=\"lantlivDSC_0301-50\" src=\"http:\/\/www.susannavaris.com\/blogg\/wp-content\/uploads\/2013\/08\/lantlivDSC_0301-50.jpg\" width=\"1049\" height=\"1653\" srcset=\"http:\/\/www.susannavaris.com\/blogg\/wp-content\/uploads\/2013\/08\/lantlivDSC_0301-50.jpg 1049w, http:\/\/www.susannavaris.com\/blogg\/wp-content\/uploads\/2013\/08\/lantlivDSC_0301-50-190x300.jpg 190w, http:\/\/www.susannavaris.com\/blogg\/wp-content\/uploads\/2013\/08\/lantlivDSC_0301-50-649x1024.jpg 649w\" sizes=\"auto, (max-width: 1049px) 100vw, 1049px\" \/><\/a><\/p>\n<p style=\"text-align: center;\"><em>Precis som det ser ut hos oss, med andra ord! (Notera g\u00e4rna den smutsiga f\u00f6nsterputsduken och toarullen i bakgrunden.)<\/em><\/p>\n<p style=\"text-align: center;\"><a href=\"http:\/\/www.susannavaris.com\/blogg\/wp-content\/uploads\/2013\/08\/lantliv-7-2012.jpg\"><img loading=\"lazy\" decoding=\"async\" class=\"aligncenter size-full wp-image-10648\" alt=\"lantliv-7-2012\" src=\"http:\/\/www.susannavaris.com\/blogg\/wp-content\/uploads\/2013\/08\/lantliv-7-2012.jpg\" width=\"385\" height=\"497\" srcset=\"http:\/\/www.susannavaris.com\/blogg\/wp-content\/uploads\/2013\/08\/lantliv-7-2012.jpg 385w, http:\/\/www.susannavaris.com\/blogg\/wp-content\/uploads\/2013\/08\/lantliv-7-2012-232x300.jpg 232w\" sizes=\"auto, (max-width: 385px) 100vw, 385px\" \/><\/a>\u00a0<em>En sommarfest st\u00e4ller man sj\u00e4lvklart till och d\u00e5 skuttar man runt med en skottk\u00e4rra i h\u00f6gklackat och vit kl\u00e4nning&#8230;<\/em><\/p>\n<p style=\"text-align: center;\"><a href=\"http:\/\/www.susannavaris.com\/blogg\/wp-content\/uploads\/2013\/08\/DSC_0307-501.jpg\"><img loading=\"lazy\" decoding=\"async\" class=\"aligncenter size-full wp-image-10650\" alt=\"DSC_0307-50\" src=\"http:\/\/www.susannavaris.com\/blogg\/wp-content\/uploads\/2013\/08\/DSC_0307-501.jpg\" width=\"1095\" height=\"1699\" srcset=\"http:\/\/www.susannavaris.com\/blogg\/wp-content\/uploads\/2013\/08\/DSC_0307-501.jpg 1095w, http:\/\/www.susannavaris.com\/blogg\/wp-content\/uploads\/2013\/08\/DSC_0307-501-193x300.jpg 193w, http:\/\/www.susannavaris.com\/blogg\/wp-content\/uploads\/2013\/08\/DSC_0307-501-659x1024.jpg 659w\" sizes=\"auto, (max-width: 1095px) 100vw, 1095px\" \/><\/a><em>\u00a0&#8230;om man hinner f\u00f6r vattenk\u00e5nkandet.<\/em><\/p>\n<p style=\"text-align: center;\"><a href=\"http:\/\/www.susannavaris.com\/blogg\/wp-content\/uploads\/2013\/08\/lantliv2009_big_33846004.jpg\"><img loading=\"lazy\" decoding=\"async\" class=\"aligncenter size-full wp-image-10651\" alt=\"lantliv2009_big_33846004\" src=\"http:\/\/www.susannavaris.com\/blogg\/wp-content\/uploads\/2013\/08\/lantliv2009_big_33846004.jpg\" width=\"500\" height=\"645\" srcset=\"http:\/\/www.susannavaris.com\/blogg\/wp-content\/uploads\/2013\/08\/lantliv2009_big_33846004.jpg 500w, http:\/\/www.susannavaris.com\/blogg\/wp-content\/uploads\/2013\/08\/lantliv2009_big_33846004-232x300.jpg 232w\" sizes=\"auto, (max-width: 500px) 100vw, 500px\" \/><\/a>\u00a0<em>P\u00e5 landet flyger man ocks\u00e5 upp p\u00e5 trasmattor med p\u00e5skris i n\u00e4ven&#8230;<\/em><\/p>\n<p style=\"text-align: center;\"><a href=\"http:\/\/www.susannavaris.com\/blogg\/wp-content\/uploads\/2013\/08\/lantlivDSC_0311-50.jpg\"><img loading=\"lazy\" decoding=\"async\" class=\"aligncenter size-full wp-image-10629\" alt=\"lantlivDSC_0311-50\" src=\"http:\/\/www.susannavaris.com\/blogg\/wp-content\/uploads\/2013\/08\/lantlivDSC_0311-50.jpg\" width=\"763\" height=\"1314\" srcset=\"http:\/\/www.susannavaris.com\/blogg\/wp-content\/uploads\/2013\/08\/lantlivDSC_0311-50.jpg 763w, http:\/\/www.susannavaris.com\/blogg\/wp-content\/uploads\/2013\/08\/lantlivDSC_0311-50-174x300.jpg 174w, http:\/\/www.susannavaris.com\/blogg\/wp-content\/uploads\/2013\/08\/lantlivDSC_0311-50-594x1024.jpg 594w\" sizes=\"auto, (max-width: 763px) 100vw, 763px\" \/><\/a>\u00a0<em>&#8230;eller s\u00e5 flyger man upp p\u00e5 en trasmatta och en vaxduk med en bj\u00f6rkruska i densamma.<\/em><\/p>\n<p style=\"text-align: center;\"><a href=\"http:\/\/www.susannavaris.com\/blogg\/wp-content\/uploads\/2013\/08\/lantlivDSC_0317-50.jpg\"><img loading=\"lazy\" decoding=\"async\" class=\"aligncenter size-full wp-image-10632\" alt=\"lantlivDSC_0317-50\" src=\"http:\/\/www.susannavaris.com\/blogg\/wp-content\/uploads\/2013\/08\/lantlivDSC_0317-50.jpg\" width=\"1173\" height=\"1611\" srcset=\"http:\/\/www.susannavaris.com\/blogg\/wp-content\/uploads\/2013\/08\/lantlivDSC_0317-50.jpg 1173w, http:\/\/www.susannavaris.com\/blogg\/wp-content\/uploads\/2013\/08\/lantlivDSC_0317-50-218x300.jpg 218w, http:\/\/www.susannavaris.com\/blogg\/wp-content\/uploads\/2013\/08\/lantlivDSC_0317-50-745x1024.jpg 745w\" sizes=\"auto, (max-width: 1173px) 100vw, 1173px\" \/><\/a>\u00a0<em>Efter bastun f\u00e5r man till n\u00e4stan denna frisyr:<\/em><\/p>\n<p style=\"text-align: center;\"><a href=\"http:\/\/www.susannavaris.com\/blogg\/wp-content\/uploads\/2013\/08\/Lantliv-23.jpg\"><img loading=\"lazy\" decoding=\"async\" class=\"aligncenter size-full wp-image-10652\" alt=\"Lantliv-23\" src=\"http:\/\/www.susannavaris.com\/blogg\/wp-content\/uploads\/2013\/08\/Lantliv-23.jpg\" width=\"338\" height=\"450\" srcset=\"http:\/\/www.susannavaris.com\/blogg\/wp-content\/uploads\/2013\/08\/Lantliv-23.jpg 338w, http:\/\/www.susannavaris.com\/blogg\/wp-content\/uploads\/2013\/08\/Lantliv-23-225x300.jpg 225w\" sizes=\"auto, (max-width: 338px) 100vw, 338px\" \/><\/a>\u00a0<em>&#8230;och \u00e5terigen st\u00e5r, g\u00e5r och sitter man med n\u00e5got porslinsinsstilleben i h\u00e4nderna.<\/em><\/p>\n<p style=\"text-align: center;\"><a href=\"http:\/\/www.susannavaris.com\/blogg\/wp-content\/uploads\/2013\/08\/Lantliv22.copy_1.jpg_large1.jpg\"><img loading=\"lazy\" decoding=\"async\" class=\"aligncenter size-full wp-image-10653\" alt=\"Lantliv22.copy.jpg_large\" src=\"http:\/\/www.susannavaris.com\/blogg\/wp-content\/uploads\/2013\/08\/Lantliv22.copy_1.jpg_large1.jpg\" width=\"400\" height=\"535\" srcset=\"http:\/\/www.susannavaris.com\/blogg\/wp-content\/uploads\/2013\/08\/Lantliv22.copy_1.jpg_large1.jpg 400w, http:\/\/www.susannavaris.com\/blogg\/wp-content\/uploads\/2013\/08\/Lantliv22.copy_1.jpg_large1-224x300.jpg 224w\" sizes=\"auto, (max-width: 400px) 100vw, 400px\" \/><\/a>\u00a0<em>Den lantliga v\u00e4rdinnan dukar upp f\u00f6r fest i det stilrena matrummet&#8230;<\/em><\/p>\n<p style=\"text-align: center;\"><a href=\"http:\/\/www.susannavaris.com\/blogg\/wp-content\/uploads\/2013\/08\/lantlivDSC_0308-50.jpg\"><img loading=\"lazy\" decoding=\"async\" class=\"aligncenter size-full wp-image-10627\" alt=\"lantlivDSC_0308-50\" src=\"http:\/\/www.susannavaris.com\/blogg\/wp-content\/uploads\/2013\/08\/lantlivDSC_0308-50.jpg\" width=\"1205\" height=\"1975\" srcset=\"http:\/\/www.susannavaris.com\/blogg\/wp-content\/uploads\/2013\/08\/lantlivDSC_0308-50.jpg 1205w, http:\/\/www.susannavaris.com\/blogg\/wp-content\/uploads\/2013\/08\/lantlivDSC_0308-50-183x300.jpg 183w, http:\/\/www.susannavaris.com\/blogg\/wp-content\/uploads\/2013\/08\/lantlivDSC_0308-50-624x1024.jpg 624w\" sizes=\"auto, (max-width: 1205px) 100vw, 1205px\" \/><\/a>\u00a0<em>\u00c5terigen: precis som hos oss&#8230;<\/em><\/p>\n<p style=\"text-align: center;\"><a href=\"http:\/\/www.susannavaris.com\/blogg\/wp-content\/uploads\/2013\/08\/lantliv525233_512489358787763_327318828_n.jpg\"><img loading=\"lazy\" decoding=\"async\" class=\"aligncenter size-full wp-image-10654\" alt=\"lantliv525233_512489358787763_327318828_n\" src=\"http:\/\/www.susannavaris.com\/blogg\/wp-content\/uploads\/2013\/08\/lantliv525233_512489358787763_327318828_n.jpg\" width=\"480\" height=\"480\" srcset=\"http:\/\/www.susannavaris.com\/blogg\/wp-content\/uploads\/2013\/08\/lantliv525233_512489358787763_327318828_n.jpg 480w, http:\/\/www.susannavaris.com\/blogg\/wp-content\/uploads\/2013\/08\/lantliv525233_512489358787763_327318828_n-150x150.jpg 150w, http:\/\/www.susannavaris.com\/blogg\/wp-content\/uploads\/2013\/08\/lantliv525233_512489358787763_327318828_n-300x300.jpg 300w\" sizes=\"auto, (max-width: 480px) 100vw, 480px\" \/><\/a>\u00a0Lite krattning ing\u00e5r i lantlivet. Sj\u00e4lvklart g\u00f6rs detta b\u00e4st i tjusig sommarkl\u00e4nning och s\u00f6t liten cardigan&#8230;<\/p>\n<p style=\"text-align: center;\"><a href=\"http:\/\/www.susannavaris.com\/blogg\/wp-content\/uploads\/2013\/08\/lantlivDSC_0309-50.jpg\"><img loading=\"lazy\" decoding=\"async\" class=\"aligncenter size-full wp-image-10628\" alt=\"lantlivDSC_0309-50\" src=\"http:\/\/www.susannavaris.com\/blogg\/wp-content\/uploads\/2013\/08\/lantlivDSC_0309-50.jpg\" width=\"1907\" height=\"2974\" srcset=\"http:\/\/www.susannavaris.com\/blogg\/wp-content\/uploads\/2013\/08\/lantlivDSC_0309-50.jpg 1907w, http:\/\/www.susannavaris.com\/blogg\/wp-content\/uploads\/2013\/08\/lantlivDSC_0309-50-192x300.jpg 192w, http:\/\/www.susannavaris.com\/blogg\/wp-content\/uploads\/2013\/08\/lantlivDSC_0309-50-656x1024.jpg 656w\" sizes=\"auto, (max-width: 1907px) 100vw, 1907px\" \/><\/a>\u00a0<em>&#8230;eller s\u00e5 tar man en av de tre tishorna och den eviga (men bekv\u00e4ma och praktiska) byxkjolen fr\u00e5n Indiska (1994) man orkade b\u00e4ra i sin ryggs\u00e4ck&#8230;<\/em><\/p>\n<p style=\"text-align: center;\"><a href=\"http:\/\/www.susannavaris.com\/blogg\/wp-content\/uploads\/2013\/08\/lantlivsffsfs.jpg\"><img loading=\"lazy\" decoding=\"async\" class=\"aligncenter size-full wp-image-10656\" alt=\"lantlivsffsfs\" src=\"http:\/\/www.susannavaris.com\/blogg\/wp-content\/uploads\/2013\/08\/lantlivsffsfs.jpg\" width=\"2211\" height=\"3180\" srcset=\"http:\/\/www.susannavaris.com\/blogg\/wp-content\/uploads\/2013\/08\/lantlivsffsfs.jpg 2211w, http:\/\/www.susannavaris.com\/blogg\/wp-content\/uploads\/2013\/08\/lantlivsffsfs-208x300.jpg 208w, http:\/\/www.susannavaris.com\/blogg\/wp-content\/uploads\/2013\/08\/lantlivsffsfs-711x1024.jpg 711w\" sizes=\"auto, (max-width: 2211px) 100vw, 2211px\" \/><\/a><\/p>\n<p style=\"text-align: center;\"><em>Lantchic hatt i livsstilsv\u00e4rlden&#8230;<\/em><\/p>\n<p style=\"text-align: center;\"><a href=\"http:\/\/www.susannavaris.com\/blogg\/wp-content\/uploads\/2013\/08\/lantlivDSC_0315-50.jpg\"><img loading=\"lazy\" decoding=\"async\" class=\"aligncenter size-full wp-image-10631\" alt=\"lantlivDSC_0315-50\" src=\"http:\/\/www.susannavaris.com\/blogg\/wp-content\/uploads\/2013\/08\/lantlivDSC_0315-50.jpg\" width=\"738\" height=\"1240\" srcset=\"http:\/\/www.susannavaris.com\/blogg\/wp-content\/uploads\/2013\/08\/lantlivDSC_0315-50.jpg 738w, http:\/\/www.susannavaris.com\/blogg\/wp-content\/uploads\/2013\/08\/lantlivDSC_0315-50-178x300.jpg 178w, http:\/\/www.susannavaris.com\/blogg\/wp-content\/uploads\/2013\/08\/lantlivDSC_0315-50-609x1024.jpg 609w\" sizes=\"auto, (max-width: 738px) 100vw, 738px\" \/><\/a><\/p>\n<p style=\"text-align: center;\"><em>Lantchict i verkligheten<\/em><\/p>\n<p style=\"text-align: center;\"><a href=\"http:\/\/www.susannavaris.com\/blogg\/wp-content\/uploads\/2013\/08\/recept.8493.460x345.jpg\"><img loading=\"lazy\" decoding=\"async\" class=\"aligncenter size-full wp-image-10657\" alt=\"recept.8493.460x345\" src=\"http:\/\/www.susannavaris.com\/blogg\/wp-content\/uploads\/2013\/08\/recept.8493.460x345.jpg\" width=\"460\" height=\"345\" srcset=\"http:\/\/www.susannavaris.com\/blogg\/wp-content\/uploads\/2013\/08\/recept.8493.460x345.jpg 460w, http:\/\/www.susannavaris.com\/blogg\/wp-content\/uploads\/2013\/08\/recept.8493.460x345-300x225.jpg 300w\" sizes=\"auto, (max-width: 460px) 100vw, 460px\" \/><\/a>\u00a0<em>Designad pastasallad<\/em><\/p>\n<p style=\"text-align: center;\"><a href=\"http:\/\/www.susannavaris.com\/blogg\/wp-content\/uploads\/2013\/08\/DSC_0364-50.jpg\"><img loading=\"lazy\" decoding=\"async\" class=\"aligncenter size-full wp-image-10636\" alt=\"DSC_0364-50\" src=\"http:\/\/www.susannavaris.com\/blogg\/wp-content\/uploads\/2013\/08\/DSC_0364-50.jpg\" width=\"2304\" height=\"1536\" srcset=\"http:\/\/www.susannavaris.com\/blogg\/wp-content\/uploads\/2013\/08\/DSC_0364-50.jpg 2304w, http:\/\/www.susannavaris.com\/blogg\/wp-content\/uploads\/2013\/08\/DSC_0364-50-300x200.jpg 300w, http:\/\/www.susannavaris.com\/blogg\/wp-content\/uploads\/2013\/08\/DSC_0364-50-1024x682.jpg 1024w\" sizes=\"auto, (max-width: 2304px) 100vw, 2304px\" \/><\/a>\u00a0<em>Verklighetens pastasallad<\/em><\/p>\n<p style=\"text-align: center;\"><a href=\"http:\/\/www.susannavaris.com\/blogg\/wp-content\/uploads\/2013\/08\/lantliv032.jpg\"><img loading=\"lazy\" decoding=\"async\" class=\"aligncenter size-full wp-image-10658\" alt=\"lantliv032\" src=\"http:\/\/www.susannavaris.com\/blogg\/wp-content\/uploads\/2013\/08\/lantliv032.jpg\" width=\"338\" height=\"450\" srcset=\"http:\/\/www.susannavaris.com\/blogg\/wp-content\/uploads\/2013\/08\/lantliv032.jpg 338w, http:\/\/www.susannavaris.com\/blogg\/wp-content\/uploads\/2013\/08\/lantliv032-225x300.jpg 225w\" sizes=\"auto, (max-width: 338px) 100vw, 338px\" \/><\/a>\u00a0<em>P\u00e5 landet torkar man v\u00e4xter (?) i en minimalistisk upph\u00e4ngning&#8230;<\/em><\/p>\n<p style=\"text-align: center;\"><a href=\"http:\/\/www.susannavaris.com\/blogg\/wp-content\/uploads\/2013\/08\/lantlivDSC_0380-crop-50.jpg\"><img loading=\"lazy\" decoding=\"async\" class=\"aligncenter size-full wp-image-10633\" alt=\"lantlivDSC_0380-crop-50\" src=\"http:\/\/www.susannavaris.com\/blogg\/wp-content\/uploads\/2013\/08\/lantlivDSC_0380-crop-50.jpg\" width=\"1192\" height=\"1572\" srcset=\"http:\/\/www.susannavaris.com\/blogg\/wp-content\/uploads\/2013\/08\/lantlivDSC_0380-crop-50.jpg 1192w, http:\/\/www.susannavaris.com\/blogg\/wp-content\/uploads\/2013\/08\/lantlivDSC_0380-crop-50-227x300.jpg 227w, http:\/\/www.susannavaris.com\/blogg\/wp-content\/uploads\/2013\/08\/lantlivDSC_0380-crop-50-776x1024.jpg 776w\" sizes=\"auto, (max-width: 1192px) 100vw, 1192px\" \/><\/a>\u00a0<em>&#8230;alternativt s\u00e5gar man upp utgallrade bj\u00f6rkar.<\/em><\/p>\n<p style=\"text-align: center;\"><a href=\"http:\/\/www.susannavaris.com\/blogg\/wp-content\/uploads\/2013\/08\/lantlivthumb.jpg\"><img loading=\"lazy\" decoding=\"async\" class=\"aligncenter size-full wp-image-10660\" alt=\"lantlivthumb\" src=\"http:\/\/www.susannavaris.com\/blogg\/wp-content\/uploads\/2013\/08\/lantlivthumb.jpg\" width=\"563\" height=\"731\" srcset=\"http:\/\/www.susannavaris.com\/blogg\/wp-content\/uploads\/2013\/08\/lantlivthumb.jpg 563w, http:\/\/www.susannavaris.com\/blogg\/wp-content\/uploads\/2013\/08\/lantlivthumb-231x300.jpg 231w\" sizes=\"auto, (max-width: 563px) 100vw, 563px\" \/><\/a>\u00a0<em>P\u00e5 landet st\u00e5r man och h\u00e4nger i en snajdig skinnkjol och skimpy ylletr\u00f6ja framf\u00f6r en patinerad ladug\u00e5rdsv\u00e4gg&#8230;<\/em><\/p>\n<p style=\"text-align: center;\"><a href=\"http:\/\/www.susannavaris.com\/blogg\/wp-content\/uploads\/2013\/08\/lantlivDSC_0285-50.jpg\"><img loading=\"lazy\" decoding=\"async\" class=\"aligncenter size-full wp-image-10621\" alt=\"lantlivDSC_0285-50\" src=\"http:\/\/www.susannavaris.com\/blogg\/wp-content\/uploads\/2013\/08\/lantlivDSC_0285-50.jpg\" width=\"887\" height=\"1239\" srcset=\"http:\/\/www.susannavaris.com\/blogg\/wp-content\/uploads\/2013\/08\/lantlivDSC_0285-50.jpg 887w, http:\/\/www.susannavaris.com\/blogg\/wp-content\/uploads\/2013\/08\/lantlivDSC_0285-50-214x300.jpg 214w, http:\/\/www.susannavaris.com\/blogg\/wp-content\/uploads\/2013\/08\/lantlivDSC_0285-50-733x1024.jpg 733w\" sizes=\"auto, (max-width: 887px) 100vw, 887px\" \/><\/a><em>\u00a0&#8230;eller s\u00e5 g\u00f6r man lite nytta och promenerar iv\u00e4g med soporna n\u00e5gon kilometer.<\/em><\/p>\n<p style=\"text-align: left;\">S\u00e5 tedde sig det oretuscherade lantlivet p\u00e5 sommarst\u00e4llet i Finland denna g\u00e5ng. Det \u00e5terst\u00e5r att se n\u00e4r jag blir tillr\u00e4ckligt f\u00f6rm\u00f6gen f\u00f6r att mitt lantliv ska se ut s\u00e5 h\u00e4r ist\u00e4llet (notera g\u00e4rna donera-knappen p\u00e5 sidan till h\u00f6ger&#8230;):<\/p>\n<p style=\"text-align: left;\"><a href=\"http:\/\/www.susannavaris.com\/blogg\/wp-content\/uploads\/2013\/08\/lantlivfrench-country-living2.jpg\"><img loading=\"lazy\" decoding=\"async\" class=\"aligncenter size-full wp-image-10661\" alt=\"lantlivfrench-country-living2\" src=\"http:\/\/www.susannavaris.com\/blogg\/wp-content\/uploads\/2013\/08\/lantlivfrench-country-living2.jpg\" width=\"643\" height=\"860\" srcset=\"http:\/\/www.susannavaris.com\/blogg\/wp-content\/uploads\/2013\/08\/lantlivfrench-country-living2.jpg 643w, http:\/\/www.susannavaris.com\/blogg\/wp-content\/uploads\/2013\/08\/lantlivfrench-country-living2-224x300.jpg 224w\" sizes=\"auto, (max-width: 643px) 100vw, 643px\" \/><\/a><\/p>\n","protected":false},"excerpt":{"rendered":"<p>Nu till del tv\u00e5 i serien om Livet p\u00e5 landet &#8211; the real thing (del 1 kan l\u00e4sas\u00a0h\u00e4r). \u00c4rade publikum har uttryckt \u00f6nskem\u00e5l om att f\u00e5 ta del av ett nytt lantlivsreportage fr\u00e5n \u00e5rets stugsemester, s\u00e5 h\u00e5ll till godo: lantliv &hellip; <a href=\"http:\/\/www.susannavaris.com\/blogg\/2013\/08\/livet-pa-landet-the-real-thing-del-ii\/\">Forts\u00e4tt l\u00e4sa <span class=\"meta-nav\">&rarr;<\/span><\/a><\/p>\n","protected":false},"author":1,"featured_media":0,"comment_status":"open","ping_status":"open","sticky":false,"template":"","format":"standard","meta":{"footnotes":""},"categories":[107,213,1928,1162,14,1],"tags":[4896,3328,1302,3336,2363,19,3335],"class_list":["post-10618","post","type-post","status-publish","format-standard","hentry","category-finland","category-inredning","category-journalistik","category-kultur","category-mode","category-okategoriserade","tag-finland","tag-landet","tag-lantliv","tag-lantliv-the-real-thing","tag-livsstil","tag-mode-2","tag-sommarstuga"],"_links":{"self":[{"href":"http:\/\/www.susannavaris.com\/blogg\/wp-json\/wp\/v2\/posts\/10618","targetHints":{"allow":["GET"]}}],"collection":[{"href":"http:\/\/www.susannavaris.com\/blogg\/wp-json\/wp\/v2\/posts"}],"about":[{"href":"http:\/\/www.susannavaris.com\/blogg\/wp-json\/wp\/v2\/types\/post"}],"author":[{"embeddable":true,"href":"http:\/\/www.susannavaris.com\/blogg\/wp-json\/wp\/v2\/users\/1"}],"replies":[{"embeddable":true,"href":"http:\/\/www.susannavaris.com\/blogg\/wp-json\/wp\/v2\/comments?post=10618"}],"version-history":[{"count":4,"href":"http:\/\/www.susannavaris.com\/blogg\/wp-json\/wp\/v2\/posts\/10618\/revisions"}],"predecessor-version":[{"id":10665,"href":"http:\/\/www.susannavaris.com\/blogg\/wp-json\/wp\/v2\/posts\/10618\/revisions\/10665"}],"wp:attachment":[{"href":"http:\/\/www.susannavaris.com\/blogg\/wp-json\/wp\/v2\/media?parent=10618"}],"wp:term":[{"taxonomy":"category","embeddable":true,"href":"http:\/\/www.susannavaris.com\/blogg\/wp-json\/wp\/v2\/categories?post=10618"},{"taxonomy":"post_tag","embeddable":true,"href":"http:\/\/www.susannavaris.com\/blogg\/wp-json\/wp\/v2\/tags?post=10618"}],"curies":[{"name":"wp","href":"https:\/\/api.w.org\/{rel}","templated":true}]}}