{"id":10686,"date":"2013-08-29T18:00:51","date_gmt":"2013-08-29T16:00:51","guid":{"rendered":"http:\/\/www.susannavaris.com\/blogg\/?p=10686"},"modified":"2013-08-29T21:23:04","modified_gmt":"2013-08-29T19:23:04","slug":"sodertalje-konstnarsforening-pa-galleri-kretsen","status":"publish","type":"post","link":"http:\/\/www.susannavaris.com\/blogg\/2013\/08\/sodertalje-konstnarsforening-pa-galleri-kretsen\/","title":{"rendered":"S\u00f6dert\u00e4lje Konstn\u00e4rskrets p\u00e5 Galleri Kretsen"},"content":{"rendered":"<p>Ytterligare en lat och h\u00e4rlig semesterdag och vi f\u00f6rverkligade promenadplanerna genom att ta oss ner till centrum och bes\u00f6ka S\u00f6dert\u00e4lje Konstn\u00e4rskrets, Kretsens, nya medlemmar som i veckorna st\u00e4ller ut p\u00e5 Galleri Kretsen i Gamla flickskolan p\u00e5 Orionkullen.<\/p>\n<p><a href=\"http:\/\/www.susannavaris.com\/blogg\/wp-content\/uploads\/2013\/08\/kretsen.jpg\"><img loading=\"lazy\" decoding=\"async\" class=\"aligncenter size-full wp-image-10696\" alt=\"kretsen\" src=\"http:\/\/www.susannavaris.com\/blogg\/wp-content\/uploads\/2013\/08\/kretsen.jpg\" width=\"714\" height=\"960\" srcset=\"http:\/\/www.susannavaris.com\/blogg\/wp-content\/uploads\/2013\/08\/kretsen.jpg 714w, http:\/\/www.susannavaris.com\/blogg\/wp-content\/uploads\/2013\/08\/kretsen-223x300.jpg 223w\" sizes=\"auto, (max-width: 714px) 100vw, 714px\" \/><\/a><\/p>\n<p>&nbsp;<\/p>\n<p style=\"text-align: center;\"><a href=\"http:\/\/www.susannavaris.com\/blogg\/wp-content\/uploads\/2013\/08\/DSC_0415-50.jpg\"><img loading=\"lazy\" decoding=\"async\" class=\"aligncenter size-full wp-image-10687\" alt=\"DSC_0415-50\" src=\"http:\/\/www.susannavaris.com\/blogg\/wp-content\/uploads\/2013\/08\/DSC_0415-50.jpg\" width=\"2304\" height=\"1536\" srcset=\"http:\/\/www.susannavaris.com\/blogg\/wp-content\/uploads\/2013\/08\/DSC_0415-50.jpg 2304w, http:\/\/www.susannavaris.com\/blogg\/wp-content\/uploads\/2013\/08\/DSC_0415-50-300x200.jpg 300w, http:\/\/www.susannavaris.com\/blogg\/wp-content\/uploads\/2013\/08\/DSC_0415-50-1024x682.jpg 1024w\" sizes=\"auto, (max-width: 2304px) 100vw, 2304px\" \/><\/a> <a href=\"http:\/\/www.susannavaris.com\/blogg\/wp-content\/uploads\/2013\/08\/DSC_0416-50.jpg\"><img loading=\"lazy\" decoding=\"async\" class=\"aligncenter size-full wp-image-10688\" alt=\"DSC_0416-50\" src=\"http:\/\/www.susannavaris.com\/blogg\/wp-content\/uploads\/2013\/08\/DSC_0416-50.jpg\" width=\"2304\" height=\"1536\" srcset=\"http:\/\/www.susannavaris.com\/blogg\/wp-content\/uploads\/2013\/08\/DSC_0416-50.jpg 2304w, http:\/\/www.susannavaris.com\/blogg\/wp-content\/uploads\/2013\/08\/DSC_0416-50-300x200.jpg 300w, http:\/\/www.susannavaris.com\/blogg\/wp-content\/uploads\/2013\/08\/DSC_0416-50-1024x682.jpg 1024w\" sizes=\"auto, (max-width: 2304px) 100vw, 2304px\" \/><\/a>\u00a0<em>Konstn\u00e4rskollegan och v\u00e4nnen <a href=\"http:\/\/www.ingemarnystrom.nu\/\">Ingemar Nystr\u00f6m<\/a>&#8230;<\/em><\/p>\n<p style=\"text-align: center;\"><a href=\"http:\/\/www.susannavaris.com\/blogg\/wp-content\/uploads\/2013\/08\/DSC_0423-50.jpg\"><img loading=\"lazy\" decoding=\"async\" class=\"aligncenter size-full wp-image-10695\" alt=\"DSC_0423-50\" src=\"http:\/\/www.susannavaris.com\/blogg\/wp-content\/uploads\/2013\/08\/DSC_0423-50.jpg\" width=\"1536\" height=\"2304\" srcset=\"http:\/\/www.susannavaris.com\/blogg\/wp-content\/uploads\/2013\/08\/DSC_0423-50.jpg 1536w, http:\/\/www.susannavaris.com\/blogg\/wp-content\/uploads\/2013\/08\/DSC_0423-50-200x300.jpg 200w, http:\/\/www.susannavaris.com\/blogg\/wp-content\/uploads\/2013\/08\/DSC_0423-50-682x1024.jpg 682w\" sizes=\"auto, (max-width: 1536px) 100vw, 1536px\" \/><\/a><\/p>\n<p style=\"text-align: center;\"><em>Ingemar framf\u00f6r verken &#8221;Dimma&#8221; och &#8221;Dimma II&#8221;<\/em><\/p>\n<p style=\"text-align: center;\"><a href=\"http:\/\/www.susannavaris.com\/blogg\/wp-content\/uploads\/2013\/08\/DSC_0418-50-l.jpg\"><img loading=\"lazy\" decoding=\"async\" class=\"aligncenter size-full wp-image-10690\" alt=\"DSC_0418-50-l\" src=\"http:\/\/www.susannavaris.com\/blogg\/wp-content\/uploads\/2013\/08\/DSC_0418-50-l.jpg\" width=\"1356\" height=\"1691\" srcset=\"http:\/\/www.susannavaris.com\/blogg\/wp-content\/uploads\/2013\/08\/DSC_0418-50-l.jpg 1356w, http:\/\/www.susannavaris.com\/blogg\/wp-content\/uploads\/2013\/08\/DSC_0418-50-l-240x300.jpg 240w, http:\/\/www.susannavaris.com\/blogg\/wp-content\/uploads\/2013\/08\/DSC_0418-50-l-821x1024.jpg 821w\" sizes=\"auto, (max-width: 1356px) 100vw, 1356px\" \/><\/a><em>\u00a0Skulle &#8221;Hurt Angel VII&#8221; verkligen h\u00e4nga s\u00e5 h\u00e4r&#8230;?<\/em><\/p>\n<p style=\"text-align: center;\"><a href=\"http:\/\/www.susannavaris.com\/blogg\/wp-content\/uploads\/2013\/08\/DSC_0418-50.jpg\"><img loading=\"lazy\" decoding=\"async\" class=\"aligncenter size-full wp-image-10689\" alt=\"DSC_0418-50\" src=\"http:\/\/www.susannavaris.com\/blogg\/wp-content\/uploads\/2013\/08\/DSC_0418-50.jpg\" width=\"1691\" height=\"1356\" srcset=\"http:\/\/www.susannavaris.com\/blogg\/wp-content\/uploads\/2013\/08\/DSC_0418-50.jpg 1691w, http:\/\/www.susannavaris.com\/blogg\/wp-content\/uploads\/2013\/08\/DSC_0418-50-300x240.jpg 300w, http:\/\/www.susannavaris.com\/blogg\/wp-content\/uploads\/2013\/08\/DSC_0418-50-1024x821.jpg 1024w\" sizes=\"auto, (max-width: 1691px) 100vw, 1691px\" \/><\/a><em>\u00a0Eller s\u00e5 h\u00e4r, som upph\u00e4ngd ovanifr\u00e5n&#8230;?<\/em><\/p>\n<p style=\"text-align: center;\"><a href=\"http:\/\/www.susannavaris.com\/blogg\/wp-content\/uploads\/2013\/08\/DSC_0418-50-rr.jpg\"><img loading=\"lazy\" decoding=\"async\" class=\"aligncenter size-full wp-image-10691\" alt=\"DSC_0418-50-rr\" src=\"http:\/\/www.susannavaris.com\/blogg\/wp-content\/uploads\/2013\/08\/DSC_0418-50-rr.jpg\" width=\"1658\" height=\"1372\" srcset=\"http:\/\/www.susannavaris.com\/blogg\/wp-content\/uploads\/2013\/08\/DSC_0418-50-rr.jpg 1658w, http:\/\/www.susannavaris.com\/blogg\/wp-content\/uploads\/2013\/08\/DSC_0418-50-rr-300x248.jpg 300w, http:\/\/www.susannavaris.com\/blogg\/wp-content\/uploads\/2013\/08\/DSC_0418-50-rr-1024x847.jpg 1024w\" sizes=\"auto, (max-width: 1658px) 100vw, 1658px\" \/><\/a>\u00a0<em>Eller rent av s\u00e5 h\u00e4r, som flytande p\u00e5 vatten&#8230;?<\/em><\/p>\n<p style=\"text-align: center;\"><a href=\"http:\/\/www.susannavaris.com\/blogg\/wp-content\/uploads\/2013\/08\/DSC_0419-50.jpg\"><img loading=\"lazy\" decoding=\"async\" class=\"aligncenter size-full wp-image-10692\" alt=\"DSC_0419-50\" src=\"http:\/\/www.susannavaris.com\/blogg\/wp-content\/uploads\/2013\/08\/DSC_0419-50.jpg\" width=\"2207\" height=\"1382\" srcset=\"http:\/\/www.susannavaris.com\/blogg\/wp-content\/uploads\/2013\/08\/DSC_0419-50.jpg 2207w, http:\/\/www.susannavaris.com\/blogg\/wp-content\/uploads\/2013\/08\/DSC_0419-50-300x187.jpg 300w, http:\/\/www.susannavaris.com\/blogg\/wp-content\/uploads\/2013\/08\/DSC_0419-50-1024x641.jpg 1024w\" sizes=\"auto, (max-width: 2207px) 100vw, 2207px\" \/><\/a>\u00a0<em>Verk av BM J\u00e4rnstr\u00f6m Lindell&#8230;<\/em><\/p>\n<p style=\"text-align: center;\"><a href=\"http:\/\/www.susannavaris.com\/blogg\/wp-content\/uploads\/2013\/08\/DSC_0421-50.jpg\"><img loading=\"lazy\" decoding=\"async\" class=\"aligncenter size-full wp-image-10693\" alt=\"DSC_0421-50\" src=\"http:\/\/www.susannavaris.com\/blogg\/wp-content\/uploads\/2013\/08\/DSC_0421-50.jpg\" width=\"2304\" height=\"1384\" srcset=\"http:\/\/www.susannavaris.com\/blogg\/wp-content\/uploads\/2013\/08\/DSC_0421-50.jpg 2304w, http:\/\/www.susannavaris.com\/blogg\/wp-content\/uploads\/2013\/08\/DSC_0421-50-300x180.jpg 300w, http:\/\/www.susannavaris.com\/blogg\/wp-content\/uploads\/2013\/08\/DSC_0421-50-1024x615.jpg 1024w\" sizes=\"auto, (max-width: 2304px) 100vw, 2304px\" \/><\/a>\u00a0<em>Anna Sandells grafiska blad (&#8221;Runaway&#8221;) till v\u00e4nster och Daniel Zalewskis verk &#8221;Magnetic&#8221; rakt fram. Hos Zalewski m\u00f6ter Mir\u00f2 graffitti med sp\u00e4nnande resultat, enligt mig.<\/em><\/p>\n<p style=\"text-align: center;\"><a href=\"http:\/\/www.susannavaris.com\/blogg\/wp-content\/uploads\/2013\/08\/DSC_0422-50.jpg\"><img loading=\"lazy\" decoding=\"async\" class=\"aligncenter size-full wp-image-10694\" alt=\"DSC_0422-50\" src=\"http:\/\/www.susannavaris.com\/blogg\/wp-content\/uploads\/2013\/08\/DSC_0422-50.jpg\" width=\"1525\" height=\"1951\" srcset=\"http:\/\/www.susannavaris.com\/blogg\/wp-content\/uploads\/2013\/08\/DSC_0422-50.jpg 1525w, http:\/\/www.susannavaris.com\/blogg\/wp-content\/uploads\/2013\/08\/DSC_0422-50-234x300.jpg 234w, http:\/\/www.susannavaris.com\/blogg\/wp-content\/uploads\/2013\/08\/DSC_0422-50-800x1024.jpg 800w\" sizes=\"auto, (max-width: 1525px) 100vw, 1525px\" \/><\/a>\u00a0<em>Min favorit, &#8221;F\u00f6dd&#8221; av Anna Sandell<\/em><\/p>\n<p style=\"text-align: center;\">En imponerande utst\u00e4llning med vitt skilda tekniker och konstn\u00e4rliga uttryck. Rekommenderas varmt till alla som r\u00f6r sig i trakterna kring S\u00f6dert\u00e4lje!<\/p>\n<p style=\"text-align: center;\">\n","protected":false},"excerpt":{"rendered":"<p>Ytterligare en lat och h\u00e4rlig semesterdag och vi f\u00f6rverkligade promenadplanerna genom att ta oss ner till centrum och bes\u00f6ka S\u00f6dert\u00e4lje Konstn\u00e4rskrets, Kretsens, nya medlemmar som i veckorna st\u00e4ller ut p\u00e5 Galleri Kretsen i Gamla flickskolan p\u00e5 Orionkullen. &nbsp; \u00a0Konstn\u00e4rskollegan och &hellip; <a href=\"http:\/\/www.susannavaris.com\/blogg\/2013\/08\/sodertalje-konstnarsforening-pa-galleri-kretsen\/\">Forts\u00e4tt l\u00e4sa <span class=\"meta-nav\">&rarr;<\/span><\/a><\/p>\n","protected":false},"author":1,"featured_media":0,"comment_status":"open","ping_status":"open","sticky":false,"template":"","format":"standard","meta":{"footnotes":""},"categories":[3,1162,1,4],"tags":[2426,31,3352,418,3354,3353,4897,2985,3350,1188,717,17,867,3351,121,3349,122],"class_list":["post-10686","post","type-post","status-publish","format-standard","hentry","category-konst","category-kultur","category-okategoriserade","category-utstallning","tag-akryl","tag-akvarell","tag-anna-sandell","tag-art","tag-bm-jarnstrom-lindell","tag-daniel-zalewski","tag-foto","tag-galleri-kretsen","tag-gamla-flickskolan","tag-graffitti","tag-ingemar-nystrom","tag-konst-2","tag-maleri","tag-orionkullen","tag-sodertalje","tag-sodertalje-konstnarsforening","tag-utstallning-2"],"_links":{"self":[{"href":"http:\/\/www.susannavaris.com\/blogg\/wp-json\/wp\/v2\/posts\/10686","targetHints":{"allow":["GET"]}}],"collection":[{"href":"http:\/\/www.susannavaris.com\/blogg\/wp-json\/wp\/v2\/posts"}],"about":[{"href":"http:\/\/www.susannavaris.com\/blogg\/wp-json\/wp\/v2\/types\/post"}],"author":[{"embeddable":true,"href":"http:\/\/www.susannavaris.com\/blogg\/wp-json\/wp\/v2\/users\/1"}],"replies":[{"embeddable":true,"href":"http:\/\/www.susannavaris.com\/blogg\/wp-json\/wp\/v2\/comments?post=10686"}],"version-history":[{"count":2,"href":"http:\/\/www.susannavaris.com\/blogg\/wp-json\/wp\/v2\/posts\/10686\/revisions"}],"predecessor-version":[{"id":10698,"href":"http:\/\/www.susannavaris.com\/blogg\/wp-json\/wp\/v2\/posts\/10686\/revisions\/10698"}],"wp:attachment":[{"href":"http:\/\/www.susannavaris.com\/blogg\/wp-json\/wp\/v2\/media?parent=10686"}],"wp:term":[{"taxonomy":"category","embeddable":true,"href":"http:\/\/www.susannavaris.com\/blogg\/wp-json\/wp\/v2\/categories?post=10686"},{"taxonomy":"post_tag","embeddable":true,"href":"http:\/\/www.susannavaris.com\/blogg\/wp-json\/wp\/v2\/tags?post=10686"}],"curies":[{"name":"wp","href":"https:\/\/api.w.org\/{rel}","templated":true}]}}