{"id":10702,"date":"2013-08-30T10:14:54","date_gmt":"2013-08-30T08:14:54","guid":{"rendered":"http:\/\/www.susannavaris.com\/blogg\/?p=10702"},"modified":"2013-08-30T10:16:55","modified_gmt":"2013-08-30T08:16:55","slug":"miley-cirus-och-identitetspolitiken","status":"publish","type":"post","link":"http:\/\/www.susannavaris.com\/blogg\/2013\/08\/miley-cirus-och-identitetspolitiken\/","title":{"rendered":"Miley Cirus och identitetspolitiken"},"content":{"rendered":"<p style=\"text-align: center;\"><a href=\"http:\/\/www.susannavaris.com\/blogg\/wp-content\/uploads\/2013\/08\/miley-cyrus-vmas-600x450.jpg\"><img loading=\"lazy\" decoding=\"async\" class=\"aligncenter size-full wp-image-10703\" alt=\"miley-cyrus-vmas-600x450\" src=\"http:\/\/www.susannavaris.com\/blogg\/wp-content\/uploads\/2013\/08\/miley-cyrus-vmas-600x450.jpg\" width=\"600\" height=\"450\" srcset=\"http:\/\/www.susannavaris.com\/blogg\/wp-content\/uploads\/2013\/08\/miley-cyrus-vmas-600x450.jpg 600w, http:\/\/www.susannavaris.com\/blogg\/wp-content\/uploads\/2013\/08\/miley-cyrus-vmas-600x450-300x225.jpg 300w\" sizes=\"auto, (max-width: 600px) 100vw, 600px\" \/><\/a>\u00a0<em>Miley Cirus p\u00e5 VMA. Bild fr\u00e5n Idolator<\/em><\/p>\n<p>Jag uppt\u00e4ckte att n\u00e5gonting stort hade h\u00e4nt f\u00f6rst morgonen efter. Facebook och resten av n\u00e4tet sv\u00e4mmade \u00f6ver av allehanda reaktioner kring Miley Cirus\u00b4 framtr\u00e4dande p\u00e5 Amerikanska VMA, Video Music Awards. Jag brydde mig inte mycket. Jag \u00e4r m\u00e5ttligt intresserad av figuren Miley Cirus i allm\u00e4nhet och &#8221;nakenchocker&#8221; och &#8221;rumpchocker&#8221; i synnerhet, vilket det verkade handla om, i allm\u00e4nhet. Efter hand blev jag dock nyfiken p\u00e5 den massiva uppr\u00f6rdheten och tittade p\u00e5 ett <a href=\"http:\/\/www.mtv.se\/nyheter\/35969-mtv-vma-2013-upptradanden\">klipp<\/a>\u00a0fr\u00e5n hennes nummer. Min f\u00f6rsta reaktion var: jaha? Vad finns h\u00e4r som inte Madonna, Lady Gaga, Britney, Christina Aguilera, Rihanna eller m\u00e4ngder av andra redan gjort vid or\u00e4kneliga tillf\u00e4llen sedan Madonnas Like a Virgin-nummer p\u00e5 MTV Music Awards 1983?<\/p>\n<p>Men debatten har sedan fortsatt med tilltagande styrka och det verkar finnas material f\u00f6r analyser i veckor fram\u00e5t.<\/p>\n<p>Fredrik Strage <a href=\"http:\/\/www.dn.se\/kultur-noje\/kronikor\/fredrik-strage-miley-cyrus-behovde-bara-skaka-rumpa-for-att-stamplas-som-rasist\/\">skriver<\/a>\u00a0i dagens DN mycket bra om den f\u00e4rgade sidan av saken, dvs den numera f\u00f6rh\u00e4rskande identitetspolitiken och mer specifikt den etniska dimensionen inom densamma.<\/p>\n<p>Erik p\u00e5 Genusdebatten har ocks\u00e5 tagit upp Cyrus\u00b4upptr\u00e4dande\u00a0<a href=\"http:\/\/genusdebatten.se\/nattens-vma-framtradande-av-miley-cyrus-som-alla-pratar-om\/\">h\u00e4r<\/a>.<\/p>\n<p>Jag kommer nog att \u00e5terkomma till \u00e4mnet inom kort&#8230;<\/p>\n<p>&nbsp;<\/p>\n","protected":false},"excerpt":{"rendered":"<p>\u00a0Miley Cirus p\u00e5 VMA. Bild fr\u00e5n Idolator Jag uppt\u00e4ckte att n\u00e5gonting stort hade h\u00e4nt f\u00f6rst morgonen efter. Facebook och resten av n\u00e4tet sv\u00e4mmade \u00f6ver av allehanda reaktioner kring Miley Cirus\u00b4 framtr\u00e4dande p\u00e5 Amerikanska VMA, Video Music Awards. Jag brydde mig &hellip; <a href=\"http:\/\/www.susannavaris.com\/blogg\/2013\/08\/miley-cirus-och-identitetspolitiken\/\">Forts\u00e4tt l\u00e4sa <span class=\"meta-nav\">&rarr;<\/span><\/a><\/p>\n","protected":false},"author":1,"featured_media":0,"comment_status":"open","ping_status":"open","sticky":false,"template":"","format":"standard","meta":{"footnotes":""},"categories":[181,259,1321,1928,1419,1162,589,994,1,590],"tags":[4900,4927,3356,4915,722,3357],"class_list":["post-10702","post","type-post","status-publish","format-standard","hentry","category-feminism","category-genusvetenskap","category-jamstalldhet","category-journalistik","category-konsert","category-kultur","category-medier","category-musik","category-okategoriserade","category-politik","tag-feminism","tag-identitetspolitik","tag-miley-cirus","tag-musik","tag-rasism","tag-vma"],"_links":{"self":[{"href":"http:\/\/www.susannavaris.com\/blogg\/wp-json\/wp\/v2\/posts\/10702","targetHints":{"allow":["GET"]}}],"collection":[{"href":"http:\/\/www.susannavaris.com\/blogg\/wp-json\/wp\/v2\/posts"}],"about":[{"href":"http:\/\/www.susannavaris.com\/blogg\/wp-json\/wp\/v2\/types\/post"}],"author":[{"embeddable":true,"href":"http:\/\/www.susannavaris.com\/blogg\/wp-json\/wp\/v2\/users\/1"}],"replies":[{"embeddable":true,"href":"http:\/\/www.susannavaris.com\/blogg\/wp-json\/wp\/v2\/comments?post=10702"}],"version-history":[{"count":3,"href":"http:\/\/www.susannavaris.com\/blogg\/wp-json\/wp\/v2\/posts\/10702\/revisions"}],"predecessor-version":[{"id":10706,"href":"http:\/\/www.susannavaris.com\/blogg\/wp-json\/wp\/v2\/posts\/10702\/revisions\/10706"}],"wp:attachment":[{"href":"http:\/\/www.susannavaris.com\/blogg\/wp-json\/wp\/v2\/media?parent=10702"}],"wp:term":[{"taxonomy":"category","embeddable":true,"href":"http:\/\/www.susannavaris.com\/blogg\/wp-json\/wp\/v2\/categories?post=10702"},{"taxonomy":"post_tag","embeddable":true,"href":"http:\/\/www.susannavaris.com\/blogg\/wp-json\/wp\/v2\/tags?post=10702"}],"curies":[{"name":"wp","href":"https:\/\/api.w.org\/{rel}","templated":true}]}}