{"id":10751,"date":"2013-08-31T17:20:23","date_gmt":"2013-08-31T15:20:23","guid":{"rendered":"http:\/\/www.susannavaris.com\/blogg\/?p=10751"},"modified":"2013-08-31T17:20:23","modified_gmt":"2013-08-31T15:20:23","slug":"ny-feministisk-bok-kommer-ut-i-host","status":"publish","type":"post","link":"http:\/\/www.susannavaris.com\/blogg\/2013\/08\/ny-feministisk-bok-kommer-ut-i-host\/","title":{"rendered":"Ny, feministisk bok kommer ut i h\u00f6st"},"content":{"rendered":"<p><a href=\"http:\/\/www.susannavaris.com\/blogg\/wp-content\/uploads\/2013\/08\/bitinte.jpg\"><img loading=\"lazy\" decoding=\"async\" class=\"aligncenter size-full wp-image-10752\" alt=\"bitinte\" src=\"http:\/\/www.susannavaris.com\/blogg\/wp-content\/uploads\/2013\/08\/bitinte.jpg\" width=\"492\" height=\"584\" srcset=\"http:\/\/www.susannavaris.com\/blogg\/wp-content\/uploads\/2013\/08\/bitinte.jpg 492w, http:\/\/www.susannavaris.com\/blogg\/wp-content\/uploads\/2013\/08\/bitinte-252x300.jpg 252w\" sizes=\"auto, (max-width: 492px) 100vw, 492px\" \/><\/a>\u00a0 En ny, feministisk bok verkar allts\u00e5 vara p\u00e5 g\u00e5ng i h\u00f6st (tips till er som \u00e4r intresserade av feminismen och j\u00e4mst\u00e4lldhetsdebatten). Det blir sp\u00e4nnande att se med vilken selektiv verklighetsbeskrivning de tv\u00e5 f\u00f6rfattarna anv\u00e4nder f\u00f6r att visa att &#8221;kvinnor har s\u00e4mre villkor&#8221; i arbetslivet. Det kan ju knappast vara statistik p\u00e5 arbetsplatsolyckor eller -d\u00f6dsfall.<\/p>\n<p>Lite intressant \u00e4r ocks\u00e5 hur tekniker fr\u00e5n feministiskt sj\u00e4lvf\u00f6rsvar ska anv\u00e4ndas i arbetslivet och i vilka situationer man t\u00e4nker sig att de ska komma till nytta&#8230;<\/p>\n<p>Jag kikar in i min kristallkula och ser st\u00e5ende ovationer fr\u00e5n dagstidningarnas feministiska skribenter.<\/p>\n","protected":false},"excerpt":{"rendered":"<p>\u00a0 En ny, feministisk bok verkar allts\u00e5 vara p\u00e5 g\u00e5ng i h\u00f6st (tips till er som \u00e4r intresserade av feminismen och j\u00e4mst\u00e4lldhetsdebatten). Det blir sp\u00e4nnande att se med vilken selektiv verklighetsbeskrivning de tv\u00e5 f\u00f6rfattarna anv\u00e4nder f\u00f6r att visa att &#8221;kvinnor &hellip; <a href=\"http:\/\/www.susannavaris.com\/blogg\/2013\/08\/ny-feministisk-bok-kommer-ut-i-host\/\">Forts\u00e4tt l\u00e4sa <span class=\"meta-nav\">&rarr;<\/span><\/a><\/p>\n","protected":false},"author":1,"featured_media":0,"comment_status":"open","ping_status":"open","sticky":false,"template":"","format":"standard","meta":{"footnotes":""},"categories":[1364,181,259,1321,1928,589,1,590,403,303],"tags":[3365,2425,3364,4900,1380,3366,4899,4918,3368,3367],"class_list":["post-10751","post","type-post","status-publish","format-standard","hentry","category-bocker","category-feminism","category-genusvetenskap","category-jamstalldhet","category-journalistik","category-medier","category-okategoriserade","category-politik","category-pseudovetenskap","category-religion","tag-arbetsliv","tag-arbetsmiljo","tag-bit-inte-ihop","tag-feminism","tag-feministiskt-perspektiv","tag-feministiskt-sjalvforsvar","tag-genus","tag-jamstalldhet","tag-rebecka-bohlin","tag-sara-berg"],"_links":{"self":[{"href":"http:\/\/www.susannavaris.com\/blogg\/wp-json\/wp\/v2\/posts\/10751","targetHints":{"allow":["GET"]}}],"collection":[{"href":"http:\/\/www.susannavaris.com\/blogg\/wp-json\/wp\/v2\/posts"}],"about":[{"href":"http:\/\/www.susannavaris.com\/blogg\/wp-json\/wp\/v2\/types\/post"}],"author":[{"embeddable":true,"href":"http:\/\/www.susannavaris.com\/blogg\/wp-json\/wp\/v2\/users\/1"}],"replies":[{"embeddable":true,"href":"http:\/\/www.susannavaris.com\/blogg\/wp-json\/wp\/v2\/comments?post=10751"}],"version-history":[{"count":1,"href":"http:\/\/www.susannavaris.com\/blogg\/wp-json\/wp\/v2\/posts\/10751\/revisions"}],"predecessor-version":[{"id":10753,"href":"http:\/\/www.susannavaris.com\/blogg\/wp-json\/wp\/v2\/posts\/10751\/revisions\/10753"}],"wp:attachment":[{"href":"http:\/\/www.susannavaris.com\/blogg\/wp-json\/wp\/v2\/media?parent=10751"}],"wp:term":[{"taxonomy":"category","embeddable":true,"href":"http:\/\/www.susannavaris.com\/blogg\/wp-json\/wp\/v2\/categories?post=10751"},{"taxonomy":"post_tag","embeddable":true,"href":"http:\/\/www.susannavaris.com\/blogg\/wp-json\/wp\/v2\/tags?post=10751"}],"curies":[{"name":"wp","href":"https:\/\/api.w.org\/{rel}","templated":true}]}}