{"id":10790,"date":"2013-09-03T12:15:04","date_gmt":"2013-09-03T10:15:04","guid":{"rendered":"http:\/\/www.susannavaris.com\/blogg\/?p=10790"},"modified":"2013-09-03T12:16:40","modified_gmt":"2013-09-03T10:16:40","slug":"nagra-notiser","status":"publish","type":"post","link":"http:\/\/www.susannavaris.com\/blogg\/2013\/09\/nagra-notiser\/","title":{"rendered":"N\u00e5gra notiser"},"content":{"rendered":"<p style=\"text-align: center;\"><a href=\"http:\/\/www.susannavaris.com\/blogg\/wp-content\/uploads\/2013\/09\/A-French-woman-reading-a-newspaper..jpg\"><img loading=\"lazy\" decoding=\"async\" class=\"aligncenter size-full wp-image-10791\" alt=\"A French woman reading a newspaper.\" src=\"http:\/\/www.susannavaris.com\/blogg\/wp-content\/uploads\/2013\/09\/A-French-woman-reading-a-newspaper..jpg\" width=\"417\" height=\"600\" srcset=\"http:\/\/www.susannavaris.com\/blogg\/wp-content\/uploads\/2013\/09\/A-French-woman-reading-a-newspaper..jpg 417w, http:\/\/www.susannavaris.com\/blogg\/wp-content\/uploads\/2013\/09\/A-French-woman-reading-a-newspaper.-208x300.jpg 208w\" sizes=\"auto, (max-width: 417px) 100vw, 417px\" \/><\/a>\u00a0<em>Foto fr\u00e5n Life<\/em><\/p>\n<p>Efter att ha ringt b\u00e5da dagstidningarnas kundservice f\u00f6r vilken g\u00e5ng i ordningen f\u00e5r vi v\u00e5ra tidningar igen. (Sedan vi kom hem fr\u00e5n Finland i tisdags och efter att tidningarna \u00e5ter skulle ha levererats p\u00e5 onsdagen har vi f\u00e5tt tidningarna p\u00e5 fredag, inga andra dagar). I dagens tidningar har jag noterat f\u00f6ljande:<\/p>\n<p>I en <a href=\"http:\/\/www.dn.se\/ledare\/huvudledare\/mer-an-ren-sortering\/\">artikel<\/a>\u00a0p\u00e5 tema betygsinflation och r\u00e4ttvisan i betygss\u00e4ttning p\u00e5 ledarsidan i DN:<\/p>\n<blockquote><p><strong>&#8221;Men det finns ocks\u00e5 en annan mekanik.<\/strong>\u00a0Elevernas egna l\u00e4rare har i f\u00f6rh\u00e5llande till dem som kontrollr\u00e4ttar en tendens att s\u00e4tta l\u00e4gre provbetyg p\u00e5 grupper som brukar prestera s\u00e4mre \u00e4n andra: pojkar, de som har utl\u00e4ndsk bakgrund eller \u00e4r f\u00f6dda sent p\u00e5 \u00e5ret och elever vars f\u00f6r\u00e4ldrar saknar h\u00f6gre utbildning.<\/p>\n<p>Negativa f\u00f6rv\u00e4ntningar f\u00e4rgar bed\u00f6mningen. S\u00e5 har det \u00e4ven varit i musikens v\u00e4rld. Kvinnliga pianister har antagits vara mindre kraftfulla och sakna de stora m\u00e4nnens genialitet. Men s\u00e5 fort de som ska bed\u00f6ma pianisten bara f\u00e5r lyssna och inte l\u00e4ngre vet om det \u00e4r en man eller kvinna som spelar tar de ofta miste \u2013 och v\u00e4ljer d\u00e4rmed i h\u00f6gre grad \u00e4n annars kvinnor.&#8221;<\/p><\/blockquote>\n<p>DN konstaterar att pojkar ges l\u00e4gre betyg \u00e4n de f\u00f6rtj\u00e4nar, men kopplar inte detta till n\u00e5gon som helst j\u00e4mst\u00e4lldhetsproblematik. F\u00f6r s\u00e4kerhets skull bakas det hela in i en gemensam uppr\u00e4kning med andra grupper d\u00e4r betygsdiskriminering finns. Och f\u00f6r att ytterligare tydligg\u00f6ra att diskriminering inte \u00e4r n\u00e5got som fr\u00e4mst kan g\u00e4lla pojkar och m\u00e4n, tar man upp ett exempel p\u00e5 kvinnliga pianister (finns det f\u00f6rresten forskning som stryker att kvinnliga pianister skulle ha bed\u00f6mts p\u00e5 det h\u00e4r viset)?<\/p>\n<p><a href=\"http:\/\/www.dn.se\/ledare\/signerat\/52-dieten-pa-allas-lappar\/\">Erik Helmersson<\/a>\u00a0i DN om 5:2-dieten:<\/p>\n<blockquote><p>&#8221;Men det finns m\u00e5nga fler tecken p\u00e5 en backlash. Jag har nyligen sett dieten s\u00e5gas ur b\u00e5de genusperspektiv (den riktas till medel\u00e5lders m\u00e4n och ger samtidigt unga flickor anorexi) och klassvinkel (m\u00e5lgruppen p\u00e5stods vara en medelklass som anser sig od\u00f6dlig). Det senare finner jag extra udda, eftersom den som inte tror sig riskera att d\u00f6 torde ha ytterst f\u00e5 sk\u00e4l att banta.<\/p>\n<p><strong>Jag har \u00e4nnu inte hittat 5:2-analyser\u00a0<\/strong>med etnicitets- eller hbtq-vinkel. Kanske har jag bara letat d\u00e5ligt.&#8221;<\/p><\/blockquote>\n<p>Ett exempel p\u00e5 hur absurd den identitetspolitiska fixeringen \u00e4r i den moderna debatten.<\/p>\n<p><a href=\"http:\/\/www.svd.se\/opinion\/brannpunkt\/kvinnojourer-far-mer-pengar_8480004.svd\">Maria Arnholm<\/a>\u00a0och Maria Larsson i SvD om mer pengar till kvinnojourerna:<\/p>\n<blockquote><p>&#8221;Men trots att m\u00e4ns v\u00e5ld mot kvinnor funnits i alla tider har det inte alltid funnits p\u00e5 den politiska dagordningen. Kvinnojourerna \u00e4r pionj\u00e4rer inom detta arbete och mycket av den politik som formulerats i dag \u00e4r ett resultat av deras ih\u00e4rdiga opinionsbildning. Bara det faktum att vi i dag pratar om v\u00e5ldet som ett j\u00e4mst\u00e4lldhetsproblem \u00e4r ett tecken p\u00e5 att kunskapen om fr\u00e5gan har spridit sig fr\u00e5n experterna till politiker i b\u00e5de riksdag och regering.&#8221;<\/p><\/blockquote>\n<p>Tre saker: 1. Det \u00e4r bra att resurser l\u00e4ggs p\u00e5 dem som drabbas av relationsv\u00e5ld, 2. Kvinnojourernas (bl a Rocks) expertis? Densamma som \u00e4r impregnerad av radikalfeministisk retorik och som har frambringat Eva Lundgren och teorierna om barnlik i skogarna runt S\u00f6dert\u00e4lje, ditgr\u00e4vda av m\u00e4ktiga pedofilringar? 3. Var finns de manliga offren och alla andra som inte faller under den enda intressanta konstellationen &#8221;man som sl\u00e5r kvinna&#8221;?<\/p>\n<p>I DN <a href=\"http:\/\/www.dn.se\/ekonomi\/man-blir-deprimerade-av-kvinnors-framgang\/\">rapporteras<\/a>\u00a0om att &#8221;m\u00e4n blir deprimerade av kvinnors framg\u00e5ng&#8221;:<\/p>\n<blockquote><p>&#8221;Forskare p\u00e5 Floridas och Virginias universitet har gjort en enk\u00e4t p\u00e5 heterosexuella par i b\u00e5de USA och i Nederl\u00e4nderna, sammanlagt ungef\u00e4r 500 personer. Den visar att om m\u00e4n \u00e4r framg\u00e5ngsrika s\u00e5 \u00e4r kvinnorna s\u00e5 gott som op\u00e5verkade medan det blir ett helt annat l\u00e4ge f\u00f6r m\u00e4nnen.&#8221;<\/p><\/blockquote>\n<p>Det hedrar dock DN att man \u00e4nd\u00e5 andas om, i ett citat fr\u00e5n en av forskarna, en bredare f\u00f6rklaring \u00e4n den g\u00e4ngse (som g\u00e5r ut p\u00e5 att peka ut mannen som d\u00e5lig och ond):<\/p>\n<blockquote><p>&#8221;\u2013 Att ha en framg\u00e5ngsrik partner kan skada mannens sj\u00e4lvf\u00f6rtroende eftersom ambition och framg\u00e5ng generellt \u00e4r n\u00e5got som \u00e4r viktigt f\u00f6r kvinnor n\u00e4r de v\u00e4ljer sina m\u00e4n. S\u00e5 tanken p\u00e5 att man \u00e4r misslyckad kan inneb\u00e4ra fruktan att partnern till slut v\u00e4ljer att l\u00e4mna en, enligt rapporten.&#8221;<\/p><\/blockquote>\n<p>Dessutom konstateras att:<\/p>\n<blockquote><p>&#8221;Forskarna medger att studien \u00e4r begr\u00e4nsad d\u00e5 de flesta medverkarna var studenter och ogifta. Samtidigt som man \u00e4nd\u00e5 tyckte sig kunna dra slutsatser baserade p\u00e5 pojkars respektive flickors uppv\u00e4xt.&#8221;<\/p><\/blockquote>\n<p>Skribenten Omar Daham \u00e4r f\u00f6r mig en ny bekantskap och hade rapporteringen hamnat i h\u00e4nderna p\u00e5 en av the usual suspects \u00e4r jag \u00f6vertygad om att den inte hade blivit ens s\u00e5 h\u00e4r balanserad. Jag har sj\u00e4lv inte hunnit l\u00e4sa rapporten \u00e4n, men kanske n\u00e5gon av er andra hinner f\u00f6re mig? ;)<\/p>\n<p>&nbsp;<\/p>\n<p>&nbsp;<\/p>\n<p>&nbsp;<\/p>\n","protected":false},"excerpt":{"rendered":"<p>\u00a0Foto fr\u00e5n Life Efter att ha ringt b\u00e5da dagstidningarnas kundservice f\u00f6r vilken g\u00e5ng i ordningen f\u00e5r vi v\u00e5ra tidningar igen. (Sedan vi kom hem fr\u00e5n Finland i tisdags och efter att tidningarna \u00e5ter skulle ha levererats p\u00e5 onsdagen har vi &hellip; <a href=\"http:\/\/www.susannavaris.com\/blogg\/2013\/09\/nagra-notiser\/\">Forts\u00e4tt l\u00e4sa <span class=\"meta-nav\">&rarr;<\/span><\/a><\/p>\n","protected":false},"author":1,"featured_media":0,"comment_status":"open","ping_status":"open","sticky":false,"template":"","format":"standard","meta":{"footnotes":""},"categories":[181,259,1321,1928,589,1,590],"tags":[3396,3394,3395,3389,3255,175,784,4900,3388,4918,3392,3390,2631,3391,3386,3393,3387,504],"class_list":["post-10790","post","type-post","status-publish","format-standard","hentry","category-feminism","category-genusvetenskap","category-jamstalldhet","category-journalistik","category-medier","category-okategoriserade","category-politik","tag-3396","tag-betyg","tag-betygsdiskriminering","tag-depression","tag-diet","tag-dn","tag-erik-helmersson","tag-feminism","tag-framgang","tag-jamstalldhet","tag-kvinnojour","tag-kvinnojourer","tag-maria-arnholm","tag-maria-larsson","tag-omar-daham","tag-rocks","tag-studie","tag-svd"],"_links":{"self":[{"href":"http:\/\/www.susannavaris.com\/blogg\/wp-json\/wp\/v2\/posts\/10790","targetHints":{"allow":["GET"]}}],"collection":[{"href":"http:\/\/www.susannavaris.com\/blogg\/wp-json\/wp\/v2\/posts"}],"about":[{"href":"http:\/\/www.susannavaris.com\/blogg\/wp-json\/wp\/v2\/types\/post"}],"author":[{"embeddable":true,"href":"http:\/\/www.susannavaris.com\/blogg\/wp-json\/wp\/v2\/users\/1"}],"replies":[{"embeddable":true,"href":"http:\/\/www.susannavaris.com\/blogg\/wp-json\/wp\/v2\/comments?post=10790"}],"version-history":[{"count":2,"href":"http:\/\/www.susannavaris.com\/blogg\/wp-json\/wp\/v2\/posts\/10790\/revisions"}],"predecessor-version":[{"id":10793,"href":"http:\/\/www.susannavaris.com\/blogg\/wp-json\/wp\/v2\/posts\/10790\/revisions\/10793"}],"wp:attachment":[{"href":"http:\/\/www.susannavaris.com\/blogg\/wp-json\/wp\/v2\/media?parent=10790"}],"wp:term":[{"taxonomy":"category","embeddable":true,"href":"http:\/\/www.susannavaris.com\/blogg\/wp-json\/wp\/v2\/categories?post=10790"},{"taxonomy":"post_tag","embeddable":true,"href":"http:\/\/www.susannavaris.com\/blogg\/wp-json\/wp\/v2\/tags?post=10790"}],"curies":[{"name":"wp","href":"https:\/\/api.w.org\/{rel}","templated":true}]}}