{"id":10795,"date":"2013-09-04T12:55:25","date_gmt":"2013-09-04T10:55:25","guid":{"rendered":"http:\/\/www.susannavaris.com\/blogg\/?p=10795"},"modified":"2013-09-04T12:55:25","modified_gmt":"2013-09-04T10:55:25","slug":"dagen-fore-obama","status":"publish","type":"post","link":"http:\/\/www.susannavaris.com\/blogg\/2013\/09\/dagen-fore-obama\/","title":{"rendered":"Dagen f\u00f6re Obama"},"content":{"rendered":"<p>F\u00f6st blev det en tripp till ABA p\u00e5 Wennergren Center f\u00f6r att h\u00e4mta en st Green Fairy p\u00e5 akryl, best\u00e4lld vid utst\u00e4llningen:<\/p>\n<p style=\"text-align: center;\"><a href=\"http:\/\/www.susannavaris.com\/blogg\/wp-content\/uploads\/2013\/09\/317502_293158714030815_2006271030_n.jpg\"><img loading=\"lazy\" decoding=\"async\" class=\"aligncenter size-full wp-image-10796\" alt=\"317502_293158714030815_2006271030_n\" src=\"http:\/\/www.susannavaris.com\/blogg\/wp-content\/uploads\/2013\/09\/317502_293158714030815_2006271030_n.jpg\" width=\"960\" height=\"598\" srcset=\"http:\/\/www.susannavaris.com\/blogg\/wp-content\/uploads\/2013\/09\/317502_293158714030815_2006271030_n.jpg 960w, http:\/\/www.susannavaris.com\/blogg\/wp-content\/uploads\/2013\/09\/317502_293158714030815_2006271030_n-300x186.jpg 300w\" sizes=\"auto, (max-width: 960px) 100vw, 960px\" \/><\/a>\u00a0<em>Green Fairy p\u00e5 10 mm akryl. 25 x 35 cm. 1100 SEK. Finns i fler storlekar. H\u00e5l f\u00f6r distanser.\u00a0<\/em><\/p>\n<p style=\"text-align: center;\">Sedan blev det fika p\u00e5 Nybergs konditori:<\/p>\n<p style=\"text-align: center;\"><a href=\"http:\/\/www.susannavaris.com\/blogg\/wp-content\/uploads\/2013\/09\/DSC_0490-50-crop-sepia.jpg\"><img loading=\"lazy\" decoding=\"async\" class=\"aligncenter size-full wp-image-10797\" alt=\"DSC_0490-50-crop-sepia\" src=\"http:\/\/www.susannavaris.com\/blogg\/wp-content\/uploads\/2013\/09\/DSC_0490-50-crop-sepia.jpg\" width=\"1090\" height=\"1402\" srcset=\"http:\/\/www.susannavaris.com\/blogg\/wp-content\/uploads\/2013\/09\/DSC_0490-50-crop-sepia.jpg 1090w, http:\/\/www.susannavaris.com\/blogg\/wp-content\/uploads\/2013\/09\/DSC_0490-50-crop-sepia-233x300.jpg 233w, http:\/\/www.susannavaris.com\/blogg\/wp-content\/uploads\/2013\/09\/DSC_0490-50-crop-sepia-796x1024.jpg 796w\" sizes=\"auto, (max-width: 1090px) 100vw, 1090px\" \/><\/a><\/p>\n<p style=\"text-align: center;\">V\u00e5ra vanor \u00e4r sena och livrustkammaren med utst\u00e4llning om Drottning Kristina st\u00e4ngde redan 17, s\u00e5 det fick bli Moderna Mus\u00e9et&#8230;<\/p>\n<p style=\"text-align: center;\"><a href=\"http:\/\/www.susannavaris.com\/blogg\/wp-content\/uploads\/2013\/09\/DSC_0495-50.jpg\"><img loading=\"lazy\" decoding=\"async\" class=\"aligncenter size-full wp-image-10799\" alt=\"DSC_0495-50\" src=\"http:\/\/www.susannavaris.com\/blogg\/wp-content\/uploads\/2013\/09\/DSC_0495-50.jpg\" width=\"2304\" height=\"1536\" srcset=\"http:\/\/www.susannavaris.com\/blogg\/wp-content\/uploads\/2013\/09\/DSC_0495-50.jpg 2304w, http:\/\/www.susannavaris.com\/blogg\/wp-content\/uploads\/2013\/09\/DSC_0495-50-300x200.jpg 300w, http:\/\/www.susannavaris.com\/blogg\/wp-content\/uploads\/2013\/09\/DSC_0495-50-1024x682.jpg 1024w\" sizes=\"auto, (max-width: 2304px) 100vw, 2304px\" \/><\/a>\u00a0<em>Djurg\u00e5rdsf\u00e4rjan till Skeppsholmen. Vi undvek city, som redan h\u00e5ller p\u00e5 att <a href=\"http:\/\/www.svd.se\/nyheter\/inrikes\/papperskorgar-plockas-bort-vid-obama-besok_8479592.svd\">st\u00e4ngas av<\/a>\u00a0inf\u00f6r Barack Obamas bes\u00f6k i Stockholm imorgon.<\/em><\/p>\n<p style=\"text-align: center;\"><a href=\"http:\/\/www.susannavaris.com\/blogg\/wp-content\/uploads\/2013\/09\/Roy-Lichtenstein.jpg\"><img loading=\"lazy\" decoding=\"async\" class=\"aligncenter size-full wp-image-10801\" alt=\"Roy-Lichtenstein\" src=\"http:\/\/www.susannavaris.com\/blogg\/wp-content\/uploads\/2013\/09\/Roy-Lichtenstein.jpg\" width=\"659\" height=\"377\" srcset=\"http:\/\/www.susannavaris.com\/blogg\/wp-content\/uploads\/2013\/09\/Roy-Lichtenstein.jpg 659w, http:\/\/www.susannavaris.com\/blogg\/wp-content\/uploads\/2013\/09\/Roy-Lichtenstein-300x171.jpg 300w\" sizes=\"auto, (max-width: 659px) 100vw, 659px\" \/><\/a>\u00a0<em>Roy Lichtenstein, Image Duplicator. 1967.<\/em><\/p>\n<p style=\"text-align: center;\"><a href=\"http:\/\/www.susannavaris.com\/blogg\/wp-content\/uploads\/2013\/09\/Oyvind-FahlstromEsso-LSD67.jpg\"><img loading=\"lazy\" decoding=\"async\" class=\"aligncenter size-full wp-image-10800\" alt=\"Oyvind-FahlstromEsso-LSD67\" src=\"http:\/\/www.susannavaris.com\/blogg\/wp-content\/uploads\/2013\/09\/Oyvind-FahlstromEsso-LSD67.jpg\" width=\"659\" height=\"377\" srcset=\"http:\/\/www.susannavaris.com\/blogg\/wp-content\/uploads\/2013\/09\/Oyvind-FahlstromEsso-LSD67.jpg 659w, http:\/\/www.susannavaris.com\/blogg\/wp-content\/uploads\/2013\/09\/Oyvind-FahlstromEsso-LSD67-300x171.jpg 300w\" sizes=\"auto, (max-width: 659px) 100vw, 659px\" \/><\/a>\u00a0<em>\u00d6yvind Fahlstr\u00f6m, ESSO-LSD. 1967\u00a0<\/em><\/p>\n<p style=\"text-align: center;\"><a href=\"http:\/\/www.susannavaris.com\/blogg\/wp-content\/uploads\/2013\/09\/Pop1.jpg\"><img loading=\"lazy\" decoding=\"async\" class=\"aligncenter size-full wp-image-10802\" alt=\"Pop1\" src=\"http:\/\/www.susannavaris.com\/blogg\/wp-content\/uploads\/2013\/09\/Pop1.jpg\" width=\"636\" height=\"244\" srcset=\"http:\/\/www.susannavaris.com\/blogg\/wp-content\/uploads\/2013\/09\/Pop1.jpg 636w, http:\/\/www.susannavaris.com\/blogg\/wp-content\/uploads\/2013\/09\/Pop1-300x115.jpg 300w\" sizes=\"auto, (max-width: 636px) 100vw, 636px\" \/><\/a> <a href=\"http:\/\/www.susannavaris.com\/blogg\/wp-content\/uploads\/2013\/09\/Pop2.jpg\"><img loading=\"lazy\" decoding=\"async\" class=\"aligncenter size-full wp-image-10803\" alt=\"Pop2\" src=\"http:\/\/www.susannavaris.com\/blogg\/wp-content\/uploads\/2013\/09\/Pop2.jpg\" width=\"398\" height=\"225\" srcset=\"http:\/\/www.susannavaris.com\/blogg\/wp-content\/uploads\/2013\/09\/Pop2.jpg 398w, http:\/\/www.susannavaris.com\/blogg\/wp-content\/uploads\/2013\/09\/Pop2-300x169.jpg 300w\" sizes=\"auto, (max-width: 398px) 100vw, 398px\" \/><\/a>\u00a0Utst\u00e4llningsvyer. Bilder fr\u00e5n\u00a0<a href=\"http:\/\/www.omkonst.com\/13-pop-konst-design.shtml\">Omkonst<\/a><\/p>\n<p style=\"text-align: left;\">Jag tycker om lekfullheten i popkonsten. Det kommersiellt utmejslade och perfekt habeg\u00e4rskapande formspr\u00e5ket f\u00e4ngslar \u00f6gat och drar betraktaren till sig. Det \u00e4r inte en slump att ex vis Warhol startade sin karri\u00e4r som reklamskapare. Inriktningen andas den framtidsoptimism som r\u00e5dde under 50- och 60-talen, men inhyser ocks\u00e5 en del konsumtionskritiska element. Den plastiga, tekniksp\u00e4ckade, nya tiden behandlas med en skr\u00e4ckblandad f\u00f6rtjusning.<\/p>\n<p style=\"text-align: left;\">Vardagsf\u00f6rem\u00e5l kan bli konst, kan vara konst, alltsedan Duchamps Font\u00e4n. Men \u00e4nd\u00e5 \u00e4r ju inte vad som helst konst. Det som ben\u00e4mns konst ska skapas av en konstn\u00e4r (person utbildad eller p\u00e5 annat vis meriterad f\u00f6r detta), bed\u00f6mas av experter, st\u00e4llas ut och s\u00e4ljas. Det \u00e4r ett institutionaliserat begrepp. Wikipedia s\u00e4ger s\u00e5 h\u00e4r (130904):<\/p>\n<blockquote>\n<p style=\"text-align: left;\">&#8221;<a title=\"1900-talet\" href=\"http:\/\/sv.wikipedia.org\/wiki\/1900-talet\">1900-talets<\/a><a title=\"Postmodernism\" href=\"http:\/\/sv.wikipedia.org\/wiki\/Postmodernism\">postmodernism<\/a>\u00a0f\u00f6rkastade id\u00e9n om att konsten skulle ha ett egenv\u00e4rde eller &#8221;inre k\u00e4rna och mening&#8221;. Detta har f\u00f6r\u00e4ndrat synen p\u00e5 konstens &#8221;\u00e4kthet&#8221; och fr\u00e5gan om &#8221;god&#8221; och &#8221;d\u00e5lig&#8221; konst. En enda\u00a0<a title=\"Definition\" href=\"http:\/\/sv.wikipedia.org\/wiki\/Definition\">definition<\/a>\u00a0av konstbegreppet anses allm\u00e4nt inte l\u00e4ngre m\u00f6jlig att \u00e5stadkomma, \u00e5tminstone inte utifr\u00e5n estetiska kriterier eller\u00a0<a title=\"Konstverk\" href=\"http:\/\/sv.wikipedia.org\/wiki\/Konstverk\">konstverken<\/a>\u00a0sj\u00e4lva. Ett samtida konstbegrepp \u00e4r det s\u00e5 kallade\u00a0<a title=\"Institutionell konstteori\" href=\"http:\/\/sv.wikipedia.org\/wiki\/Institutionell_konstteori\">institutionella konstbegreppet<\/a>, som bygger p\u00e5\u00a0<a title=\"Cirkelargument\" href=\"http:\/\/sv.wikipedia.org\/wiki\/Cirkelargument\">cirkelargumentet<\/a>, att det som konstv\u00e4rlden behandlar och ben\u00e4mner som konst \u00e4r konst. I dagligt spr\u00e5kbruk tenderar fr\u00e5gan &#8221;\u00e4r det h\u00e4r konst?&#8221; snarare betyda &#8221;\u00e4r detta\u00a0<i>god<\/i>\u00a0konst?&#8221;.&#8221;<\/p>\n<\/blockquote>\n<p style=\"text-align: left;\">Just detta m\u00e4rks \u00e4ven i utst\u00e4llningen <a href=\"http:\/\/www.modernamuseet.se\/sv\/Stockholm\/Utstallningar\/2013\/Pop-Konst-Design\/\">Pop Konst Design<\/a>. Varf\u00f6r \u00e4r det h\u00e4r konst, men inte det d\u00e4r? Svaret ligger i att konstv\u00e4rlden valt att kalla det ena f\u00f6r konst men inte det andra. H\u00e4r b\u00f6rjar ocks\u00e5 vem som skapat och vem som bed\u00f6mt f\u00e5 tyngdpunkten.<\/p>\n<p style=\"text-align: left;\">Jag f\u00f6reslog en g\u00e5ng en <a href=\"http:\/\/www.susannavaris.com\/blogg\/2012\/07\/definition-pa-konst\/\">alternativ definition<\/a>\u00a0p\u00e5 konst, men fick mothugg om att min definition var f\u00f6r vid. Det kanske den \u00e4r, men mera sympatisk. ;)<\/p>\n<p style=\"text-align: left;\">Fr\u00e5n Skeppsholmen vidare mot S\u00f6dermalm och ett pl\u00f6tsligt sug efter hamburgare ledde oss till puben Black and Brown Inn:<\/p>\n<p style=\"text-align: left;\"><a href=\"http:\/\/www.susannavaris.com\/blogg\/wp-content\/uploads\/2013\/09\/DSC_0496-50.jpg\"><img loading=\"lazy\" decoding=\"async\" class=\"aligncenter size-full wp-image-10804\" alt=\"DSC_0496-50\" src=\"http:\/\/www.susannavaris.com\/blogg\/wp-content\/uploads\/2013\/09\/DSC_0496-50.jpg\" width=\"2304\" height=\"1536\" srcset=\"http:\/\/www.susannavaris.com\/blogg\/wp-content\/uploads\/2013\/09\/DSC_0496-50.jpg 2304w, http:\/\/www.susannavaris.com\/blogg\/wp-content\/uploads\/2013\/09\/DSC_0496-50-300x200.jpg 300w, http:\/\/www.susannavaris.com\/blogg\/wp-content\/uploads\/2013\/09\/DSC_0496-50-1024x682.jpg 1024w\" sizes=\"auto, (max-width: 2304px) 100vw, 2304px\" \/><\/a> <a href=\"http:\/\/www.susannavaris.com\/blogg\/wp-content\/uploads\/2013\/09\/DSC_0497.50.jpg\"><img loading=\"lazy\" decoding=\"async\" class=\"aligncenter size-full wp-image-10805\" alt=\"DSC_0497.50\" src=\"http:\/\/www.susannavaris.com\/blogg\/wp-content\/uploads\/2013\/09\/DSC_0497.50.jpg\" width=\"1536\" height=\"2304\" srcset=\"http:\/\/www.susannavaris.com\/blogg\/wp-content\/uploads\/2013\/09\/DSC_0497.50.jpg 1536w, http:\/\/www.susannavaris.com\/blogg\/wp-content\/uploads\/2013\/09\/DSC_0497.50-200x300.jpg 200w, http:\/\/www.susannavaris.com\/blogg\/wp-content\/uploads\/2013\/09\/DSC_0497.50-682x1024.jpg 682w\" sizes=\"auto, (max-width: 1536px) 100vw, 1536px\" \/><\/a> <a href=\"http:\/\/www.susannavaris.com\/blogg\/wp-content\/uploads\/2013\/09\/DSC_0500-50.jpg\"><img loading=\"lazy\" decoding=\"async\" class=\"aligncenter size-full wp-image-10806\" alt=\"DSC_0500-50\" src=\"http:\/\/www.susannavaris.com\/blogg\/wp-content\/uploads\/2013\/09\/DSC_0500-50.jpg\" width=\"1536\" height=\"2304\" srcset=\"http:\/\/www.susannavaris.com\/blogg\/wp-content\/uploads\/2013\/09\/DSC_0500-50.jpg 1536w, http:\/\/www.susannavaris.com\/blogg\/wp-content\/uploads\/2013\/09\/DSC_0500-50-200x300.jpg 200w, http:\/\/www.susannavaris.com\/blogg\/wp-content\/uploads\/2013\/09\/DSC_0500-50-682x1024.jpg 682w\" sizes=\"auto, (max-width: 1536px) 100vw, 1536px\" \/><\/a> <a href=\"http:\/\/www.susannavaris.com\/blogg\/wp-content\/uploads\/2013\/09\/DSC_0502-50.jpg\"><img loading=\"lazy\" decoding=\"async\" class=\"aligncenter size-full wp-image-10807\" alt=\"DSC_0502-50\" src=\"http:\/\/www.susannavaris.com\/blogg\/wp-content\/uploads\/2013\/09\/DSC_0502-50.jpg\" width=\"1536\" height=\"2304\" srcset=\"http:\/\/www.susannavaris.com\/blogg\/wp-content\/uploads\/2013\/09\/DSC_0502-50.jpg 1536w, http:\/\/www.susannavaris.com\/blogg\/wp-content\/uploads\/2013\/09\/DSC_0502-50-200x300.jpg 200w, http:\/\/www.susannavaris.com\/blogg\/wp-content\/uploads\/2013\/09\/DSC_0502-50-682x1024.jpg 682w\" sizes=\"auto, (max-width: 1536px) 100vw, 1536px\" \/><\/a><\/p>\n<p style=\"text-align: center;\"><em>Ett gott \u00f6lsortiment, fantastisk burgare, mycket god service och en atmosf\u00e4r som f\u00f6r ett kort \u00f6gonblick kan bota den v\u00e4rsta londonabstinensen.<\/em><\/p>\n<p style=\"text-align: center;\"><a href=\"http:\/\/www.susannavaris.com\/blogg\/wp-content\/uploads\/2013\/09\/DSC_0503-m.jpg\"><img loading=\"lazy\" decoding=\"async\" class=\"aligncenter size-full wp-image-10809\" alt=\"DSC_0503-m\" src=\"http:\/\/www.susannavaris.com\/blogg\/wp-content\/uploads\/2013\/09\/DSC_0503-m.jpg\" width=\"3072\" height=\"4608\" srcset=\"http:\/\/www.susannavaris.com\/blogg\/wp-content\/uploads\/2013\/09\/DSC_0503-m.jpg 3072w, http:\/\/www.susannavaris.com\/blogg\/wp-content\/uploads\/2013\/09\/DSC_0503-m-200x300.jpg 200w, http:\/\/www.susannavaris.com\/blogg\/wp-content\/uploads\/2013\/09\/DSC_0503-m-682x1024.jpg 682w\" sizes=\"auto, (max-width: 3072px) 100vw, 3072px\" \/><\/a>\u00a0<em>Sista semesterveckan har hittills varit mycket fin!<\/em><\/p>\n","protected":false},"excerpt":{"rendered":"<p>F\u00f6st blev det en tripp till ABA p\u00e5 Wennergren Center f\u00f6r att h\u00e4mta en st Green Fairy p\u00e5 akryl, best\u00e4lld vid utst\u00e4llningen: \u00a0Green Fairy p\u00e5 10 mm akryl. 25 x 35 cm. 1100 SEK. Finns i fler storlekar. H\u00e5l f\u00f6r &hellip; <a href=\"http:\/\/www.susannavaris.com\/blogg\/2013\/09\/dagen-fore-obama\/\">Forts\u00e4tt l\u00e4sa <span class=\"meta-nav\">&rarr;<\/span><\/a><\/p>\n","protected":false},"author":1,"featured_media":0,"comment_status":"open","ping_status":"open","sticky":false,"template":"","format":"standard","meta":{"footnotes":""},"categories":[7,13,3,1162,12,1,590,4],"tags":[643,2426,418,3401,3400,3398,53,17,16,1844,234,3402,3234,3399,3397,3031,1166,122],"class_list":["post-10795","post","type-post","status-publish","format-standard","hentry","category-egna-verk","category-inspiration","category-konst","category-kultur","category-marilyn-manson","category-okategoriserade","category-politik","category-utstallning","tag-aba","tag-akryl","tag-art","tag-black-and-brown-inn","tag-definition","tag-djurgardsfarjan","tag-green-fairy","tag-konst-2","tag-marilyn-manson-2","tag-modern-konst","tag-moderna-museet","tag-nybergs-konditori","tag-obama","tag-oyvind-fahlstrom","tag-pop-konst-design","tag-roy-lichtenstein","tag-skeppsholmen","tag-utstallning-2"],"_links":{"self":[{"href":"http:\/\/www.susannavaris.com\/blogg\/wp-json\/wp\/v2\/posts\/10795","targetHints":{"allow":["GET"]}}],"collection":[{"href":"http:\/\/www.susannavaris.com\/blogg\/wp-json\/wp\/v2\/posts"}],"about":[{"href":"http:\/\/www.susannavaris.com\/blogg\/wp-json\/wp\/v2\/types\/post"}],"author":[{"embeddable":true,"href":"http:\/\/www.susannavaris.com\/blogg\/wp-json\/wp\/v2\/users\/1"}],"replies":[{"embeddable":true,"href":"http:\/\/www.susannavaris.com\/blogg\/wp-json\/wp\/v2\/comments?post=10795"}],"version-history":[{"count":1,"href":"http:\/\/www.susannavaris.com\/blogg\/wp-json\/wp\/v2\/posts\/10795\/revisions"}],"predecessor-version":[{"id":10810,"href":"http:\/\/www.susannavaris.com\/blogg\/wp-json\/wp\/v2\/posts\/10795\/revisions\/10810"}],"wp:attachment":[{"href":"http:\/\/www.susannavaris.com\/blogg\/wp-json\/wp\/v2\/media?parent=10795"}],"wp:term":[{"taxonomy":"category","embeddable":true,"href":"http:\/\/www.susannavaris.com\/blogg\/wp-json\/wp\/v2\/categories?post=10795"},{"taxonomy":"post_tag","embeddable":true,"href":"http:\/\/www.susannavaris.com\/blogg\/wp-json\/wp\/v2\/tags?post=10795"}],"curies":[{"name":"wp","href":"https:\/\/api.w.org\/{rel}","templated":true}]}}