{"id":10815,"date":"2013-09-04T19:09:13","date_gmt":"2013-09-04T17:09:13","guid":{"rendered":"http:\/\/www.susannavaris.com\/blogg\/?p=10815"},"modified":"2013-09-04T19:09:13","modified_gmt":"2013-09-04T17:09:13","slug":"hal-i-hallandsasen","status":"publish","type":"post","link":"http:\/\/www.susannavaris.com\/blogg\/2013\/09\/hal-i-hallandsasen\/","title":{"rendered":"H\u00e5l i Hallands\u00e5sen!"},"content":{"rendered":"<p style=\"text-align: center;\"><a href=\"http:\/\/www.susannavaris.com\/blogg\/wp-content\/uploads\/2013\/09\/stefanberg.jpg\"><img loading=\"lazy\" decoding=\"async\" class=\"aligncenter size-full wp-image-10816\" alt=\"stefanberg\" src=\"http:\/\/www.susannavaris.com\/blogg\/wp-content\/uploads\/2013\/09\/stefanberg.jpg\" width=\"620\" height=\"414\" srcset=\"http:\/\/www.susannavaris.com\/blogg\/wp-content\/uploads\/2013\/09\/stefanberg.jpg 620w, http:\/\/www.susannavaris.com\/blogg\/wp-content\/uploads\/2013\/09\/stefanberg-300x200.jpg 300w\" sizes=\"auto, (max-width: 620px) 100vw, 620px\" \/><\/a><em>\u00a0Foto: Stefan Berg<\/em><\/p>\n<p>Efter 20 \u00e5r av tandagnissel, svordomar, skandaler, svett, t\u00e5rar, prestigeackumulering, blod, h\u00e5rt arbete, 11 miljarder kronor etc etc har nu borren \u00c5sa lyckats f\u00e5 till ett genomg\u00e5ende h\u00e5l i \u00e5sen. Gratulerar! Kan man flyga till m\u00e5nen s\u00e5 kan man bygga en tunnel genom Hallands\u00e5s, som en legendarisk infrastrukturminister uttryckte det hela en g\u00e5ng&#8230;<\/p>\n<p>(Huruvida projektet \u00f6verhuvudtaget var motiverat efter att f\u00f6ruts\u00e4ttningarna blev k\u00e4nda l\u00e4mnar jag d\u00e4rh\u00e4n, men nu finns ett h\u00e5l d\u00e4r och det \u00e4r v\u00e4l gott s\u00e5.)<\/p>\n","protected":false},"excerpt":{"rendered":"<p>\u00a0Foto: Stefan Berg Efter 20 \u00e5r av tandagnissel, svordomar, skandaler, svett, t\u00e5rar, prestigeackumulering, blod, h\u00e5rt arbete, 11 miljarder kronor etc etc har nu borren \u00c5sa lyckats f\u00e5 till ett genomg\u00e5ende h\u00e5l i \u00e5sen. Gratulerar! Kan man flyga till m\u00e5nen s\u00e5 &hellip; <a href=\"http:\/\/www.susannavaris.com\/blogg\/2013\/09\/hal-i-hallandsasen\/\">Forts\u00e4tt l\u00e4sa <span class=\"meta-nav\">&rarr;<\/span><\/a><\/p>\n","protected":false},"author":1,"featured_media":0,"comment_status":"open","ping_status":"open","sticky":false,"template":"","format":"standard","meta":{"footnotes":""},"categories":[1,590,1060,889,117],"tags":[3408,3411,3409,3412,3407,2423,3410],"class_list":["post-10815","post","type-post","status-publish","format-standard","hentry","category-okategoriserade","category-politik","category-samhallsplanering","category-teknik","category-vetenskap","tag-asa","tag-berg","tag-borr","tag-byggprojekt","tag-hallandsas","tag-tunnel","tag-tunneldrivning"],"_links":{"self":[{"href":"http:\/\/www.susannavaris.com\/blogg\/wp-json\/wp\/v2\/posts\/10815","targetHints":{"allow":["GET"]}}],"collection":[{"href":"http:\/\/www.susannavaris.com\/blogg\/wp-json\/wp\/v2\/posts"}],"about":[{"href":"http:\/\/www.susannavaris.com\/blogg\/wp-json\/wp\/v2\/types\/post"}],"author":[{"embeddable":true,"href":"http:\/\/www.susannavaris.com\/blogg\/wp-json\/wp\/v2\/users\/1"}],"replies":[{"embeddable":true,"href":"http:\/\/www.susannavaris.com\/blogg\/wp-json\/wp\/v2\/comments?post=10815"}],"version-history":[{"count":1,"href":"http:\/\/www.susannavaris.com\/blogg\/wp-json\/wp\/v2\/posts\/10815\/revisions"}],"predecessor-version":[{"id":10817,"href":"http:\/\/www.susannavaris.com\/blogg\/wp-json\/wp\/v2\/posts\/10815\/revisions\/10817"}],"wp:attachment":[{"href":"http:\/\/www.susannavaris.com\/blogg\/wp-json\/wp\/v2\/media?parent=10815"}],"wp:term":[{"taxonomy":"category","embeddable":true,"href":"http:\/\/www.susannavaris.com\/blogg\/wp-json\/wp\/v2\/categories?post=10815"},{"taxonomy":"post_tag","embeddable":true,"href":"http:\/\/www.susannavaris.com\/blogg\/wp-json\/wp\/v2\/tags?post=10815"}],"curies":[{"name":"wp","href":"https:\/\/api.w.org\/{rel}","templated":true}]}}