{"id":10818,"date":"2013-09-05T11:50:13","date_gmt":"2013-09-05T09:50:13","guid":{"rendered":"http:\/\/www.susannavaris.com\/blogg\/?p=10818"},"modified":"2013-09-06T19:14:36","modified_gmt":"2013-09-06T17:14:36","slug":"femen-ar-en-ukrainsk-man","status":"publish","type":"post","link":"http:\/\/www.susannavaris.com\/blogg\/2013\/09\/femen-ar-en-ukrainsk-man\/","title":{"rendered":"Femen \u00e4r en ukrainsk man?"},"content":{"rendered":"<p style=\"text-align: center;\"><a href=\"http:\/\/www.susannavaris.com\/blogg\/wp-content\/uploads\/2013\/09\/12fev2013-ativistas-do-femen-protestam-em-frente-a-catedral-de-notre-dame-em-paris-franca-para-celebrar-a-renuncia-do-papa-bento-16-e-a-decisao-do-parlamento-frances-de-aprovar-proposta-de-lei-que-1360669547560.jpg\"><img loading=\"lazy\" decoding=\"async\" class=\"aligncenter size-full wp-image-10820\" alt=\"12fev2013---ativistas-do-femen-protestam-em-frente-a-catedral-de-notre-dame-em-paris-franca-para-celebrar-a-renuncia-do-papa-bento-16-e-a-decisao-do-parlamento-frances-de-aprovar-proposta-de-lei-que-1360669547560\" src=\"http:\/\/www.susannavaris.com\/blogg\/wp-content\/uploads\/2013\/09\/12fev2013-ativistas-do-femen-protestam-em-frente-a-catedral-de-notre-dame-em-paris-franca-para-celebrar-a-renuncia-do-papa-bento-16-e-a-decisao-do-parlamento-frances-de-aprovar-proposta-de-lei-que-1360669547560.jpg\" width=\"1920\" height=\"1080\" srcset=\"http:\/\/www.susannavaris.com\/blogg\/wp-content\/uploads\/2013\/09\/12fev2013-ativistas-do-femen-protestam-em-frente-a-catedral-de-notre-dame-em-paris-franca-para-celebrar-a-renuncia-do-papa-bento-16-e-a-decisao-do-parlamento-frances-de-aprovar-proposta-de-lei-que-1360669547560.jpg 1920w, http:\/\/www.susannavaris.com\/blogg\/wp-content\/uploads\/2013\/09\/12fev2013-ativistas-do-femen-protestam-em-frente-a-catedral-de-notre-dame-em-paris-franca-para-celebrar-a-renuncia-do-papa-bento-16-e-a-decisao-do-parlamento-frances-de-aprovar-proposta-de-lei-que-1360669547560-300x168.jpg 300w, http:\/\/www.susannavaris.com\/blogg\/wp-content\/uploads\/2013\/09\/12fev2013-ativistas-do-femen-protestam-em-frente-a-catedral-de-notre-dame-em-paris-franca-para-celebrar-a-renuncia-do-papa-bento-16-e-a-decisao-do-parlamento-frances-de-aprovar-proposta-de-lei-que-1360669547560-1024x576.jpg 1024w\" sizes=\"auto, (max-width: 1920px) 100vw, 1920px\" \/><\/a>\u00a0<em>Bild fr\u00e5n Bananapeople<\/em><\/p>\n<p>I\u00a0<a href=\"http:\/\/www.independent.co.uk\/arts-entertainment\/films\/news\/the-man-who-made-femen-new-film-outs-victor-svyatski-as-the-mastermind-behind-the-protest-group-and-its-breastbaring-stunts-8797042.html\">denna<\/a>\u00a0artikel i The Independent ber\u00e4ttas om en ny dokument\u00e4r som visats p\u00e5 filmfestivalen i Venedig och som avsl\u00f6jar att Femen egentligen \u00e4r ett projekt skapat av en ukrainsk man, Viktor Svyatski. Upphovskvinnan till filmen \u00e4r en australiensisk dokument\u00e4rfilmare, Kitty Green och i filmen beskrivs Svyatskis och flickornas f\u00f6rh\u00e5llande som sektlik. Svyatski \u00e4r en allsm\u00e4ktig figur och patriark, enligt beskrivningen i artikeln.<\/p>\n<blockquote><p>&#8221;When the Femen founder finally spoke to Ms Green, he sought to justify his role within the organisation and\u00a0 acknowledged the paradox of being a \u201cpatriarch\u201d running a feminist protest group. \u201cThese girls are weak,\u201d he says in the film.<\/p>\n<p><strong>\u201cThey don\u2019t have the strength of character. They don\u2019t even have the desire to be strong. Instead, they show submissiveness, spinelessness, lack of punctuality, and many other factors which prevent them from becoming political activists. These are qualities which it was essential to teach them.\u201d<\/strong>&#8221;<\/p><\/blockquote>\n<p>I k\u00f6lvattnet av avsl\u00f6jandet t\u00e4vlar nu feminister v\u00e4rlden \u00f6ver i indignation och \u00e4ven en viss stormighet p\u00e5 Twitter kan sk\u00f6njas. Sanna Rayman tweetar bl a f\u00f6ljande:<\/p>\n<p><a href=\"http:\/\/www.susannavaris.com\/blogg\/wp-content\/uploads\/2013\/09\/sanna.jpg\"><img loading=\"lazy\" decoding=\"async\" class=\"aligncenter size-full wp-image-10819\" alt=\"sanna\" src=\"http:\/\/www.susannavaris.com\/blogg\/wp-content\/uploads\/2013\/09\/sanna.jpg\" width=\"520\" height=\"208\" srcset=\"http:\/\/www.susannavaris.com\/blogg\/wp-content\/uploads\/2013\/09\/sanna.jpg 520w, http:\/\/www.susannavaris.com\/blogg\/wp-content\/uploads\/2013\/09\/sanna-300x119.jpg 300w\" sizes=\"auto, (max-width: 520px) 100vw, 520px\" \/><\/a><\/p>\n<p>Diskussionerna l\u00e4r bli invecklade; har ex vis den svenska femenattacken mot mosk\u00e9en p\u00e5 S\u00f6dermalm legitimitet som feministisk aktion om modellen den bygger p\u00e5 visade sig vara ett koncept styrt av en &#8221;patriarkal&#8221; man? Sanna Rayman \u00e4r dock bra n\u00e4r hon ryter ifr\u00e5n gentemot den enda, r\u00e4tta feminismens apostlar (p\u00e5 S\u00f6dermalm). To be continued&#8230;<\/p>\n<p>Andra artiklar:<\/p>\n<p><a href=\"http:\/\/www.theguardian.com\/commentisfree\/2013\/sep\/04\/femen-man-topless-protests-victor-vyatski\">The Guardian<\/a><\/p>\n<p><a href=\"http:\/\/sverigesradio.se\/sida\/artikel.aspx?programid=478&amp;artikel=5637429&amp;utm_source=dlvr.it&amp;utm_medium=twitter\">Sveriges Radio<\/a><\/p>\n<p><a href=\"http:\/\/www.dn.se\/kultur-noje\/film-tv\/man-anklagas-for-att-styra-femen\/\">DN<\/a><\/p>\n<p>&nbsp;<\/p>\n","protected":false},"excerpt":{"rendered":"<p>\u00a0Bild fr\u00e5n Bananapeople I\u00a0denna\u00a0artikel i The Independent ber\u00e4ttas om en ny dokument\u00e4r som visats p\u00e5 filmfestivalen i Venedig och som avsl\u00f6jar att Femen egentligen \u00e4r ett projekt skapat av en ukrainsk man, Viktor Svyatski. Upphovskvinnan till filmen \u00e4r en australiensisk &hellip; <a href=\"http:\/\/www.susannavaris.com\/blogg\/2013\/09\/femen-ar-en-ukrainsk-man\/\">Forts\u00e4tt l\u00e4sa <span class=\"meta-nav\">&rarr;<\/span><\/a><\/p>\n","protected":false},"author":1,"featured_media":0,"comment_status":"open","ping_status":"open","sticky":false,"template":"","format":"standard","meta":{"footnotes":""},"categories":[181,9,259,1321,1928,589,1,590,303],"tags":[3416,3289,3221,4900,2413,4899,3413,1982,3415,3414],"class_list":["post-10818","post","type-post","status-publish","format-standard","hentry","category-feminism","category-film","category-genusvetenskap","category-jamstalldhet","category-journalistik","category-medier","category-okategoriserade","category-politik","category-religion","tag-aktion","tag-dokumentar","tag-femen","tag-feminism","tag-film-2","tag-genus","tag-kitty-green","tag-sanna-rayman","tag-sekt","tag-victor-svyatski"],"_links":{"self":[{"href":"http:\/\/www.susannavaris.com\/blogg\/wp-json\/wp\/v2\/posts\/10818","targetHints":{"allow":["GET"]}}],"collection":[{"href":"http:\/\/www.susannavaris.com\/blogg\/wp-json\/wp\/v2\/posts"}],"about":[{"href":"http:\/\/www.susannavaris.com\/blogg\/wp-json\/wp\/v2\/types\/post"}],"author":[{"embeddable":true,"href":"http:\/\/www.susannavaris.com\/blogg\/wp-json\/wp\/v2\/users\/1"}],"replies":[{"embeddable":true,"href":"http:\/\/www.susannavaris.com\/blogg\/wp-json\/wp\/v2\/comments?post=10818"}],"version-history":[{"count":4,"href":"http:\/\/www.susannavaris.com\/blogg\/wp-json\/wp\/v2\/posts\/10818\/revisions"}],"predecessor-version":[{"id":10824,"href":"http:\/\/www.susannavaris.com\/blogg\/wp-json\/wp\/v2\/posts\/10818\/revisions\/10824"}],"wp:attachment":[{"href":"http:\/\/www.susannavaris.com\/blogg\/wp-json\/wp\/v2\/media?parent=10818"}],"wp:term":[{"taxonomy":"category","embeddable":true,"href":"http:\/\/www.susannavaris.com\/blogg\/wp-json\/wp\/v2\/categories?post=10818"},{"taxonomy":"post_tag","embeddable":true,"href":"http:\/\/www.susannavaris.com\/blogg\/wp-json\/wp\/v2\/tags?post=10818"}],"curies":[{"name":"wp","href":"https:\/\/api.w.org\/{rel}","templated":true}]}}