{"id":10866,"date":"2013-09-08T13:20:13","date_gmt":"2013-09-08T11:20:13","guid":{"rendered":"http:\/\/www.susannavaris.com\/blogg\/?p=10866"},"modified":"2013-09-11T11:21:28","modified_gmt":"2013-09-11T09:21:28","slug":"notis-i-kanten","status":"publish","type":"post","link":"http:\/\/www.susannavaris.com\/blogg\/2013\/09\/notis-i-kanten\/","title":{"rendered":"Notis i kanten"},"content":{"rendered":"<p style=\"text-align: center;\"><a href=\"http:\/\/www.susannavaris.com\/blogg\/wp-content\/uploads\/2013\/09\/solochvar.jpg\"><img loading=\"lazy\" decoding=\"async\" class=\"aligncenter size-full wp-image-10867\" alt=\"solochvar\" src=\"http:\/\/www.susannavaris.com\/blogg\/wp-content\/uploads\/2013\/09\/solochvar.jpg\" width=\"1055\" height=\"1443\" srcset=\"http:\/\/www.susannavaris.com\/blogg\/wp-content\/uploads\/2013\/09\/solochvar.jpg 1055w, http:\/\/www.susannavaris.com\/blogg\/wp-content\/uploads\/2013\/09\/solochvar-219x300.jpg 219w, http:\/\/www.susannavaris.com\/blogg\/wp-content\/uploads\/2013\/09\/solochvar-748x1024.jpg 748w\" sizes=\"auto, (max-width: 1055px) 100vw, 1055px\" \/><\/a><em>\u00a0Notis i ett uppslag om sol- och v\u00e5rare. Har det h\u00e4nt saker p\u00e5 DN? V\u00e5gar man b\u00f6rja hoppas p\u00e5 en liten kurs\u00e4ndring? Jag tycker mig se sm\u00e5, spirande <a href=\"http:\/\/www.susannavaris.com\/blogg\/2013\/09\/nagra-notiser\/\">tecken<\/a>\u00a0p\u00e5 att den radikalfeministiskt inspirerade diskursen bryts lite h\u00e4r och var.<\/em><\/p>\n<p style=\"text-align: left;\"><a href=\"http:\/\/www.dn.se\/insidan\/sol-och-varade-man-kanner-sig-dubbelt-utsatta\/\">DN<\/a><\/p>\n","protected":false},"excerpt":{"rendered":"<p>\u00a0Notis i ett uppslag om sol- och v\u00e5rare. Har det h\u00e4nt saker p\u00e5 DN? V\u00e5gar man b\u00f6rja hoppas p\u00e5 en liten kurs\u00e4ndring? Jag tycker mig se sm\u00e5, spirande tecken\u00a0p\u00e5 att den radikalfeministiskt inspirerade diskursen bryts lite h\u00e4r och var. DN<\/p>\n","protected":false},"author":1,"featured_media":0,"comment_status":"open","ping_status":"open","sticky":false,"template":"","format":"standard","meta":{"footnotes":""},"categories":[181,259,1321,1928,589,1,590],"tags":[1089,175,4900,4899,2879,3433,2680,3432],"class_list":["post-10866","post","type-post","status-publish","format-standard","hentry","category-feminism","category-genusvetenskap","category-jamstalldhet","category-journalistik","category-medier","category-okategoriserade","category-politik","tag-bedrageri","tag-dn","tag-feminism","tag-genus","tag-konsmaktsordning","tag-mats-osterholm","tag-radikalfeminism","tag-sol-och-var"],"_links":{"self":[{"href":"http:\/\/www.susannavaris.com\/blogg\/wp-json\/wp\/v2\/posts\/10866","targetHints":{"allow":["GET"]}}],"collection":[{"href":"http:\/\/www.susannavaris.com\/blogg\/wp-json\/wp\/v2\/posts"}],"about":[{"href":"http:\/\/www.susannavaris.com\/blogg\/wp-json\/wp\/v2\/types\/post"}],"author":[{"embeddable":true,"href":"http:\/\/www.susannavaris.com\/blogg\/wp-json\/wp\/v2\/users\/1"}],"replies":[{"embeddable":true,"href":"http:\/\/www.susannavaris.com\/blogg\/wp-json\/wp\/v2\/comments?post=10866"}],"version-history":[{"count":2,"href":"http:\/\/www.susannavaris.com\/blogg\/wp-json\/wp\/v2\/posts\/10866\/revisions"}],"predecessor-version":[{"id":10881,"href":"http:\/\/www.susannavaris.com\/blogg\/wp-json\/wp\/v2\/posts\/10866\/revisions\/10881"}],"wp:attachment":[{"href":"http:\/\/www.susannavaris.com\/blogg\/wp-json\/wp\/v2\/media?parent=10866"}],"wp:term":[{"taxonomy":"category","embeddable":true,"href":"http:\/\/www.susannavaris.com\/blogg\/wp-json\/wp\/v2\/categories?post=10866"},{"taxonomy":"post_tag","embeddable":true,"href":"http:\/\/www.susannavaris.com\/blogg\/wp-json\/wp\/v2\/tags?post=10866"}],"curies":[{"name":"wp","href":"https:\/\/api.w.org\/{rel}","templated":true}]}}