{"id":10869,"date":"2013-09-08T17:44:31","date_gmt":"2013-09-08T15:44:31","guid":{"rendered":"http:\/\/www.susannavaris.com\/blogg\/?p=10869"},"modified":"2013-09-08T17:46:40","modified_gmt":"2013-09-08T15:46:40","slug":"eliza-rd","status":"publish","type":"post","link":"http:\/\/www.susannavaris.com\/blogg\/2013\/09\/eliza-rd\/","title":{"rendered":"Eliza&#8230;rd?"},"content":{"rendered":"<p><a href=\"http:\/\/www.susannavaris.com\/blogg\/wp-content\/uploads\/2013\/09\/elizabeth.jpg\"><img loading=\"lazy\" decoding=\"async\" class=\"aligncenter size-full wp-image-10870\" alt=\"elizabeth\" src=\"http:\/\/www.susannavaris.com\/blogg\/wp-content\/uploads\/2013\/09\/elizabeth.jpg\" width=\"315\" height=\"447\" srcset=\"http:\/\/www.susannavaris.com\/blogg\/wp-content\/uploads\/2013\/09\/elizabeth.jpg 315w, http:\/\/www.susannavaris.com\/blogg\/wp-content\/uploads\/2013\/09\/elizabeth-211x300.jpg 211w\" sizes=\"auto, (max-width: 315px) 100vw, 315px\" \/><\/a><\/p>\n<p style=\"text-align: center;\"><em>Varje g\u00e5ng jag ser den h\u00e4r bilden med portr\u00e4ttet av Elizabeth I i sin volumin\u00f6sa kl\u00e4nning&#8230;<\/em><\/p>\n<p style=\"text-align: center;\"><a href=\"http:\/\/www.susannavaris.com\/blogg\/wp-content\/uploads\/2013\/09\/eLizard.jpg\"><img loading=\"lazy\" decoding=\"async\" class=\"aligncenter size-full wp-image-10871\" alt=\"eLizard\" src=\"http:\/\/www.susannavaris.com\/blogg\/wp-content\/uploads\/2013\/09\/eLizard.jpg\" width=\"450\" height=\"398\" srcset=\"http:\/\/www.susannavaris.com\/blogg\/wp-content\/uploads\/2013\/09\/eLizard.jpg 450w, http:\/\/www.susannavaris.com\/blogg\/wp-content\/uploads\/2013\/09\/eLizard-300x265.jpg 300w\" sizes=\"auto, (max-width: 450px) 100vw, 450px\" \/><\/a><em>\u00a0&#8230;t\u00e4nker jag p\u00e5 en \u00f6dla som puffar upp sig. Inte f\u00f6r att jag betraktar Elizabeth I som en \u00f6dla, det \u00e4r fr\u00e4mst kl\u00e4nningen och det bisarra uppumpandet av volymen i densamma som \u00e4r anledningen till associationen. Syftet \u00e4r kanske liknande hos b\u00e5de kungligheten och det kallblodiga kr\u00e4ldjuret; att verka st\u00f6rre, starkare och m\u00e4ktigare \u00e4n man \u00e4r, vad vet jag&#8230;<\/em><\/p>\n","protected":false},"excerpt":{"rendered":"<p>Varje g\u00e5ng jag ser den h\u00e4r bilden med portr\u00e4ttet av Elizabeth I i sin volumin\u00f6sa kl\u00e4nning&#8230; \u00a0&#8230;t\u00e4nker jag p\u00e5 en \u00f6dla som puffar upp sig. Inte f\u00f6r att jag betraktar Elizabeth I som en \u00f6dla, det \u00e4r fr\u00e4mst kl\u00e4nningen och &hellip; <a href=\"http:\/\/www.susannavaris.com\/blogg\/2013\/09\/eliza-rd\/\">Forts\u00e4tt l\u00e4sa <span class=\"meta-nav\">&rarr;<\/span><\/a><\/p>\n","protected":false},"author":1,"featured_media":0,"comment_status":"open","ping_status":"open","sticky":false,"template":"","format":"standard","meta":{"footnotes":""},"categories":[674,3,1162,14,1],"tags":[3436,3081,3437,3434,870,3435,3439,19,3438],"class_list":["post-10869","post","type-post","status-publish","format-standard","hentry","category-historia","category-konst","category-kultur","category-mode","category-okategoriserade","tag-1600-tal","tag-17th-century","tag-clothing","tag-elizabeth-i","tag-fashion","tag-kladedrakt","tag-kraldjur","tag-mode-2","tag-odla"],"_links":{"self":[{"href":"http:\/\/www.susannavaris.com\/blogg\/wp-json\/wp\/v2\/posts\/10869","targetHints":{"allow":["GET"]}}],"collection":[{"href":"http:\/\/www.susannavaris.com\/blogg\/wp-json\/wp\/v2\/posts"}],"about":[{"href":"http:\/\/www.susannavaris.com\/blogg\/wp-json\/wp\/v2\/types\/post"}],"author":[{"embeddable":true,"href":"http:\/\/www.susannavaris.com\/blogg\/wp-json\/wp\/v2\/users\/1"}],"replies":[{"embeddable":true,"href":"http:\/\/www.susannavaris.com\/blogg\/wp-json\/wp\/v2\/comments?post=10869"}],"version-history":[{"count":4,"href":"http:\/\/www.susannavaris.com\/blogg\/wp-json\/wp\/v2\/posts\/10869\/revisions"}],"predecessor-version":[{"id":10875,"href":"http:\/\/www.susannavaris.com\/blogg\/wp-json\/wp\/v2\/posts\/10869\/revisions\/10875"}],"wp:attachment":[{"href":"http:\/\/www.susannavaris.com\/blogg\/wp-json\/wp\/v2\/media?parent=10869"}],"wp:term":[{"taxonomy":"category","embeddable":true,"href":"http:\/\/www.susannavaris.com\/blogg\/wp-json\/wp\/v2\/categories?post=10869"},{"taxonomy":"post_tag","embeddable":true,"href":"http:\/\/www.susannavaris.com\/blogg\/wp-json\/wp\/v2\/tags?post=10869"}],"curies":[{"name":"wp","href":"https:\/\/api.w.org\/{rel}","templated":true}]}}