{"id":10876,"date":"2013-09-08T19:47:32","date_gmt":"2013-09-08T17:47:32","guid":{"rendered":"http:\/\/www.susannavaris.com\/blogg\/?p=10876"},"modified":"2013-09-08T19:47:32","modified_gmt":"2013-09-08T17:47:32","slug":"mans-vald-mot-kvinnor","status":"publish","type":"post","link":"http:\/\/www.susannavaris.com\/blogg\/2013\/09\/mans-vald-mot-kvinnor\/","title":{"rendered":"M\u00e4ns v\u00e5ld mot kvinnor"},"content":{"rendered":"<p>Jag vill inte v\u00e4ltra mig i den h\u00e4r sortens m\u00e4nskliga tragedier och tar oftast inte upp dem p\u00e5 bloggen, men med tanke p\u00e5 den massiva inn\u00f6tningen om &#8221;m\u00e4ns v\u00e5ld mot kvinnor&#8221; finns det \u00e4nd\u00e5 anledning att p\u00e5minna om att v\u00e4rlden inte \u00e4r s\u00e5 svartvit. Aftonbladet skriver om <a href=\"http:\/\/www.aftonbladet.se\/nyheter\/article17429868.ab\">detta<\/a>, m\u00e4rkliga fall. Med tanke p\u00e5 hur l\u00e4tt de sociala myndigheterna i f\u00f6rekommande fall <a href=\"http:\/\/www.svtplay.se\/video\/1408336\/del-2-av-16\">agerar domstol<\/a>\u00a0och kan ber\u00f6va f\u00f6r\u00e4ldrar (pappor) v\u00e5rdnaden, undrar jag inte om den st\u00e4ndiga propagandan som beskriver m\u00e4n som ut\u00f6vare och kvinnor som offer \u00e4r dubbelt skadlig: en pappa ses som suspekt, medan man \u00e4r blind f\u00f6r en mamma som inte \u00e4r en bra f\u00f6r\u00e4lder.<\/p>\n<p>Man kan ocks\u00e5 fr\u00e5ga sig om expertisen skulle inta en lika f\u00f6rst\u00e5ende inst\u00e4llning som <a href=\"http:\/\/www.aftonbladet.se\/nyheter\/article17429680.ab\">denna<\/a>, om g\u00e4rningspersonen h\u00e4r hade varit en man.<\/p>\n","protected":false},"excerpt":{"rendered":"<p>Jag vill inte v\u00e4ltra mig i den h\u00e4r sortens m\u00e4nskliga tragedier och tar oftast inte upp dem p\u00e5 bloggen, men med tanke p\u00e5 den massiva inn\u00f6tningen om &#8221;m\u00e4ns v\u00e5ld mot kvinnor&#8221; finns det \u00e4nd\u00e5 anledning att p\u00e5minna om att v\u00e4rlden &hellip; <a href=\"http:\/\/www.susannavaris.com\/blogg\/2013\/09\/mans-vald-mot-kvinnor\/\">Forts\u00e4tt l\u00e4sa <span class=\"meta-nav\">&rarr;<\/span><\/a><\/p>\n","protected":false},"author":1,"featured_media":0,"comment_status":"open","ping_status":"open","sticky":false,"template":"","format":"standard","meta":{"footnotes":""},"categories":[181,259,1321,1928,589,1,590],"tags":[4900,4899,2988,1128,2517],"class_list":["post-10876","post","type-post","status-publish","format-standard","hentry","category-feminism","category-genusvetenskap","category-jamstalldhet","category-journalistik","category-medier","category-okategoriserade","category-politik","tag-feminism","tag-genus","tag-mans-vald-mot-kvinnor","tag-relationsvald","tag-vald"],"_links":{"self":[{"href":"http:\/\/www.susannavaris.com\/blogg\/wp-json\/wp\/v2\/posts\/10876","targetHints":{"allow":["GET"]}}],"collection":[{"href":"http:\/\/www.susannavaris.com\/blogg\/wp-json\/wp\/v2\/posts"}],"about":[{"href":"http:\/\/www.susannavaris.com\/blogg\/wp-json\/wp\/v2\/types\/post"}],"author":[{"embeddable":true,"href":"http:\/\/www.susannavaris.com\/blogg\/wp-json\/wp\/v2\/users\/1"}],"replies":[{"embeddable":true,"href":"http:\/\/www.susannavaris.com\/blogg\/wp-json\/wp\/v2\/comments?post=10876"}],"version-history":[{"count":1,"href":"http:\/\/www.susannavaris.com\/blogg\/wp-json\/wp\/v2\/posts\/10876\/revisions"}],"predecessor-version":[{"id":10877,"href":"http:\/\/www.susannavaris.com\/blogg\/wp-json\/wp\/v2\/posts\/10876\/revisions\/10877"}],"wp:attachment":[{"href":"http:\/\/www.susannavaris.com\/blogg\/wp-json\/wp\/v2\/media?parent=10876"}],"wp:term":[{"taxonomy":"category","embeddable":true,"href":"http:\/\/www.susannavaris.com\/blogg\/wp-json\/wp\/v2\/categories?post=10876"},{"taxonomy":"post_tag","embeddable":true,"href":"http:\/\/www.susannavaris.com\/blogg\/wp-json\/wp\/v2\/tags?post=10876"}],"curies":[{"name":"wp","href":"https:\/\/api.w.org\/{rel}","templated":true}]}}