{"id":10987,"date":"2013-09-17T10:27:34","date_gmt":"2013-09-17T08:27:34","guid":{"rendered":"http:\/\/www.susannavaris.com\/blogg\/?p=10987"},"modified":"2013-09-17T10:28:43","modified_gmt":"2013-09-17T08:28:43","slug":"identitetspolitiken-sipprar-in-i-naringslivet","status":"publish","type":"post","link":"http:\/\/www.susannavaris.com\/blogg\/2013\/09\/identitetspolitiken-sipprar-in-i-naringslivet\/","title":{"rendered":"Identitetspolitiken sipprar in i n\u00e4ringslivet"},"content":{"rendered":"<p style=\"text-align: center;\"><a href=\"http:\/\/www.susannavaris.com\/blogg\/wp-content\/uploads\/2013\/09\/GRH-samling-portr\u00e4tt-Antonia-hedersportratt-foto-Elisabeth-Ohlson-Wallin-NM-500.jpg\"><img loading=\"lazy\" decoding=\"async\" class=\"aligncenter size-full wp-image-10988\" alt=\"GRH-samling-portr\u00e4tt-Antonia-hedersportratt-foto-Elisabeth-Ohlson-Wallin-NM-500\" src=\"http:\/\/www.susannavaris.com\/blogg\/wp-content\/uploads\/2013\/09\/GRH-samling-portr\u00e4tt-Antonia-hedersportratt-foto-Elisabeth-Ohlson-Wallin-NM-500.jpg\" width=\"500\" height=\"500\" srcset=\"http:\/\/www.susannavaris.com\/blogg\/wp-content\/uploads\/2013\/09\/GRH-samling-portr\u00e4tt-Antonia-hedersportratt-foto-Elisabeth-Ohlson-Wallin-NM-500.jpg 500w, http:\/\/www.susannavaris.com\/blogg\/wp-content\/uploads\/2013\/09\/GRH-samling-portr\u00e4tt-Antonia-hedersportratt-foto-Elisabeth-Ohlson-Wallin-NM-500-150x150.jpg 150w, http:\/\/www.susannavaris.com\/blogg\/wp-content\/uploads\/2013\/09\/GRH-samling-portr\u00e4tt-Antonia-hedersportratt-foto-Elisabeth-Ohlson-Wallin-NM-500-300x300.jpg 300w\" sizes=\"auto, (max-width: 500px) 100vw, 500px\" \/><\/a><em>\u00a02007 \u00e5rs <a href=\"http:\/\/www.kungahuset.se\/kungligaslotten\/gripsholmsslott\/slottet\/svenskastatensportrattsamling\/hedersportratt2007\/2007arshedersportrattforstoring.4.36df73941192994694f80006547.html\">hedersportr\u00e4tt<\/a>\u00a0p\u00e5 Gripsholms slott av Antonia Ax:son Johnson av Elisabeth Ohlson Wallin.<\/em><\/p>\n<p>I dagens DN skriver Pia Gripenberg om Antonia Ax:son Johnson, som satt som m\u00e5l f\u00f6r Ax:son-f\u00f6retagen att ha minst 20 % personer med utl\u00e4ndsk bakgrund bland cheferna \u00e5r 2020. I artikeln beskrivs en f\u00f6retagsledare med stort socialt ansvarstagande.<\/p>\n<blockquote><p>&#8221;Antonia Ax:son Johnson, ordf\u00f6rande och fj\u00e4rde generationen i familjef\u00f6retaget Axel Johnson, h\u00f6jer kraven p\u00e5 j\u00e4mst\u00e4lldhet och m\u00e5ngfald i sina f\u00f6retag. Till \u00e5r 2020 ska k\u00f6nsf\u00f6rdelningen vara 40\u201360 i ledningsgrupperna och minst 20 procent av cheferna ska ha utl\u00e4ndsk bakgrund.&#8221;<\/p>\n<p>[&#8230;]<\/p>\n<p>&#8221;I dag \u00e4r det n\u00e4rmast sj\u00e4lvklart att f\u00f6retag l\u00e4mnar h\u00e5llbarhetsrapporter och redovisar k\u00f6nsf\u00f6rdelning. S\u00e5 var det inte under 1980-talet n\u00e4r Antonia Ax:son Johnson tagit \u00f6ver efter tre generationer av m\u00e4n och b\u00f6rjade f\u00f6r\u00e4ndra f\u00f6retagsgruppen.<\/p>\n<p>\u2013\u2009Jag blev kallad moraltant och fick veta att f\u00f6retagens enda uppdrag \u00e4r att tj\u00e4na pengar \u2013 punkt.<\/p>\n<p>\u2013\u2009\u00c4ven inom mina f\u00f6retag var m\u00e5nga konfunderade. Milj\u00f6fr\u00e5gorna var n\u00e5got som en myndighet, staten eller n\u00e5got institut skulle ta ansvar f\u00f6r, forts\u00e4tter hon.&#8221;<\/p><\/blockquote>\n<p>Ett nytt, mera m\u00e4nskligt f\u00f6retagande allts\u00e5. Ett f\u00f6retagande med socialt \u00a0och milj\u00f6m\u00e4ssigt ansvar? Om detta \u00e4r ett resultat av krav fr\u00e5n myndigheters sida eller av ett personligt engagemang (eller b\u00e5de och) \u00e4r f\u00f6rst\u00e5s sv\u00e5rt att veta, men uppenbarligen har andra v\u00e4rden \u00e4n de rent ekonomiska sipprat in i n\u00e4ringslivet h\u00e4r exemplifierade av Ax:son-f\u00f6retagen. Kanske har Antonia Ax:son Johnson insett vikten av dessa ingredienser f\u00f6r Ax:sons varum\u00e4rke?<\/p>\n<p>M\u00e4rkligare \u00e4r \u00e4nd\u00e5 resonemanget om att vissa procentantal (kvotering) av olika kategorier av m\u00e4nniskor ska finnas representerade bland cheferna i f\u00f6retagen. Jag undrar hur Ax:son Johnson resonerar h\u00e4r? Varf\u00f6r \u00e4r identitetspolitiken viktigare \u00e4n de personliga kvalit\u00e9erna? Tror Ax:son Johnson p\u00e5 att m\u00e5ngfald \u00e4r bra i sig (vilket ju f\u00f6rst\u00e5s inte \u00e4r orimligt att anta), eller har hon k\u00f6pt de r\u00e5dande teserna om social konstruktion och maktordningar? I vilket fall \u00e4r det ett kraftigt underbetyg \u00e5t f\u00f6retagets rekryterare, uppenbarligen lyckas man inte utan kvoter att vaska fram de mest l\u00e4mpliga kandidaterna till chefspositionerna.<\/p>\n<p>I \u00f6vrigt \u00e4r Ax:son Johnson inne p\u00e5 ett sp\u00e5r som jag tror vi kommer att beh\u00f6va mer av i framtiden: medveten konsumtion. Billigast \u00e4r s\u00e4llan b\u00e4st. F\u00f6r n\u00e5gon eller n\u00e5got.<\/p>\n","protected":false},"excerpt":{"rendered":"<p>\u00a02007 \u00e5rs hedersportr\u00e4tt\u00a0p\u00e5 Gripsholms slott av Antonia Ax:son Johnson av Elisabeth Ohlson Wallin. I dagens DN skriver Pia Gripenberg om Antonia Ax:son Johnson, som satt som m\u00e5l f\u00f6r Ax:son-f\u00f6retagen att ha minst 20 % personer med utl\u00e4ndsk bakgrund bland cheferna &hellip; <a href=\"http:\/\/www.susannavaris.com\/blogg\/2013\/09\/identitetspolitiken-sipprar-in-i-naringslivet\/\">Forts\u00e4tt l\u00e4sa <span class=\"meta-nav\">&rarr;<\/span><\/a><\/p>\n","protected":false},"author":1,"featured_media":0,"comment_status":"open","ping_status":"open","sticky":false,"template":"","format":"standard","meta":{"footnotes":""},"categories":[181,110,259,1321,1928,3,1162,1,590],"tags":[2460,3468,3469,3420,3472,138,4900,2892,4897,4899,230,4927,17,2123,2573,3470,3471],"class_list":["post-10987","post","type-post","status-publish","format-standard","hentry","category-feminism","category-foto","category-genusvetenskap","category-jamstalldhet","category-journalistik","category-konst","category-kultur","category-okategoriserade","category-politik","tag-2460","tag-antonia-axson-johnson","tag-axson","tag-chef","tag-chefer","tag-elisabeth-ohlson-wallin","tag-feminism","tag-foretag","tag-foto","tag-genus","tag-gripsholm","tag-identitetspolitik","tag-konst-2","tag-kvotering","tag-mangfald","tag-naringsliv","tag-pia-gripenberg"],"_links":{"self":[{"href":"http:\/\/www.susannavaris.com\/blogg\/wp-json\/wp\/v2\/posts\/10987","targetHints":{"allow":["GET"]}}],"collection":[{"href":"http:\/\/www.susannavaris.com\/blogg\/wp-json\/wp\/v2\/posts"}],"about":[{"href":"http:\/\/www.susannavaris.com\/blogg\/wp-json\/wp\/v2\/types\/post"}],"author":[{"embeddable":true,"href":"http:\/\/www.susannavaris.com\/blogg\/wp-json\/wp\/v2\/users\/1"}],"replies":[{"embeddable":true,"href":"http:\/\/www.susannavaris.com\/blogg\/wp-json\/wp\/v2\/comments?post=10987"}],"version-history":[{"count":3,"href":"http:\/\/www.susannavaris.com\/blogg\/wp-json\/wp\/v2\/posts\/10987\/revisions"}],"predecessor-version":[{"id":10991,"href":"http:\/\/www.susannavaris.com\/blogg\/wp-json\/wp\/v2\/posts\/10987\/revisions\/10991"}],"wp:attachment":[{"href":"http:\/\/www.susannavaris.com\/blogg\/wp-json\/wp\/v2\/media?parent=10987"}],"wp:term":[{"taxonomy":"category","embeddable":true,"href":"http:\/\/www.susannavaris.com\/blogg\/wp-json\/wp\/v2\/categories?post=10987"},{"taxonomy":"post_tag","embeddable":true,"href":"http:\/\/www.susannavaris.com\/blogg\/wp-json\/wp\/v2\/tags?post=10987"}],"curies":[{"name":"wp","href":"https:\/\/api.w.org\/{rel}","templated":true}]}}