{"id":11001,"date":"2013-09-21T22:31:18","date_gmt":"2013-09-21T20:31:18","guid":{"rendered":"http:\/\/www.susannavaris.com\/blogg\/?p=11001"},"modified":"2013-09-21T22:31:18","modified_gmt":"2013-09-21T20:31:18","slug":"arnholm-vill-skapa-en-myndighet-for-jamstalldhet","status":"publish","type":"post","link":"http:\/\/www.susannavaris.com\/blogg\/2013\/09\/arnholm-vill-skapa-en-myndighet-for-jamstalldhet\/","title":{"rendered":"Arnholm vill skapa en myndighet f\u00f6r j\u00e4mst\u00e4lldhet"},"content":{"rendered":"<p style=\"text-align: center;\"><a href=\"http:\/\/www.susannavaris.com\/blogg\/wp-content\/uploads\/2013\/09\/Arnholm.jpg\"><img loading=\"lazy\" decoding=\"async\" class=\"aligncenter size-full wp-image-11002\" alt=\"Arnholm\" src=\"http:\/\/www.susannavaris.com\/blogg\/wp-content\/uploads\/2013\/09\/Arnholm.jpg\" width=\"485\" height=\"731\" srcset=\"http:\/\/www.susannavaris.com\/blogg\/wp-content\/uploads\/2013\/09\/Arnholm.jpg 485w, http:\/\/www.susannavaris.com\/blogg\/wp-content\/uploads\/2013\/09\/Arnholm-199x300.jpg 199w\" sizes=\"auto, (max-width: 485px) 100vw, 485px\" \/><\/a>\u00a0<em>Arnholm. Foto: Ulf H\u00f6jer<\/em><\/p>\n<p>J\u00e4mst\u00e4lldhetsminister Maria Arnholm forts\u00e4tter sin <a href=\"http:\/\/www.genus.se\/Aktuellt\/genusflodet\/genusflodet-detalj\/\/myndighet-kan-vara-vagen-till-jamstalldhet.cid1183380\">vandring<\/a>\u00a0i det radikalfeministiska diket, vilket bl a f\u00f6ljande uttalande \u00e4r ett exempel p\u00e5:<\/p>\n<blockquote><p>&#8221;\u2013 Vi ska forts\u00e4tta arbetet som vi har gjort de senaste sju \u00e5ren genom att h\u00e5lla Sveriges ekonomi i god balans, forts\u00e4tta satsningen f\u00f6r m\u00e4ns v\u00e5ld mot kvinnor och f\u00f6r att j\u00e4mst\u00e4lldhetsintegrering ska f\u00e5 en struktur och fotf\u00e4ste.&#8221;<\/p><\/blockquote>\n<p>Som alla feministiskt impregnerade vet s\u00e5 finns det ju enbart en sorts relationsv\u00e5ld och det \u00e4r &#8221;m\u00e4ns v\u00e5ld mot kvinnor&#8221;. Sveriges Kvinnolobby \u00e4r antagligen glad f\u00f6r detta, eftersom man just rekommenderat regeringen (2012) att \u00e4ndra beskrivningen &#8221;v\u00e5ld i n\u00e4ra relationer&#8221; till &#8221;m\u00e4ns v\u00e5ld mot kvinnor&#8221;. J\u00e4mst\u00e4lldhetsintegrering, dvs en m\u00e4ngd program och \u00e5tg\u00e4rder f\u00f6r att uppn\u00e5 det radikalfeministiska idealtillst\u00e5ndet av 50 % m\u00e4n och 50 % kvinnor inom alla (statusfyllda) sektorer i samh\u00e4llet ska nu f\u00e5 struktur och fotf\u00e4ste (som om det inte redan hade det). H\u00e4r kan folkpartiet t\u00e4nka sig en ny myndighet. Skattebetalarna kan allts\u00e5 gl\u00e4dja sig \u00e5t att finansiera ideologiproduktionen p\u00e5 landets genusinstitutioner f\u00f6r att d\u00e4rp\u00e5 f\u00e5 gl\u00e4djen att finansiera implementeringen av det radikalfeministiska tankegodset genom av en ny myndighet.<\/p>\n","protected":false},"excerpt":{"rendered":"<p>\u00a0Arnholm. Foto: Ulf H\u00f6jer J\u00e4mst\u00e4lldhetsminister Maria Arnholm forts\u00e4tter sin vandring\u00a0i det radikalfeministiska diket, vilket bl a f\u00f6ljande uttalande \u00e4r ett exempel p\u00e5: &#8221;\u2013 Vi ska forts\u00e4tta arbetet som vi har gjort de senaste sju \u00e5ren genom att h\u00e5lla Sveriges ekonomi &hellip; <a href=\"http:\/\/www.susannavaris.com\/blogg\/2013\/09\/arnholm-vill-skapa-en-myndighet-for-jamstalldhet\/\">Forts\u00e4tt l\u00e4sa <span class=\"meta-nav\">&rarr;<\/span><\/a><\/p>\n","protected":false},"author":1,"featured_media":0,"comment_status":"open","ping_status":"open","sticky":false,"template":"","format":"standard","meta":{"footnotes":""},"categories":[178,181,259,1321,1,590,403],"tags":[4900,3477,4899,4918,3478,3476,2631,2361],"class_list":["post-11001","post","type-post","status-publish","format-standard","hentry","category-blodtryckshojare","category-feminism","category-genusvetenskap","category-jamstalldhet","category-okategoriserade","category-politik","category-pseudovetenskap","tag-feminism","tag-folkpartiet","tag-genus","tag-jamstalldhet","tag-jamstalldhetsintegrering","tag-jamstalldhetsmnister","tag-maria-arnholm","tag-nationella-sekretariatet-for-genusforskning"],"_links":{"self":[{"href":"http:\/\/www.susannavaris.com\/blogg\/wp-json\/wp\/v2\/posts\/11001","targetHints":{"allow":["GET"]}}],"collection":[{"href":"http:\/\/www.susannavaris.com\/blogg\/wp-json\/wp\/v2\/posts"}],"about":[{"href":"http:\/\/www.susannavaris.com\/blogg\/wp-json\/wp\/v2\/types\/post"}],"author":[{"embeddable":true,"href":"http:\/\/www.susannavaris.com\/blogg\/wp-json\/wp\/v2\/users\/1"}],"replies":[{"embeddable":true,"href":"http:\/\/www.susannavaris.com\/blogg\/wp-json\/wp\/v2\/comments?post=11001"}],"version-history":[{"count":1,"href":"http:\/\/www.susannavaris.com\/blogg\/wp-json\/wp\/v2\/posts\/11001\/revisions"}],"predecessor-version":[{"id":11003,"href":"http:\/\/www.susannavaris.com\/blogg\/wp-json\/wp\/v2\/posts\/11001\/revisions\/11003"}],"wp:attachment":[{"href":"http:\/\/www.susannavaris.com\/blogg\/wp-json\/wp\/v2\/media?parent=11001"}],"wp:term":[{"taxonomy":"category","embeddable":true,"href":"http:\/\/www.susannavaris.com\/blogg\/wp-json\/wp\/v2\/categories?post=11001"},{"taxonomy":"post_tag","embeddable":true,"href":"http:\/\/www.susannavaris.com\/blogg\/wp-json\/wp\/v2\/tags?post=11001"}],"curies":[{"name":"wp","href":"https:\/\/api.w.org\/{rel}","templated":true}]}}