{"id":11032,"date":"2013-09-23T21:42:18","date_gmt":"2013-09-23T19:42:18","guid":{"rendered":"http:\/\/www.susannavaris.com\/blogg\/?p=11032"},"modified":"2013-09-23T21:43:47","modified_gmt":"2013-09-23T19:43:47","slug":"antagen-till-sormlandssalongen-2013","status":"publish","type":"post","link":"http:\/\/www.susannavaris.com\/blogg\/2013\/09\/antagen-till-sormlandssalongen-2013\/","title":{"rendered":"Antagen till S\u00f6rmlandssalongen 2013"},"content":{"rendered":"<p>Jag blev antagen till den jurybed\u00f6mda, \u00e5rliga S\u00f6rmlandssalongen 2013 och ni \u00e4r alla v\u00e4lkomna att se mina tre verk som ska h\u00e4nga d\u00e4r! :)<\/p>\n<p><a href=\"http:\/\/www.susannavaris.com\/blogg\/wp-content\/uploads\/2013\/09\/DSC_0643-50.jpg\"><img loading=\"lazy\" decoding=\"async\" class=\"aligncenter size-full wp-image-11033\" alt=\"DSC_0643-50\" src=\"http:\/\/www.susannavaris.com\/blogg\/wp-content\/uploads\/2013\/09\/DSC_0643-50.jpg\" width=\"1536\" height=\"2304\" srcset=\"http:\/\/www.susannavaris.com\/blogg\/wp-content\/uploads\/2013\/09\/DSC_0643-50.jpg 1536w, http:\/\/www.susannavaris.com\/blogg\/wp-content\/uploads\/2013\/09\/DSC_0643-50-200x300.jpg 200w, http:\/\/www.susannavaris.com\/blogg\/wp-content\/uploads\/2013\/09\/DSC_0643-50-682x1024.jpg 682w\" sizes=\"auto, (max-width: 1536px) 100vw, 1536px\" \/><\/a><\/p>\n<p><strong>Den 53:e S\u00f6rmlandssalongen visas i \u00e5r i S\u00f6dert\u00e4lje konsthall mellan 28 september och 9 november. Utst\u00e4llningen \u00e4r jurybed\u00f6md och jag deltar med tre verk.<\/strong><\/p>\n<p><em><strong>Vernissage<\/strong><\/em>:<br \/>\nL\u00f6rdagen den 28 september kl 13 &#8211; 15<\/p>\n<p>Utst\u00e4llningen invigs av Reigun Thune Hedstr\u00f6m, ordf. Sveriges Konstf\u00f6reningar, Stockholms l\u00e4n.<\/p>\n<p>S\u00f6dert\u00e4lje Konsthall (Lunagallerians mellanplan), 28 september &#8211; 9 november 2013<\/p>\n<p><em><strong>\u00d6ppettider:<\/strong><\/em><br \/>\nm\u00e5ndag &#8211; torsdag: 9 &#8211; 19<br \/>\nfredag: 9 &#8211; 18<br \/>\nl\u00f6rdag: 11 &#8211; 15<br \/>\ns\u00f6ndag: st\u00e4ngt<br \/>\n1 november: 9 &#8211; 17<br \/>\n2 november: st\u00e4ngt<\/p>\n<p><a href=\"http:\/\/www.sodertalje.se\/konsthallen\" target=\"_blank\" rel=\"nofollow nofollow\">www.sodertalje.se\/<wbr \/>konsthallen<\/a><\/p>\n<p>Hj\u00e4rtligt v\u00e4lkomna!!<\/p>\n<p>Welcome to the 53:d annual juried art exhibition S\u00f6rmlandssalongen in S\u00f6dert\u00e4lje Konsthall (Luna galley in S\u00f6dert\u00e4lje), 28:th september to 9:th november 2013. I\u00b4m participating with three pieces in the exhibition.<\/p>\n<p><strong><em>Vernissage<\/em><\/strong>: saturday 28th september, 1 &#8211; 3 pm<\/p>\n<p><strong><em>Opening hours<\/em><\/strong>:<\/p>\n<p>mon &#8211; thurs: 9 am &#8211; 9 pm<br \/>\nfri: 9 am &#8211; 6 pm<br \/>\nsat: 11 am &#8211; 3 pm<br \/>\nsun: closed<br \/>\n1:st nov: 9 am &#8211; 5 pm<br \/>\n2:nd nov: closed<\/p>\n<p>Mitt event p\u00e5 Facebook finns\u00a0<a href=\"https:\/\/www.facebook.com\/events\/423697264401990\/\">h\u00e4r<\/a>.<\/p>\n","protected":false},"excerpt":{"rendered":"<p>Jag blev antagen till den jurybed\u00f6mda, \u00e5rliga S\u00f6rmlandssalongen 2013 och ni \u00e4r alla v\u00e4lkomna att se mina tre verk som ska h\u00e4nga d\u00e4r! :) Den 53:e S\u00f6rmlandssalongen visas i \u00e5r i S\u00f6dert\u00e4lje konsthall mellan 28 september och 9 november. Utst\u00e4llningen &hellip; <a href=\"http:\/\/www.susannavaris.com\/blogg\/2013\/09\/antagen-till-sormlandssalongen-2013\/\">Forts\u00e4tt l\u00e4sa <span class=\"meta-nav\">&rarr;<\/span><\/a><\/p>\n","protected":false},"author":1,"featured_media":0,"comment_status":"open","ping_status":"open","sticky":false,"template":"","format":"standard","meta":{"footnotes":""},"categories":[3,1162,1,3489,4],"tags":[418,3491,17,121,3490,3492,122],"class_list":["post-11032","post","type-post","status-publish","format-standard","hentry","category-konst","category-kultur","category-okategoriserade","category-sormlandssalongen-2013","category-utstallning","tag-art","tag-jurybedomd","tag-konst-2","tag-sodertalje","tag-sormalndssalongen","tag-sormlandssalongen-2013-2","tag-utstallning-2"],"_links":{"self":[{"href":"http:\/\/www.susannavaris.com\/blogg\/wp-json\/wp\/v2\/posts\/11032","targetHints":{"allow":["GET"]}}],"collection":[{"href":"http:\/\/www.susannavaris.com\/blogg\/wp-json\/wp\/v2\/posts"}],"about":[{"href":"http:\/\/www.susannavaris.com\/blogg\/wp-json\/wp\/v2\/types\/post"}],"author":[{"embeddable":true,"href":"http:\/\/www.susannavaris.com\/blogg\/wp-json\/wp\/v2\/users\/1"}],"replies":[{"embeddable":true,"href":"http:\/\/www.susannavaris.com\/blogg\/wp-json\/wp\/v2\/comments?post=11032"}],"version-history":[{"count":4,"href":"http:\/\/www.susannavaris.com\/blogg\/wp-json\/wp\/v2\/posts\/11032\/revisions"}],"predecessor-version":[{"id":11037,"href":"http:\/\/www.susannavaris.com\/blogg\/wp-json\/wp\/v2\/posts\/11032\/revisions\/11037"}],"wp:attachment":[{"href":"http:\/\/www.susannavaris.com\/blogg\/wp-json\/wp\/v2\/media?parent=11032"}],"wp:term":[{"taxonomy":"category","embeddable":true,"href":"http:\/\/www.susannavaris.com\/blogg\/wp-json\/wp\/v2\/categories?post=11032"},{"taxonomy":"post_tag","embeddable":true,"href":"http:\/\/www.susannavaris.com\/blogg\/wp-json\/wp\/v2\/tags?post=11032"}],"curies":[{"name":"wp","href":"https:\/\/api.w.org\/{rel}","templated":true}]}}