{"id":11044,"date":"2013-09-25T22:15:12","date_gmt":"2013-09-25T20:15:12","guid":{"rendered":"http:\/\/www.susannavaris.com\/blogg\/?p=11044"},"modified":"2013-09-25T22:22:49","modified_gmt":"2013-09-25T20:22:49","slug":"selektivt-genusperspektiv","status":"publish","type":"post","link":"http:\/\/www.susannavaris.com\/blogg\/2013\/09\/selektivt-genusperspektiv\/","title":{"rendered":"Selektivt genusperspektiv"},"content":{"rendered":"<p>Hand upp den som tror att genusperspektivet n\u00e4stan helt hade saknats om rollerna hade varit omv\u00e4nda i <a href=\"http:\/\/www.dn.se\/ekonomi\/jobb-karriar\/arbetsskadorna-okar-bland-unga-anstallda\/\">den h\u00e4r<\/a>\u00a0artikeln? Ist\u00e4llet har man i DN valt \u00e5ldersperspektivet.<\/p>\n<p><a href=\"http:\/\/www.susannavaris.com\/blogg\/wp-content\/uploads\/2013\/09\/unga.jpg\"><img loading=\"lazy\" decoding=\"async\" class=\"aligncenter size-full wp-image-11045\" alt=\"unga\" src=\"http:\/\/www.susannavaris.com\/blogg\/wp-content\/uploads\/2013\/09\/unga.jpg\" width=\"713\" height=\"414\" srcset=\"http:\/\/www.susannavaris.com\/blogg\/wp-content\/uploads\/2013\/09\/unga.jpg 713w, http:\/\/www.susannavaris.com\/blogg\/wp-content\/uploads\/2013\/09\/unga-300x174.jpg 300w\" sizes=\"auto, (max-width: 713px) 100vw, 713px\" \/><\/a><\/p>\n<p>Det konstateras dock, i en n\u00e5got krystad formulering att:<\/p>\n<blockquote><p><strong>&#8221;Fr\u00e4mst \u00e4r det unga m\u00e4n\u00a0<\/strong>som skadar sig. Unga kvinnor finns ocks\u00e5 representerade, men d\u00e5 majoriteten av skadorna uppst\u00e5r inom mansdominerade yrkeskategorier, \u00e4r de inte lika m\u00e5nga som m\u00e4nnen.&#8221;<\/p><\/blockquote>\n<p>Intrycket av meningen blir snarare att problemet \u00e4r mansdominansen snarare \u00e4n olyckorna. (Eller kanske har jag blivit f\u00f6r mycket p\u00e5 min vakt kring de insmygna genusschablonerna?)<\/p>\n<p>Relaterat fr\u00e5n Aftonbladet\u00a0<a href=\"http:\/\/www.aftonbladet.se\/senastenytt\/ttnyheter\/inrikes\/article17543531.ab\">h\u00e4r<\/a>.<\/p>\n","protected":false},"excerpt":{"rendered":"<p>Hand upp den som tror att genusperspektivet n\u00e4stan helt hade saknats om rollerna hade varit omv\u00e4nda i den h\u00e4r\u00a0artikeln? Ist\u00e4llet har man i DN valt \u00e5ldersperspektivet. Det konstateras dock, i en n\u00e5got krystad formulering att: &#8221;Fr\u00e4mst \u00e4r det unga m\u00e4n\u00a0som &hellip; <a href=\"http:\/\/www.susannavaris.com\/blogg\/2013\/09\/selektivt-genusperspektiv\/\">Forts\u00e4tt l\u00e4sa <span class=\"meta-nav\">&rarr;<\/span><\/a><\/p>\n","protected":false},"author":1,"featured_media":0,"comment_status":"open","ping_status":"open","sticky":false,"template":"","format":"standard","meta":{"footnotes":""},"categories":[181,3067,259,1321,1928,589,1,590,1060],"tags":[3500,175,4900,4899,2785,4918,3502,3501],"class_list":["post-11044","post","type-post","status-publish","format-standard","hentry","category-feminism","category-feminism-referensinlagg","category-genusvetenskap","category-jamstalldhet","category-journalistik","category-medier","category-okategoriserade","category-politik","category-samhallsplanering","tag-arbetsplatsolyckor","tag-dn","tag-feminism","tag-genus","tag-genusperspektiv","tag-jamstalldhet","tag-selektivt-genusperspektiv","tag-ungdom"],"_links":{"self":[{"href":"http:\/\/www.susannavaris.com\/blogg\/wp-json\/wp\/v2\/posts\/11044","targetHints":{"allow":["GET"]}}],"collection":[{"href":"http:\/\/www.susannavaris.com\/blogg\/wp-json\/wp\/v2\/posts"}],"about":[{"href":"http:\/\/www.susannavaris.com\/blogg\/wp-json\/wp\/v2\/types\/post"}],"author":[{"embeddable":true,"href":"http:\/\/www.susannavaris.com\/blogg\/wp-json\/wp\/v2\/users\/1"}],"replies":[{"embeddable":true,"href":"http:\/\/www.susannavaris.com\/blogg\/wp-json\/wp\/v2\/comments?post=11044"}],"version-history":[{"count":3,"href":"http:\/\/www.susannavaris.com\/blogg\/wp-json\/wp\/v2\/posts\/11044\/revisions"}],"predecessor-version":[{"id":11048,"href":"http:\/\/www.susannavaris.com\/blogg\/wp-json\/wp\/v2\/posts\/11044\/revisions\/11048"}],"wp:attachment":[{"href":"http:\/\/www.susannavaris.com\/blogg\/wp-json\/wp\/v2\/media?parent=11044"}],"wp:term":[{"taxonomy":"category","embeddable":true,"href":"http:\/\/www.susannavaris.com\/blogg\/wp-json\/wp\/v2\/categories?post=11044"},{"taxonomy":"post_tag","embeddable":true,"href":"http:\/\/www.susannavaris.com\/blogg\/wp-json\/wp\/v2\/tags?post=11044"}],"curies":[{"name":"wp","href":"https:\/\/api.w.org\/{rel}","templated":true}]}}