{"id":11055,"date":"2013-09-28T11:17:18","date_gmt":"2013-09-28T09:17:18","guid":{"rendered":"http:\/\/www.susannavaris.com\/blogg\/?p=11055"},"modified":"2013-09-28T11:18:17","modified_gmt":"2013-09-28T09:18:17","slug":"dags-att-bege-sig","status":"publish","type":"post","link":"http:\/\/www.susannavaris.com\/blogg\/2013\/09\/dags-att-bege-sig\/","title":{"rendered":"Dags att bege sig&#8230;"},"content":{"rendered":"<p><a href=\"http:\/\/www.susannavaris.com\/blogg\/wp-content\/uploads\/2013\/09\/konsth_sormland2013_453.jpg\"><img loading=\"lazy\" decoding=\"async\" class=\"aligncenter size-full wp-image-11056\" alt=\"konsth_sormland2013_453\" src=\"http:\/\/www.susannavaris.com\/blogg\/wp-content\/uploads\/2013\/09\/konsth_sormland2013_453.jpg\" width=\"453\" height=\"395\" srcset=\"http:\/\/www.susannavaris.com\/blogg\/wp-content\/uploads\/2013\/09\/konsth_sormland2013_453.jpg 453w, http:\/\/www.susannavaris.com\/blogg\/wp-content\/uploads\/2013\/09\/konsth_sormland2013_453-300x261.jpg 300w\" sizes=\"auto, (max-width: 453px) 100vw, 453px\" \/><\/a><\/p>\n<p>&#8230;till <a href=\"http:\/\/www.sodertalje.se\/konsthallen\">S\u00f6rmlandssalongen 2013<\/a>\u00a0i S\u00f6dert\u00e4lje Konsthall! Vernissage idag 13 &#8211; 15! Jag och ett g\u00e4ng andra konstn\u00e4rer st\u00e4ller ut \u00f6ver sexhundra verk och en hel del \u00e4r till salu, s\u00e5 drick upp morgonkaffet nu och \u00e5k hit!<\/p>\n<blockquote><p>L\u00f6rdag 28 september \u00e4r det vernissage p\u00e5 S\u00d6RMLANDSSALONGEN 2013 i S\u00f6dert\u00e4lje.<\/p>\n<p>\u00c5rets S\u00f6rmlandssalong \u2013 2013 \u2013 \u00e4r den 53:e i ordningen och den 11: e i S\u00f6dert\u00e4lje.<\/p>\n<p>Till \u00e5rets S\u00f6rmlandssalong har 141 s\u00f6rml\u00e4ndska konstn\u00e4rer l\u00e4mnat in tillsammans<br \/>\n641 verk. Av dessa inl\u00e4mnade verk antog juryn 61 konstn\u00e4rer som tillsammans f\u00e5r visa 213 verk.<\/p>\n<p>Jury har varit: Ricardo Donoso, Stefania Aranka Sir och Rigmor Persson.<\/p>\n<p>S\u00d6RMLANDSSALONGEN &#8211; S\u00e5 b\u00f6rjade det<br \/>\nS\u00f6rmlandssalongen tillkom genom samr\u00e5d mellan landskapets st\u00f6rre konstf\u00f6reningar; Eskilstuna Konst-f\u00f6rening, Nyk\u00f6pings Konstf\u00f6rening och V\u00e4stra S\u00f6dermanlands Konstf\u00f6rening i Katrineholm.<\/p>\n<p>I ett f\u00f6rsta skede beslutades n\u00e4r och var de tre f\u00f6rsta utst\u00e4llningarna skulle vara; Eskilstuna 1960, Nyk\u00f6pings 1961 och Katrineholm 1962.<\/p>\n<p>Utst\u00e4llningarna f\u00f6rlades till h\u00f6sten f\u00f6r att inte krocka med de riksomfattande v\u00e5rsalongerna i Stockholm. F\u00f6r att utst\u00e4llningarna skulle uppfattas som ett uttryck f\u00f6r S\u00f6rml\u00e4ndsk konst bed\u00f6mdes det n\u00f6dv\u00e4ndigt att utesluta de delar av landskapet som l\u00e5g inom det som betraktades som Stor-Stockholm. Vilket f\u00f6rklarar varf\u00f6r S\u00f6dert\u00e4lje inte var med fr\u00e5n b\u00f6rjan. Bakgrunden till att S\u00f6dert\u00e4lje kom med 1973 har inte kunnat klarl\u00e4ggas, s\u00e5 l\u00e5ngt.<br \/>\n(Text fr\u00e5n\u00a0<a href=\"https:\/\/www.facebook.com\/sodertalje.konstforening?directed_target_id=423697264401990\" data-hovercard=\"\/ajax\/hovercard\/user.php?id=100003084279041&amp;extragetparams=%7B%22directed_target_id%22%3A423697264401990%7D\">S\u00f6dert\u00e4lje Konstf\u00f6rening Utst\u00e4llningar<\/a>)<\/p><\/blockquote>\n<p>Mitt evenemang p\u00e5 Facebook\u00a0<a href=\"https:\/\/www.facebook.com\/events\/423697264401990\/\">h\u00e4r<\/a><\/p>\n<p>Om du drabbats av b\u00f6ldpest, r\u00e5kat nacka dig sj\u00e4lv eller om huset brunnit ner s\u00e5 kan du f\u00e5 uppdateringar\u00a0<a href=\"https:\/\/www.facebook.com\/lilycrowart\">h\u00e4r<\/a>.<\/p>\n","protected":false},"excerpt":{"rendered":"<p>&#8230;till S\u00f6rmlandssalongen 2013\u00a0i S\u00f6dert\u00e4lje Konsthall! Vernissage idag 13 &#8211; 15! Jag och ett g\u00e4ng andra konstn\u00e4rer st\u00e4ller ut \u00f6ver sexhundra verk och en hel del \u00e4r till salu, s\u00e5 drick upp morgonkaffet nu och \u00e5k hit! L\u00f6rdag 28 september \u00e4r &hellip; <a href=\"http:\/\/www.susannavaris.com\/blogg\/2013\/09\/dags-att-bege-sig\/\">Forts\u00e4tt l\u00e4sa <span class=\"meta-nav\">&rarr;<\/span><\/a><\/p>\n","protected":false},"author":1,"featured_media":0,"comment_status":"open","ping_status":"open","sticky":false,"template":"","format":"standard","meta":{"footnotes":""},"categories":[555,3,1162,1,3489,4],"tags":[3510,418,1147,3491,17,3507,3508,3509,121,3506,3492,122],"class_list":["post-11055","post","type-post","status-publish","format-standard","hentry","category-events","category-konst","category-kultur","category-okategoriserade","category-sormlandssalongen-2013","category-utstallning","tag-sormalndssalongen2013","tag-art","tag-exhibition","tag-jurybedomd","tag-konst-2","tag-luna","tag-lunagallerian","tag-lunahuset","tag-sodertalje","tag-sodertalje-konsthall","tag-sormlandssalongen-2013-2","tag-utstallning-2"],"_links":{"self":[{"href":"http:\/\/www.susannavaris.com\/blogg\/wp-json\/wp\/v2\/posts\/11055","targetHints":{"allow":["GET"]}}],"collection":[{"href":"http:\/\/www.susannavaris.com\/blogg\/wp-json\/wp\/v2\/posts"}],"about":[{"href":"http:\/\/www.susannavaris.com\/blogg\/wp-json\/wp\/v2\/types\/post"}],"author":[{"embeddable":true,"href":"http:\/\/www.susannavaris.com\/blogg\/wp-json\/wp\/v2\/users\/1"}],"replies":[{"embeddable":true,"href":"http:\/\/www.susannavaris.com\/blogg\/wp-json\/wp\/v2\/comments?post=11055"}],"version-history":[{"count":2,"href":"http:\/\/www.susannavaris.com\/blogg\/wp-json\/wp\/v2\/posts\/11055\/revisions"}],"predecessor-version":[{"id":11058,"href":"http:\/\/www.susannavaris.com\/blogg\/wp-json\/wp\/v2\/posts\/11055\/revisions\/11058"}],"wp:attachment":[{"href":"http:\/\/www.susannavaris.com\/blogg\/wp-json\/wp\/v2\/media?parent=11055"}],"wp:term":[{"taxonomy":"category","embeddable":true,"href":"http:\/\/www.susannavaris.com\/blogg\/wp-json\/wp\/v2\/categories?post=11055"},{"taxonomy":"post_tag","embeddable":true,"href":"http:\/\/www.susannavaris.com\/blogg\/wp-json\/wp\/v2\/tags?post=11055"}],"curies":[{"name":"wp","href":"https:\/\/api.w.org\/{rel}","templated":true}]}}