{"id":11059,"date":"2013-09-28T21:00:45","date_gmt":"2013-09-28T19:00:45","guid":{"rendered":"http:\/\/www.susannavaris.com\/blogg\/?p=11059"},"modified":"2013-09-28T21:18:51","modified_gmt":"2013-09-28T19:18:51","slug":"sormlandssalongen-2013-vernissage","status":"publish","type":"post","link":"http:\/\/www.susannavaris.com\/blogg\/2013\/09\/sormlandssalongen-2013-vernissage\/","title":{"rendered":"S\u00f6rmlandssalongen 2013 &#8211; vernissage"},"content":{"rendered":"<p style=\"text-align: center;\"><a href=\"http:\/\/www.susannavaris.com\/blogg\/wp-content\/uploads\/2013\/09\/DSC_0643-501.jpg\"><img loading=\"lazy\" decoding=\"async\" class=\"aligncenter size-full wp-image-11082\" alt=\"DSC_0643-50\" src=\"http:\/\/www.susannavaris.com\/blogg\/wp-content\/uploads\/2013\/09\/DSC_0643-501.jpg\" width=\"1536\" height=\"2304\" srcset=\"http:\/\/www.susannavaris.com\/blogg\/wp-content\/uploads\/2013\/09\/DSC_0643-501.jpg 1536w, http:\/\/www.susannavaris.com\/blogg\/wp-content\/uploads\/2013\/09\/DSC_0643-501-200x300.jpg 200w, http:\/\/www.susannavaris.com\/blogg\/wp-content\/uploads\/2013\/09\/DSC_0643-501-682x1024.jpg 682w\" sizes=\"auto, (max-width: 1536px) 100vw, 1536px\" \/><\/a><\/p>\n<p style=\"text-align: center;\">Vernissagen idag blev mycket lyckad med massor av bes\u00f6kare och roliga m\u00f6ten:<\/p>\n<p style=\"text-align: center;\"><a href=\"http:\/\/www.susannavaris.com\/blogg\/wp-content\/uploads\/2013\/09\/konsth_sorm13_bygge_453.jpg\"><img loading=\"lazy\" decoding=\"async\" class=\"aligncenter size-full wp-image-11060\" alt=\"konsth_sorm13_bygge_453\" src=\"http:\/\/www.susannavaris.com\/blogg\/wp-content\/uploads\/2013\/09\/konsth_sorm13_bygge_453.jpg\" width=\"453\" height=\"204\" srcset=\"http:\/\/www.susannavaris.com\/blogg\/wp-content\/uploads\/2013\/09\/konsth_sorm13_bygge_453.jpg 453w, http:\/\/www.susannavaris.com\/blogg\/wp-content\/uploads\/2013\/09\/konsth_sorm13_bygge_453-300x135.jpg 300w\" sizes=\"auto, (max-width: 453px) 100vw, 453px\" \/><\/a>\u00a0<em>Fr\u00e5n h\u00e4ngningen. Bild: S\u00f6dert\u00e4lje Konsthall<\/em><\/p>\n<p style=\"text-align: center;\"><a href=\"http:\/\/www.susannavaris.com\/blogg\/wp-content\/uploads\/2013\/09\/20130928_124839.jpg\"><img loading=\"lazy\" decoding=\"async\" class=\"aligncenter size-full wp-image-11061\" alt=\"20130928_124839\" src=\"http:\/\/www.susannavaris.com\/blogg\/wp-content\/uploads\/2013\/09\/20130928_124839.jpg\" width=\"2048\" height=\"1536\" srcset=\"http:\/\/www.susannavaris.com\/blogg\/wp-content\/uploads\/2013\/09\/20130928_124839.jpg 2048w, http:\/\/www.susannavaris.com\/blogg\/wp-content\/uploads\/2013\/09\/20130928_124839-300x225.jpg 300w, http:\/\/www.susannavaris.com\/blogg\/wp-content\/uploads\/2013\/09\/20130928_124839-1024x768.jpg 1024w\" sizes=\"auto, (max-width: 2048px) 100vw, 2048px\" \/><\/a> <a href=\"http:\/\/www.susannavaris.com\/blogg\/wp-content\/uploads\/2013\/09\/20130928_125117-crop.jpg\"><img loading=\"lazy\" decoding=\"async\" class=\"aligncenter size-full wp-image-11062\" alt=\"20130928_125117-crop\" src=\"http:\/\/www.susannavaris.com\/blogg\/wp-content\/uploads\/2013\/09\/20130928_125117-crop.jpg\" width=\"1599\" height=\"1245\" srcset=\"http:\/\/www.susannavaris.com\/blogg\/wp-content\/uploads\/2013\/09\/20130928_125117-crop.jpg 1599w, http:\/\/www.susannavaris.com\/blogg\/wp-content\/uploads\/2013\/09\/20130928_125117-crop-300x233.jpg 300w, http:\/\/www.susannavaris.com\/blogg\/wp-content\/uploads\/2013\/09\/20130928_125117-crop-1024x797.jpg 1024w\" sizes=\"auto, (max-width: 1599px) 100vw, 1599px\" \/><\/a><\/p>\n<p style=\"text-align: center;\"><em>Jag blev mycket n\u00f6jd med h\u00e4ngningen. Direkt till v\u00e4nster i det f\u00f6rsta, stora rummet.<\/em><\/p>\n<p style=\"text-align: center;\"><em><\/em><a href=\"http:\/\/www.susannavaris.com\/blogg\/wp-content\/uploads\/2013\/09\/20130928_130134.jpg\"><img loading=\"lazy\" decoding=\"async\" class=\"aligncenter size-full wp-image-11063\" alt=\"20130928_130134\" src=\"http:\/\/www.susannavaris.com\/blogg\/wp-content\/uploads\/2013\/09\/20130928_130134.jpg\" width=\"2048\" height=\"1536\" srcset=\"http:\/\/www.susannavaris.com\/blogg\/wp-content\/uploads\/2013\/09\/20130928_130134.jpg 2048w, http:\/\/www.susannavaris.com\/blogg\/wp-content\/uploads\/2013\/09\/20130928_130134-300x225.jpg 300w, http:\/\/www.susannavaris.com\/blogg\/wp-content\/uploads\/2013\/09\/20130928_130134-1024x768.jpg 1024w\" sizes=\"auto, (max-width: 2048px) 100vw, 2048px\" \/><\/a>\u00a0<em>Avt\u00e4ckning av de barnv\u00e4nliga f\u00f6rfriskningarna&#8230;<\/em><\/p>\n<p style=\"text-align: center;\"><a href=\"http:\/\/www.susannavaris.com\/blogg\/wp-content\/uploads\/2013\/09\/20130928_130310.jpg\"><img loading=\"lazy\" decoding=\"async\" class=\"aligncenter size-full wp-image-11064\" alt=\"20130928_130310\" src=\"http:\/\/www.susannavaris.com\/blogg\/wp-content\/uploads\/2013\/09\/20130928_130310.jpg\" width=\"2048\" height=\"1536\" srcset=\"http:\/\/www.susannavaris.com\/blogg\/wp-content\/uploads\/2013\/09\/20130928_130310.jpg 2048w, http:\/\/www.susannavaris.com\/blogg\/wp-content\/uploads\/2013\/09\/20130928_130310-300x225.jpg 300w, http:\/\/www.susannavaris.com\/blogg\/wp-content\/uploads\/2013\/09\/20130928_130310-1024x768.jpg 1024w\" sizes=\"auto, (max-width: 2048px) 100vw, 2048px\" \/><\/a> <a href=\"http:\/\/www.susannavaris.com\/blogg\/wp-content\/uploads\/2013\/09\/DSC_0646-50.jpg\"><img loading=\"lazy\" decoding=\"async\" class=\"aligncenter size-full wp-image-11065\" alt=\"DSC_0646-50\" src=\"http:\/\/www.susannavaris.com\/blogg\/wp-content\/uploads\/2013\/09\/DSC_0646-50.jpg\" width=\"2302\" height=\"1218\" srcset=\"http:\/\/www.susannavaris.com\/blogg\/wp-content\/uploads\/2013\/09\/DSC_0646-50.jpg 2302w, http:\/\/www.susannavaris.com\/blogg\/wp-content\/uploads\/2013\/09\/DSC_0646-50-300x158.jpg 300w, http:\/\/www.susannavaris.com\/blogg\/wp-content\/uploads\/2013\/09\/DSC_0646-50-1024x541.jpg 1024w\" sizes=\"auto, (max-width: 2302px) 100vw, 2302px\" \/><\/a> <a href=\"http:\/\/www.susannavaris.com\/blogg\/wp-content\/uploads\/2013\/09\/DSC_0647-50-crop.jpg\"><img loading=\"lazy\" decoding=\"async\" class=\"aligncenter size-full wp-image-11066\" alt=\"DSC_0647-50-crop\" src=\"http:\/\/www.susannavaris.com\/blogg\/wp-content\/uploads\/2013\/09\/DSC_0647-50-crop.jpg\" width=\"694\" height=\"1151\" srcset=\"http:\/\/www.susannavaris.com\/blogg\/wp-content\/uploads\/2013\/09\/DSC_0647-50-crop.jpg 694w, http:\/\/www.susannavaris.com\/blogg\/wp-content\/uploads\/2013\/09\/DSC_0647-50-crop-180x300.jpg 180w, http:\/\/www.susannavaris.com\/blogg\/wp-content\/uploads\/2013\/09\/DSC_0647-50-crop-617x1024.jpg 617w\" sizes=\"auto, (max-width: 694px) 100vw, 694px\" \/><\/a>\u00a0<em>Ordf\u00f6randen f\u00f6r S\u00f6rmlandssalongen samt\u00a0Reigun Thune Hedstr\u00f6m, ordf. Sveriges Konstf\u00f6reningar i Stockholms l\u00e4n, inviger utst\u00e4llningen.<\/em><\/p>\n<p style=\"text-align: center;\"><a href=\"http:\/\/www.susannavaris.com\/blogg\/wp-content\/uploads\/2013\/09\/DSC_0413-50-crop.jpg\"><img loading=\"lazy\" decoding=\"async\" class=\"aligncenter size-full wp-image-11067\" alt=\"DSC_0413-50-crop\" src=\"http:\/\/www.susannavaris.com\/blogg\/wp-content\/uploads\/2013\/09\/DSC_0413-50-crop.jpg\" width=\"2004\" height=\"1187\" srcset=\"http:\/\/www.susannavaris.com\/blogg\/wp-content\/uploads\/2013\/09\/DSC_0413-50-crop.jpg 2004w, http:\/\/www.susannavaris.com\/blogg\/wp-content\/uploads\/2013\/09\/DSC_0413-50-crop-300x177.jpg 300w, http:\/\/www.susannavaris.com\/blogg\/wp-content\/uploads\/2013\/09\/DSC_0413-50-crop-1024x606.jpg 1024w\" sizes=\"auto, (max-width: 2004px) 100vw, 2004px\" \/><\/a>\u00a0<em>Med mina verk&#8230;<\/em><\/p>\n<p style=\"text-align: center;\"><a href=\"http:\/\/www.susannavaris.com\/blogg\/wp-content\/uploads\/2013\/09\/DSC_0414-50.jpg\"><img loading=\"lazy\" decoding=\"async\" class=\"aligncenter size-full wp-image-11068\" alt=\"DSC_0414-50\" src=\"http:\/\/www.susannavaris.com\/blogg\/wp-content\/uploads\/2013\/09\/DSC_0414-50.jpg\" width=\"2144\" height=\"1424\" srcset=\"http:\/\/www.susannavaris.com\/blogg\/wp-content\/uploads\/2013\/09\/DSC_0414-50.jpg 2144w, http:\/\/www.susannavaris.com\/blogg\/wp-content\/uploads\/2013\/09\/DSC_0414-50-300x199.jpg 300w, http:\/\/www.susannavaris.com\/blogg\/wp-content\/uploads\/2013\/09\/DSC_0414-50-1024x680.jpg 1024w\" sizes=\"auto, (max-width: 2144px) 100vw, 2144px\" \/><\/a>\u00a0<em>Med en gammal klasskompis, Annika Carlsson Joukosalmi<\/em><\/p>\n<p style=\"text-align: center;\"><a href=\"http:\/\/www.susannavaris.com\/blogg\/wp-content\/uploads\/2013\/09\/DSC_0415-crop.jpg\"><img loading=\"lazy\" decoding=\"async\" class=\"aligncenter size-full wp-image-11069\" alt=\"DSC_0415-crop\" src=\"http:\/\/www.susannavaris.com\/blogg\/wp-content\/uploads\/2013\/09\/DSC_0415-crop.jpg\" width=\"1750\" height=\"2238\" srcset=\"http:\/\/www.susannavaris.com\/blogg\/wp-content\/uploads\/2013\/09\/DSC_0415-crop.jpg 1750w, http:\/\/www.susannavaris.com\/blogg\/wp-content\/uploads\/2013\/09\/DSC_0415-crop-234x300.jpg 234w, http:\/\/www.susannavaris.com\/blogg\/wp-content\/uploads\/2013\/09\/DSC_0415-crop-800x1024.jpg 800w\" sizes=\"auto, (max-width: 1750px) 100vw, 1750px\" \/><\/a> <a href=\"http:\/\/www.susannavaris.com\/blogg\/wp-content\/uploads\/2013\/09\/DSC_0416-diff-50.jpg\"><img loading=\"lazy\" decoding=\"async\" class=\"aligncenter size-full wp-image-11070\" alt=\"DSC_0416-diff-50\" src=\"http:\/\/www.susannavaris.com\/blogg\/wp-content\/uploads\/2013\/09\/DSC_0416-diff-50.jpg\" width=\"2144\" height=\"1424\" srcset=\"http:\/\/www.susannavaris.com\/blogg\/wp-content\/uploads\/2013\/09\/DSC_0416-diff-50.jpg 2144w, http:\/\/www.susannavaris.com\/blogg\/wp-content\/uploads\/2013\/09\/DSC_0416-diff-50-300x199.jpg 300w, http:\/\/www.susannavaris.com\/blogg\/wp-content\/uploads\/2013\/09\/DSC_0416-diff-50-1024x680.jpg 1024w\" sizes=\"auto, (max-width: 2144px) 100vw, 2144px\" \/><\/a>\u00a0<em>Med en annan gammal klasskompis och god v\u00e4n, Pia Ollila<\/em><\/p>\n<p style=\"text-align: center;\"><a href=\"http:\/\/www.susannavaris.com\/blogg\/wp-content\/uploads\/2013\/09\/DSC_0649-50.jpg\"><img loading=\"lazy\" decoding=\"async\" class=\"aligncenter size-full wp-image-11071\" alt=\"DSC_0649-50\" src=\"http:\/\/www.susannavaris.com\/blogg\/wp-content\/uploads\/2013\/09\/DSC_0649-50.jpg\" width=\"2304\" height=\"1536\" srcset=\"http:\/\/www.susannavaris.com\/blogg\/wp-content\/uploads\/2013\/09\/DSC_0649-50.jpg 2304w, http:\/\/www.susannavaris.com\/blogg\/wp-content\/uploads\/2013\/09\/DSC_0649-50-300x200.jpg 300w, http:\/\/www.susannavaris.com\/blogg\/wp-content\/uploads\/2013\/09\/DSC_0649-50-1024x682.jpg 1024w\" sizes=\"auto, (max-width: 2304px) 100vw, 2304px\" \/><\/a>\u00a0<em>Pia med familj: Jenni och Mika. Och s\u00e5 moderskan (nej, hon kan inte vara seri\u00f6s p\u00e5 bild&#8230;)<\/em><\/p>\n<p style=\"text-align: center;\"><a href=\"http:\/\/www.susannavaris.com\/blogg\/wp-content\/uploads\/2013\/09\/DSC_0651-50.jpg\"><img loading=\"lazy\" decoding=\"async\" class=\"aligncenter size-full wp-image-11072\" alt=\"DSC_0651-50\" src=\"http:\/\/www.susannavaris.com\/blogg\/wp-content\/uploads\/2013\/09\/DSC_0651-50.jpg\" width=\"1536\" height=\"2304\" srcset=\"http:\/\/www.susannavaris.com\/blogg\/wp-content\/uploads\/2013\/09\/DSC_0651-50.jpg 1536w, http:\/\/www.susannavaris.com\/blogg\/wp-content\/uploads\/2013\/09\/DSC_0651-50-200x300.jpg 200w, http:\/\/www.susannavaris.com\/blogg\/wp-content\/uploads\/2013\/09\/DSC_0651-50-682x1024.jpg 682w\" sizes=\"auto, (max-width: 1536px) 100vw, 1536px\" \/><\/a>\u00a0<em> Tommy Wahlberg fr\u00e5n\u00a0Astras konstf\u00f6rening, konstn\u00e4rerna Magdalena Sundberg och Ingemar Nystr\u00f6m. Britt Marie J\u00e4rnstr\u00f6m Lindell i bakgrunden.<\/em><\/p>\n<p style=\"text-align: center;\"><a href=\"http:\/\/www.susannavaris.com\/blogg\/wp-content\/uploads\/2013\/09\/DSC_0652-50.jpg\"><img loading=\"lazy\" decoding=\"async\" class=\"aligncenter size-full wp-image-11073\" alt=\"DSC_0652-50\" src=\"http:\/\/www.susannavaris.com\/blogg\/wp-content\/uploads\/2013\/09\/DSC_0652-50.jpg\" width=\"2304\" height=\"1374\" srcset=\"http:\/\/www.susannavaris.com\/blogg\/wp-content\/uploads\/2013\/09\/DSC_0652-50.jpg 2304w, http:\/\/www.susannavaris.com\/blogg\/wp-content\/uploads\/2013\/09\/DSC_0652-50-300x178.jpg 300w, http:\/\/www.susannavaris.com\/blogg\/wp-content\/uploads\/2013\/09\/DSC_0652-50-1024x610.jpg 1024w\" sizes=\"auto, (max-width: 2304px) 100vw, 2304px\" \/><\/a> <a href=\"http:\/\/www.susannavaris.com\/blogg\/wp-content\/uploads\/2013\/09\/DSC_0653-50.jpg\"><img loading=\"lazy\" decoding=\"async\" class=\"aligncenter size-full wp-image-11074\" alt=\"DSC_0653-50\" src=\"http:\/\/www.susannavaris.com\/blogg\/wp-content\/uploads\/2013\/09\/DSC_0653-50.jpg\" width=\"2304\" height=\"1536\" srcset=\"http:\/\/www.susannavaris.com\/blogg\/wp-content\/uploads\/2013\/09\/DSC_0653-50.jpg 2304w, http:\/\/www.susannavaris.com\/blogg\/wp-content\/uploads\/2013\/09\/DSC_0653-50-300x200.jpg 300w, http:\/\/www.susannavaris.com\/blogg\/wp-content\/uploads\/2013\/09\/DSC_0653-50-1024x682.jpg 1024w\" sizes=\"auto, (max-width: 2304px) 100vw, 2304px\" \/><\/a> <a href=\"http:\/\/www.susannavaris.com\/blogg\/wp-content\/uploads\/2013\/09\/DSC_0654-50.jpg\"><img loading=\"lazy\" decoding=\"async\" class=\"aligncenter size-full wp-image-11075\" alt=\"DSC_0654-50\" src=\"http:\/\/www.susannavaris.com\/blogg\/wp-content\/uploads\/2013\/09\/DSC_0654-50.jpg\" width=\"2304\" height=\"1536\" srcset=\"http:\/\/www.susannavaris.com\/blogg\/wp-content\/uploads\/2013\/09\/DSC_0654-50.jpg 2304w, http:\/\/www.susannavaris.com\/blogg\/wp-content\/uploads\/2013\/09\/DSC_0654-50-300x200.jpg 300w, http:\/\/www.susannavaris.com\/blogg\/wp-content\/uploads\/2013\/09\/DSC_0654-50-1024x682.jpg 1024w\" sizes=\"auto, (max-width: 2304px) 100vw, 2304px\" \/><\/a> <a href=\"http:\/\/www.susannavaris.com\/blogg\/wp-content\/uploads\/2013\/09\/DSC_0655-50.jpg\"><img loading=\"lazy\" decoding=\"async\" class=\"aligncenter size-full wp-image-11076\" alt=\"DSC_0655-50\" src=\"http:\/\/www.susannavaris.com\/blogg\/wp-content\/uploads\/2013\/09\/DSC_0655-50.jpg\" width=\"2304\" height=\"1536\" srcset=\"http:\/\/www.susannavaris.com\/blogg\/wp-content\/uploads\/2013\/09\/DSC_0655-50.jpg 2304w, http:\/\/www.susannavaris.com\/blogg\/wp-content\/uploads\/2013\/09\/DSC_0655-50-300x200.jpg 300w, http:\/\/www.susannavaris.com\/blogg\/wp-content\/uploads\/2013\/09\/DSC_0655-50-1024x682.jpg 1024w\" sizes=\"auto, (max-width: 2304px) 100vw, 2304px\" \/><\/a>\u00a0<em>En hel del respons p\u00e5 mina verk&#8230;Magdalena Sundberg och konstn\u00e4ren Ann Nyberg bland andra&#8230;<\/em><\/p>\n<p style=\"text-align: center;\"><a href=\"http:\/\/www.susannavaris.com\/blogg\/wp-content\/uploads\/2013\/09\/ingemar01.jpg\"><img loading=\"lazy\" decoding=\"async\" class=\"aligncenter size-full wp-image-11077\" alt=\"ingemar01\" src=\"http:\/\/www.susannavaris.com\/blogg\/wp-content\/uploads\/2013\/09\/ingemar01.jpg\" width=\"709\" height=\"662\" srcset=\"http:\/\/www.susannavaris.com\/blogg\/wp-content\/uploads\/2013\/09\/ingemar01.jpg 709w, http:\/\/www.susannavaris.com\/blogg\/wp-content\/uploads\/2013\/09\/ingemar01-300x280.jpg 300w\" sizes=\"auto, (max-width: 709px) 100vw, 709px\" \/><\/a> <a href=\"http:\/\/www.susannavaris.com\/blogg\/wp-content\/uploads\/2013\/09\/ingemar02.jpg\"><img loading=\"lazy\" decoding=\"async\" class=\"aligncenter size-full wp-image-11078\" alt=\"ingemar02\" src=\"http:\/\/www.susannavaris.com\/blogg\/wp-content\/uploads\/2013\/09\/ingemar02.jpg\" width=\"606\" height=\"709\" srcset=\"http:\/\/www.susannavaris.com\/blogg\/wp-content\/uploads\/2013\/09\/ingemar02.jpg 606w, http:\/\/www.susannavaris.com\/blogg\/wp-content\/uploads\/2013\/09\/ingemar02-256x300.jpg 256w\" sizes=\"auto, (max-width: 606px) 100vw, 606px\" \/><\/a> <a href=\"http:\/\/www.susannavaris.com\/blogg\/wp-content\/uploads\/2013\/09\/ingemar03.jpg\"><img loading=\"lazy\" decoding=\"async\" class=\"aligncenter size-full wp-image-11079\" alt=\"ingemar03\" src=\"http:\/\/www.susannavaris.com\/blogg\/wp-content\/uploads\/2013\/09\/ingemar03.jpg\" width=\"709\" height=\"794\" srcset=\"http:\/\/www.susannavaris.com\/blogg\/wp-content\/uploads\/2013\/09\/ingemar03.jpg 709w, http:\/\/www.susannavaris.com\/blogg\/wp-content\/uploads\/2013\/09\/ingemar03-267x300.jpg 267w\" sizes=\"auto, (max-width: 709px) 100vw, 709px\" \/><\/a> <a href=\"http:\/\/www.susannavaris.com\/blogg\/wp-content\/uploads\/2013\/09\/ingemar04.jpg\"><img loading=\"lazy\" decoding=\"async\" class=\"aligncenter size-full wp-image-11080\" alt=\"ingemar04\" src=\"http:\/\/www.susannavaris.com\/blogg\/wp-content\/uploads\/2013\/09\/ingemar04.jpg\" width=\"657\" height=\"521\" srcset=\"http:\/\/www.susannavaris.com\/blogg\/wp-content\/uploads\/2013\/09\/ingemar04.jpg 657w, http:\/\/www.susannavaris.com\/blogg\/wp-content\/uploads\/2013\/09\/ingemar04-300x237.jpg 300w\" sizes=\"auto, (max-width: 657px) 100vw, 657px\" \/><\/a> <a href=\"http:\/\/www.susannavaris.com\/blogg\/wp-content\/uploads\/2013\/09\/ingemar05.jpg\"><img loading=\"lazy\" decoding=\"async\" class=\"aligncenter size-full wp-image-11081\" alt=\"ingemar05\" src=\"http:\/\/www.susannavaris.com\/blogg\/wp-content\/uploads\/2013\/09\/ingemar05.jpg\" width=\"709\" height=\"531\" srcset=\"http:\/\/www.susannavaris.com\/blogg\/wp-content\/uploads\/2013\/09\/ingemar05.jpg 709w, http:\/\/www.susannavaris.com\/blogg\/wp-content\/uploads\/2013\/09\/ingemar05-300x224.jpg 300w\" sizes=\"auto, (max-width: 709px) 100vw, 709px\" \/><\/a>\u00a0<em>Jag och mina verk&#8230;fem nedersta bilder av Ingemar Nystr\u00f6m.<\/em><\/p>\n<p style=\"text-align: center;\">Nu h\u00e5ller utst\u00e4llningen p\u00e5 fram tom 9. november s\u00e5 det finns inga som helst sk\u00e4l att missa det hela&#8230;<\/p>\n","protected":false},"excerpt":{"rendered":"<p>Vernissagen idag blev mycket lyckad med massor av bes\u00f6kare och roliga m\u00f6ten: \u00a0Fr\u00e5n h\u00e4ngningen. Bild: S\u00f6dert\u00e4lje Konsthall Jag blev mycket n\u00f6jd med h\u00e4ngningen. Direkt till v\u00e4nster i det f\u00f6rsta, stora rummet. \u00a0Avt\u00e4ckning av de barnv\u00e4nliga f\u00f6rfriskningarna&#8230; \u00a0Ordf\u00f6randen f\u00f6r S\u00f6rmlandssalongen samt\u00a0Reigun &hellip; <a href=\"http:\/\/www.susannavaris.com\/blogg\/2013\/09\/sormlandssalongen-2013-vernissage\/\">Forts\u00e4tt l\u00e4sa <span class=\"meta-nav\">&rarr;<\/span><\/a><\/p>\n","protected":false},"author":1,"featured_media":0,"comment_status":"open","ping_status":"open","sticky":false,"template":"","format":"standard","meta":{"footnotes":""},"categories":[7,555,3,1162,415,1,2262,1611,3489,4],"tags":[418,3511,717,17,925,121,2986,3506,3492],"class_list":["post-11059","post","type-post","status-publish","format-standard","hentry","category-egna-verk","category-events","category-konst","category-kultur","category-lowbrow","category-okategoriserade","category-pop-surrealism","category-skrackkonst","category-sormlandssalongen-2013","category-utstallning","tag-art","tag-britt-marie-jarnstrom-lindell","tag-ingemar-nystrom","tag-konst-2","tag-magdalena-sundberg","tag-sodertalje","tag-sodertalje-konstforening","tag-sodertalje-konsthall","tag-sormlandssalongen-2013-2"],"_links":{"self":[{"href":"http:\/\/www.susannavaris.com\/blogg\/wp-json\/wp\/v2\/posts\/11059","targetHints":{"allow":["GET"]}}],"collection":[{"href":"http:\/\/www.susannavaris.com\/blogg\/wp-json\/wp\/v2\/posts"}],"about":[{"href":"http:\/\/www.susannavaris.com\/blogg\/wp-json\/wp\/v2\/types\/post"}],"author":[{"embeddable":true,"href":"http:\/\/www.susannavaris.com\/blogg\/wp-json\/wp\/v2\/users\/1"}],"replies":[{"embeddable":true,"href":"http:\/\/www.susannavaris.com\/blogg\/wp-json\/wp\/v2\/comments?post=11059"}],"version-history":[{"count":3,"href":"http:\/\/www.susannavaris.com\/blogg\/wp-json\/wp\/v2\/posts\/11059\/revisions"}],"predecessor-version":[{"id":11085,"href":"http:\/\/www.susannavaris.com\/blogg\/wp-json\/wp\/v2\/posts\/11059\/revisions\/11085"}],"wp:attachment":[{"href":"http:\/\/www.susannavaris.com\/blogg\/wp-json\/wp\/v2\/media?parent=11059"}],"wp:term":[{"taxonomy":"category","embeddable":true,"href":"http:\/\/www.susannavaris.com\/blogg\/wp-json\/wp\/v2\/categories?post=11059"},{"taxonomy":"post_tag","embeddable":true,"href":"http:\/\/www.susannavaris.com\/blogg\/wp-json\/wp\/v2\/tags?post=11059"}],"curies":[{"name":"wp","href":"https:\/\/api.w.org\/{rel}","templated":true}]}}