{"id":11086,"date":"2013-09-29T00:34:06","date_gmt":"2013-09-28T22:34:06","guid":{"rendered":"http:\/\/www.susannavaris.com\/blogg\/?p=11086"},"modified":"2013-09-29T00:34:06","modified_gmt":"2013-09-28T22:34:06","slug":"feministiskt-pa-bokmassan","status":"publish","type":"post","link":"http:\/\/www.susannavaris.com\/blogg\/2013\/09\/feministiskt-pa-bokmassan\/","title":{"rendered":"Feministiskt p\u00e5 Bokm\u00e4ssan"},"content":{"rendered":"<p style=\"text-align: center;\"><a href=\"http:\/\/www.susannavaris.com\/blogg\/wp-content\/uploads\/2013\/09\/MoranCaitlin_F_ChrisFloyd_top.jpg\"><img loading=\"lazy\" decoding=\"async\" class=\"aligncenter size-full wp-image-11087\" alt=\"MoranCaitlin_F_ChrisFloyd_top\" src=\"http:\/\/www.susannavaris.com\/blogg\/wp-content\/uploads\/2013\/09\/MoranCaitlin_F_ChrisFloyd_top.jpg\" width=\"639\" height=\"426\" srcset=\"http:\/\/www.susannavaris.com\/blogg\/wp-content\/uploads\/2013\/09\/MoranCaitlin_F_ChrisFloyd_top.jpg 639w, http:\/\/www.susannavaris.com\/blogg\/wp-content\/uploads\/2013\/09\/MoranCaitlin_F_ChrisFloyd_top-300x200.jpg 300w\" sizes=\"auto, (max-width: 639px) 100vw, 639px\" \/><\/a>\u00a0<em>Caitlin Moran. Foto: Chris Floyd<\/em><\/p>\n<p>Feministikonen Caitlin Moran <a href=\"http:\/\/www.dagensnyheter.se\/Articles\/2013\/09\/28\/Humor-ar-ett-satt-att-gora-feminismen-cool\/\">samtal<\/a>\u00a0med Hanna Fahl i DN (var annars?):<\/p>\n<blockquote><p>&#8221;\u00c4ven om man stirrar det vita patriarkatet rakt i \u00f6gonen s\u00e5 finns det ingen po\u00e4ng med att skrika och attackera det, man vill ju f\u00e5 \u00f6ver dem p\u00e5 v\u00e5r sida! Jag f\u00f6rs\u00f6ker g\u00f6ra det coolare att vara en freds\u00e4lskande v\u00e4nstervriden \u00f6verviktig liberal kvinna, \u00e4n att vara en r\u00f6vhatt till man. Och n\u00e4r jag ser filmer som \u201dBridesmaids\u201d och Lena Dunhams \u201dGirls\u201d bli popul\u00e4ra k\u00e4nner jag: nu h\u00e4nder det. Nu g\u00f6r vi det.&#8221;<\/p><\/blockquote>\n<p>Vad \u00e4r det h\u00e4r patriarkatet f\u00f6r n\u00e5got? F\u00e5 \u00f6ver dem p\u00e5 v\u00e5r sida? Moran verkar tala om en grupp m\u00e4nniskor. I m\u00e5nga sammanhang menar man fr\u00e5n feministiskt h\u00e5ll att patriarkatet \u00e4r en struktur som dessutom s\u00e4gs missgynna b\u00e5de m\u00e4n och kvinnor. Hur f\u00e5r man en struktur \u00f6ver p\u00e5 sin sida? Nej, feminister attackerar ju inte m\u00e4n, de attackerar &#8221;manligheten&#8221;. Nej, feminister attackerar ju inte dig som man, de attackerar &#8221;patriarkatet&#8221;. Alltf\u00f6r ofta l\u00e5ter dock formuleringarna som att man i sj\u00e4lva verket talar om&#8230;ja, m\u00e4n i st\u00f6rsta allm\u00e4nhet.<\/p>\n<p>N\u00e4sta mening \u00e4r om m\u00f6jligt \u00e4nnu m\u00e4rkligare. V\u00e4nstervriden liberal? R\u00f6vhatt till man? jag tycker semantiken \u00e4r sv\u00e5rtydd (utl\u00e4nning som jag \u00e4r). R\u00e4tta mig om jag har fel men i mina \u00f6ron l\u00e5ter det som att alla m\u00e4n \u00e4r r\u00f6vhattar i den h\u00e4r meningen. Om hon nu menar en specifik grupp m\u00e4n som \u00e4r r\u00f6vhattar, vem tycker att de \u00e4r coola bortsett fr\u00e5n ton\u00e5ringar och kvinnor som ska r\u00e4dda dem med sin k\u00e4rlek? Slutsatsen \u00e4r \u00e4nd\u00e5 att hon vill g\u00f6ra det coolare att vara en s\u00e4rskild sorts kvinna \u00e4n en s\u00e4rskild sorts man (kvinnan vald enligt hennes egna, f\u00f6rment sympativ\u00e4ckande preferenser och mannen vald enligt de v\u00e4rsta kriterierna).<\/p>\n<p>Lycka till med att locka \u00f6ver strukturerna.<\/p>\n","protected":false},"excerpt":{"rendered":"<p>\u00a0Caitlin Moran. Foto: Chris Floyd Feministikonen Caitlin Moran samtal\u00a0med Hanna Fahl i DN (var annars?): &#8221;\u00c4ven om man stirrar det vita patriarkatet rakt i \u00f6gonen s\u00e5 finns det ingen po\u00e4ng med att skrika och attackera det, man vill ju f\u00e5 &hellip; <a href=\"http:\/\/www.susannavaris.com\/blogg\/2013\/09\/feministiskt-pa-bokmassan\/\">Forts\u00e4tt l\u00e4sa <span class=\"meta-nav\">&rarr;<\/span><\/a><\/p>\n","protected":false},"author":1,"featured_media":0,"comment_status":"open","ping_status":"open","sticky":false,"template":"","format":"standard","meta":{"footnotes":""},"categories":[181,259,1321,1928,1162,589,1,590],"tags":[3513,3512,175,4900,4899,179,4918,2721,1543,3514],"class_list":["post-11086","post","type-post","status-publish","format-standard","hentry","category-feminism","category-genusvetenskap","category-jamstalldhet","category-journalistik","category-kultur","category-medier","category-okategoriserade","category-politik","tag-bokmassan","tag-caitlin-moran","tag-dn","tag-feminism","tag-genus","tag-hanna-fahl","tag-jamstalldhet","tag-misandri","tag-patriarkat","tag-patriarkat-som-man-i-allmanhet"],"_links":{"self":[{"href":"http:\/\/www.susannavaris.com\/blogg\/wp-json\/wp\/v2\/posts\/11086","targetHints":{"allow":["GET"]}}],"collection":[{"href":"http:\/\/www.susannavaris.com\/blogg\/wp-json\/wp\/v2\/posts"}],"about":[{"href":"http:\/\/www.susannavaris.com\/blogg\/wp-json\/wp\/v2\/types\/post"}],"author":[{"embeddable":true,"href":"http:\/\/www.susannavaris.com\/blogg\/wp-json\/wp\/v2\/users\/1"}],"replies":[{"embeddable":true,"href":"http:\/\/www.susannavaris.com\/blogg\/wp-json\/wp\/v2\/comments?post=11086"}],"version-history":[{"count":1,"href":"http:\/\/www.susannavaris.com\/blogg\/wp-json\/wp\/v2\/posts\/11086\/revisions"}],"predecessor-version":[{"id":11088,"href":"http:\/\/www.susannavaris.com\/blogg\/wp-json\/wp\/v2\/posts\/11086\/revisions\/11088"}],"wp:attachment":[{"href":"http:\/\/www.susannavaris.com\/blogg\/wp-json\/wp\/v2\/media?parent=11086"}],"wp:term":[{"taxonomy":"category","embeddable":true,"href":"http:\/\/www.susannavaris.com\/blogg\/wp-json\/wp\/v2\/categories?post=11086"},{"taxonomy":"post_tag","embeddable":true,"href":"http:\/\/www.susannavaris.com\/blogg\/wp-json\/wp\/v2\/tags?post=11086"}],"curies":[{"name":"wp","href":"https:\/\/api.w.org\/{rel}","templated":true}]}}