{"id":11091,"date":"2013-09-29T18:40:53","date_gmt":"2013-09-29T16:40:53","guid":{"rendered":"http:\/\/www.susannavaris.com\/blogg\/?p=11091"},"modified":"2013-09-29T18:43:28","modified_gmt":"2013-09-29T16:43:28","slug":"ivar-arpi-ror-upp-kanslorna-hos-twittervanstern","status":"publish","type":"post","link":"http:\/\/www.susannavaris.com\/blogg\/2013\/09\/ivar-arpi-ror-upp-kanslorna-hos-twittervanstern\/","title":{"rendered":"Ivar Arpi r\u00f6r upp k\u00e4nslorna hos twitterv\u00e4nstern"},"content":{"rendered":"<p>&#8230;med\u00a0<a href=\"http:\/\/www.svd.se\/opinion\/ledarsidan\/vastvarldens-sjalvhat-urholkar-demokratin_8563426.svd\">denna<\/a>\u00a0artikel om v\u00e5ldsd\u00e5d, terrorism och v\u00e5ldsf\u00f6rh\u00e4rligande fr\u00e5n v\u00e4nsterh\u00e5ll, i dagens SvD:<\/p>\n<blockquote><p>&#8221;Kajsa Ekis Ekman skriver om sin f\u00f6r\u00e4lskelse i kravaller och Venezuelas socialistiska revolution, Sara Stridsberg tycker att man b\u00f6r tolka\u00a0<em>SCUM-manifestet<\/em>\u00a0av Valerie Solanas bokstavligt och Mattias Gardell f\u00f6rsvarar terrororganisationer och kallar fascistliknande Muslimska br\u00f6draskapet f\u00f6r \u201dfolkhemsislam\u201d. F\u00f6r att n\u00e4mna n\u00e5gra av dem som regelbundet g\u00f6r skumma st\u00e4llningstaganden.&#8221;<\/p><\/blockquote>\n<p>Det g\u00e5r inte att b\u00e4dda in citat fr\u00e5n twitter av n\u00e5gon anledning, s\u00e5 jag f\u00e5r h\u00e4nvisa till Arpis konto p\u00e5 twitter f\u00f6r exempel.<\/p>\n<p>&nbsp;<\/p>\n","protected":false},"excerpt":{"rendered":"<p>&#8230;med\u00a0denna\u00a0artikel om v\u00e5ldsd\u00e5d, terrorism och v\u00e5ldsf\u00f6rh\u00e4rligande fr\u00e5n v\u00e4nsterh\u00e5ll, i dagens SvD: &#8221;Kajsa Ekis Ekman skriver om sin f\u00f6r\u00e4lskelse i kravaller och Venezuelas socialistiska revolution, Sara Stridsberg tycker att man b\u00f6r tolka\u00a0SCUM-manifestet\u00a0av Valerie Solanas bokstavligt och Mattias Gardell f\u00f6rsvarar terrororganisationer och &hellip; <a href=\"http:\/\/www.susannavaris.com\/blogg\/2013\/09\/ivar-arpi-ror-upp-kanslorna-hos-twittervanstern\/\">Forts\u00e4tt l\u00e4sa <span class=\"meta-nav\">&rarr;<\/span><\/a><\/p>\n","protected":false},"author":1,"featured_media":0,"comment_status":"open","ping_status":"open","sticky":false,"template":"","format":"standard","meta":{"footnotes":""},"categories":[181,1928,589,1,590,303],"tags":[3518,4900,3242,907,504,449,2776],"class_list":["post-11091","post","type-post","status-publish","format-standard","hentry","category-feminism","category-journalistik","category-medier","category-okategoriserade","category-politik","category-religion","tag-antidemokrati","tag-feminism","tag-ivar-arpi","tag-scum","tag-svd","tag-terrorism","tag-twitter"],"_links":{"self":[{"href":"http:\/\/www.susannavaris.com\/blogg\/wp-json\/wp\/v2\/posts\/11091","targetHints":{"allow":["GET"]}}],"collection":[{"href":"http:\/\/www.susannavaris.com\/blogg\/wp-json\/wp\/v2\/posts"}],"about":[{"href":"http:\/\/www.susannavaris.com\/blogg\/wp-json\/wp\/v2\/types\/post"}],"author":[{"embeddable":true,"href":"http:\/\/www.susannavaris.com\/blogg\/wp-json\/wp\/v2\/users\/1"}],"replies":[{"embeddable":true,"href":"http:\/\/www.susannavaris.com\/blogg\/wp-json\/wp\/v2\/comments?post=11091"}],"version-history":[{"count":3,"href":"http:\/\/www.susannavaris.com\/blogg\/wp-json\/wp\/v2\/posts\/11091\/revisions"}],"predecessor-version":[{"id":11094,"href":"http:\/\/www.susannavaris.com\/blogg\/wp-json\/wp\/v2\/posts\/11091\/revisions\/11094"}],"wp:attachment":[{"href":"http:\/\/www.susannavaris.com\/blogg\/wp-json\/wp\/v2\/media?parent=11091"}],"wp:term":[{"taxonomy":"category","embeddable":true,"href":"http:\/\/www.susannavaris.com\/blogg\/wp-json\/wp\/v2\/categories?post=11091"},{"taxonomy":"post_tag","embeddable":true,"href":"http:\/\/www.susannavaris.com\/blogg\/wp-json\/wp\/v2\/tags?post=11091"}],"curies":[{"name":"wp","href":"https:\/\/api.w.org\/{rel}","templated":true}]}}