{"id":11095,"date":"2013-09-29T22:44:18","date_gmt":"2013-09-29T20:44:18","guid":{"rendered":"http:\/\/www.susannavaris.com\/blogg\/?p=11095"},"modified":"2013-09-30T23:12:50","modified_gmt":"2013-09-30T21:12:50","slug":"byte-av-fackforbund-rycker-allt-narmare","status":"publish","type":"post","link":"http:\/\/www.susannavaris.com\/blogg\/2013\/09\/byte-av-fackforbund-rycker-allt-narmare\/","title":{"rendered":"Byte av fackf\u00f6rbund rycker allt n\u00e4rmare"},"content":{"rendered":"<p>Tv\u00e5ngsanslutningen till Socialdemokratin \u00e4r avskaffad (det rullar dock fortfarande in m\u00e5nga sk\u00f6na slantar till deras kassakista) och saker och ting ang\u00e5ende LO var p\u00e5 en n\u00e5got sv\u00e5rsm\u00e4lt, men \u00e4nd\u00e5 acceptabel niv\u00e5 ett antal \u00e5r. Nu har den opinionsbildande satsningen <a href=\"http:\/\/politism.se\/\">Politism.se<\/a>\u00a0sj\u00f6satts (tillsammans med Aftonbladet). Jag surfade in d\u00e4r f\u00f6r f\u00f6rsta g\u00e5ngen ikv\u00e4ll och m\u00f6ttes av radikalfeminism och mera radikalfeminism, samt skribenter som Kawa Zolfagary och My Vingren. Jag hade mina farh\u00e5gor ang\u00e5ende satsningen, men resultatet verkar mer skr\u00e4mmande \u00e4n jag hade f\u00f6rest\u00e4llt mig. Jag tycker att det \u00e4r fullst\u00e4ndigt oacceptabelt att jag genom min medlemsavgift till en fackf\u00f6rening \u00e4r med och finansierar den h\u00e4r formen av &#8221;opinionsbildning&#8221;. Chefredakt\u00f6r Ros\u00e9n:<\/p>\n<blockquote><p>&#8221;Vi vill inte vara twitter. Det h\u00e4r \u00e4r inte ett utrymme d\u00e4r alla \u00e4mnen diskuteras och d\u00e4r den som skriver mest eller skriker h\u00f6gst f\u00e5r mest utrymme. D\u00e4remot ska vi vara aktuella och ha aktiva anv\u00e4ndare, vi ska hela tiden premiera deltagande och engagemang samtidigt som vi inte vill premiera v\u00e4rderingar stick i st\u00e4v med Politism, vi vill inte att v\u00e5ra anv\u00e4ndare ska kunna armb\u00e5ga sig fram medelst misogyni, rasism, hbtq-fobi, klassf\u00f6rakt eller bara allm\u00e4nt sjavigt hat.&#8221;<\/p>\n<p>[&#8230;]<\/p>\n<p>&#8221;Politism \u00e4r en antirasistisk, feministisk, maktkritisk sajt som arbetar f\u00f6r \u00f6kad j\u00e4mlikhet. Vi \u00e4r v\u00e4nster, men inte lojala med n\u00e5got parti. Vi vill kritisera de som har makten, vare sig de sitter i regeringsst\u00e4llning eller har makt i andra sammanhang. Vi vill ocks\u00e5 f\u00f6rs\u00f6ka vara \u00f6dmjuka inf\u00f6r v\u00e5r egen makt, som publicister med en arena eller bara som priviligerade individer med goda f\u00f6ruts\u00e4ttningar att p\u00e5verka v\u00e5rt liv, och andras.&#8221;<\/p><\/blockquote>\n<p>Sajten vill allts\u00e5 st\u00e5 f\u00f6r alla de v\u00e4lk\u00e4nda v\u00e4rdeorden som \u00e4r t\u00e4nkta att identifieras med goda och v\u00e4llovliga syften. Tyv\u00e4rr \u00e4r t ex inte feminism l\u00e4ngre ett s\u00e5dant ord f\u00f6r mig. S\u00e4rskilt inte den sortens feminism som sajten sedan visar prov p\u00e5:<\/p>\n<blockquote><p>&#8221;Samtidigt kan de fundera \u00f6ver att d\u00f6pa om\u00a0<a href=\"http:\/\/scoop.fgj.se\/Inneh%C3%A5ll\/Artiklar\/tabid\/256\/Default.aspx?itemid=1612\">listan \u00f6ver de 25 b\u00e4sta gr\u00e4vande journalisterna<\/a>\u00a0till \u201dde 25 b\u00e4sta gubbjournalisterna\u201d. Har du tips p\u00e5 kvinnliga eller icke-k\u00f6nade unders\u00f6kande journalister?&#8221;<\/p><\/blockquote>\n<p>My Vingren \u00e4r <a href=\"http:\/\/politism.se\/genusfolket\/genustrean-4-konskrigshyllningar-manssatsning-och-bianca-kronlof\/#post-5282\">missn\u00f6jd<\/a>\u00a0\u00f6ver de utvalda, gr\u00e4vande journalisternas k\u00f6n.<\/p>\n<blockquote><p>&#8221;Enligt statistiska centralbyr\u00e5n l\u00e4ser m\u00e4n knappt h\u00e4lften s\u00e5 mycket som kvinnor. Eftersom m\u00e4n har h\u00f6gre l\u00f6n, chefspostioner och som aldrig f\u00f6rr f\u00f6rverkligar pojkdr\u00f6mmen om att bli n\u00e4sta Ulf Lundell blir m\u00e4ns bristande intresse f\u00f6r litteratur ett demokratiproblem. Hoppas det finns planer p\u00e5 att satsa 30 miljoner p\u00e5 att inspirera m\u00e4n att b\u00f6rja diska ocks\u00e5.&#8221;<\/p><\/blockquote>\n<p>My Vingren inbillar sig p\u00e5 fullt allvar att regeringens satsning har med Jimmy \u00c5kessons boklansering att g\u00f6ra samt uppvisar sin sedvanligt varmhj\u00e4rtade inst\u00e4llning till individer av manligt k\u00f6n. (Men visst, det \u00e4r ju det goda och fina hatet!)<\/p>\n<blockquote><p>&#8221;Det st\u00e4lls orimligt h\u00f6ga krav p\u00e5 att offret ska bevisa att en v\u00e5ldt\u00e4kt har skett snarare \u00e4n att f\u00f6r\u00f6varen ska bevisa att s\u00e5 inte \u00e4r fallet. F\u00f6r\u00f6varens roll i r\u00e4tteg\u00e5ngssalen blir med bevisb\u00f6rdans placering n\u00e4stintill passiv, f\u00f6r\u00f6varen f\u00e5r ist\u00e4llet en f\u00f6rsta parkettplats d\u00e4r offret har huvudrollen i en film hen inte ville medverka i. Det \u00e4r en lagstiftning som leder till alldeles f\u00f6r f\u00e5 f\u00e4llande domar och ett system som skapar r\u00e4ttsos\u00e4kerhet och r\u00e4dsla f\u00f6r att anm\u00e4la och g\u00e5 vidare med fallet.&#8221;<\/p>\n<p>[&#8230;]<\/p>\n<p>&#8221;En liknande bevisb\u00f6rda som i diskrimineringslagen skulle kunna vara en l\u00f6sning. Ett offer som i diskrimineringslagens mening exempelvis blir utsatt f\u00f6r trakasserier beh\u00f6ver endast g\u00f6ra sannolikt att trakasseringen skett och d\u00e4refter g\u00e5r bevisb\u00f6rdan \u00f6ver p\u00e5 motparten som beh\u00f6ver styrka, d.v.s. f\u00e5r en mycket tyngre bevisb\u00f6rda p\u00e5 sig, att bevisa att trakassering inte skett. En s\u00e5dan placering av bevisb\u00f6rdan skulle kunna f\u00e5 en stark preventiv effekt. Om en potentiell f\u00f6r\u00f6vare vet att ett offer inte beh\u00f6ver g\u00f6ra mer \u00e4n sannolikt bevisa att en v\u00e5ldt\u00e4kt skett och att det d\u00e4refter \u00f6verg\u00e5r en mycket tung bevisb\u00f6rda p\u00e5 f\u00f6r\u00f6varen att bevisa att s\u00e5 inte \u00e4r fallet, kan detta f\u00f6rhoppningsvis vara avskr\u00e4ckande och \u00e4ven leda till fler f\u00e4llande domar.&#8221;<\/p><\/blockquote>\n<p>Nikita Feiz <a href=\"http:\/\/politism.se\/genusfolket\/sex-anklagade-for-gruppvaldtakt-frias-gammal-lagtext-utnyttjades\/#post-5314\">f\u00f6respr\u00e5kar<\/a>\u00a0omv\u00e4nd bevisb\u00f6rda vid misst\u00e4nkta v\u00e5ldt\u00e4kter. (Mer om detta hos\u00a0<a href=\"http:\/\/ekvalist.blogspot.se\/\">Ekvalist<\/a>.)<\/p>\n<blockquote><p>&#8221;M\u00e4n \u2013 alla m\u00e4n, oavsett hudf\u00e4rg eller religion \u2013 har i krigs- och konfliktsituationer beg\u00e5tt fruktansv\u00e4rda brott mot kvinnor.&#8221;<\/p><\/blockquote>\n<p>Maja Bredberg om <a href=\"http:\/\/politism.se\/maja-bredberg\/fa-minderariga-valdtaktsoffer-fran-sormland-hangst-ut-i-kongolesisk-press\/#post-3890\">v\u00e5ldt\u00e4kter i krig<\/a>\u00a0och s\u00e4rskilt ett detaljerat reportage i L\u00e4kartidningen d\u00e4r kvinnor som v\u00e5ldtagits funnits med med bild och namn.<\/p>\n<blockquote><p>&#8221;Kvinnojourerna ska f\u00e5 f\u00f6rh\u00f6jt ekonomiskt st\u00f6d under 2014. 13,4 miljoner i ytterligare bidrag kommer regeringen att \u00f6ronm\u00e4rka \u00e5t kvinnojoursverksamhet. Samtidigt permanentas den nu tillf\u00e4lliga f\u00f6rst\u00e4rkningen p\u00e5 10 miljoner. Det \u00e4r fantastiska nyheter. F\u00f6r kvinnojourerna.<\/p>\n<p>Men det finns ett problem. Kvinnojoursr\u00f6relsen best\u00e5r inte bara av kvinnojourer. En stor och betydande del av b\u00e5de ROKS och SKR \u00e4r tjejjoursr\u00f6relsen. Ingenstans i presentationen av de nya medlen st\u00e5r att de kommer vara tillg\u00e4nliga att s\u00f6ka \u00e4ven f\u00f6r tjejjourer.&#8221;<\/p><\/blockquote>\n<p>My Vingren <a href=\"http:\/\/politism.se\/genusfolket\/tjejjourer-minst-lika-viktiga-som-kvinnojoursverksamhet\/#post-5264\">gl\u00e4ds \u00e5t<\/a>\u00a0mera pengar till kvinnojourer, men tycker att tjejjourerna ocks\u00e5 borde f\u00e5 mera anslag. Mansjourer, s\u00e4rskilt s\u00e5dana som inriktar sig p\u00e5 manliga offer existerar inte i Vingrens v\u00e4rld. J\u00e4mlikhet var ledordet.<\/p>\n<p>&nbsp;<\/p>\n<p>&nbsp;<\/p>\n<p>&nbsp;<\/p>\n<p>&nbsp;<\/p>\n","protected":false},"excerpt":{"rendered":"<p>Tv\u00e5ngsanslutningen till Socialdemokratin \u00e4r avskaffad (det rullar dock fortfarande in m\u00e5nga sk\u00f6na slantar till deras kassakista) och saker och ting ang\u00e5ende LO var p\u00e5 en n\u00e5got sv\u00e5rsm\u00e4lt, men \u00e4nd\u00e5 acceptabel niv\u00e5 ett antal \u00e5r. Nu har den opinionsbildande satsningen Politism.se\u00a0sj\u00f6satts &hellip; <a href=\"http:\/\/www.susannavaris.com\/blogg\/2013\/09\/byte-av-fackforbund-rycker-allt-narmare\/\">Forts\u00e4tt l\u00e4sa <span class=\"meta-nav\">&rarr;<\/span><\/a><\/p>\n","protected":false},"author":1,"featured_media":0,"comment_status":"open","ping_status":"open","sticky":false,"template":"","format":"standard","meta":{"footnotes":""},"categories":[178,181,1321,1928,589,1,590],"tags":[4900,4899,3523,4918,1460,3522,2689,3521,3519,3520,1399,229],"class_list":["post-11095","post","type-post","status-publish","format-standard","hentry","category-blodtryckshojare","category-feminism","category-jamstalldhet","category-journalistik","category-medier","category-okategoriserade","category-politik","tag-feminism","tag-genus","tag-jamlikhet","tag-jamstalldhet","tag-kawa-zolfagary","tag-maja-bredberg","tag-my-vingren","tag-nikita-feiz","tag-politism","tag-rosen","tag-vanster","tag-vanstern"],"_links":{"self":[{"href":"http:\/\/www.susannavaris.com\/blogg\/wp-json\/wp\/v2\/posts\/11095","targetHints":{"allow":["GET"]}}],"collection":[{"href":"http:\/\/www.susannavaris.com\/blogg\/wp-json\/wp\/v2\/posts"}],"about":[{"href":"http:\/\/www.susannavaris.com\/blogg\/wp-json\/wp\/v2\/types\/post"}],"author":[{"embeddable":true,"href":"http:\/\/www.susannavaris.com\/blogg\/wp-json\/wp\/v2\/users\/1"}],"replies":[{"embeddable":true,"href":"http:\/\/www.susannavaris.com\/blogg\/wp-json\/wp\/v2\/comments?post=11095"}],"version-history":[{"count":2,"href":"http:\/\/www.susannavaris.com\/blogg\/wp-json\/wp\/v2\/posts\/11095\/revisions"}],"predecessor-version":[{"id":11104,"href":"http:\/\/www.susannavaris.com\/blogg\/wp-json\/wp\/v2\/posts\/11095\/revisions\/11104"}],"wp:attachment":[{"href":"http:\/\/www.susannavaris.com\/blogg\/wp-json\/wp\/v2\/media?parent=11095"}],"wp:term":[{"taxonomy":"category","embeddable":true,"href":"http:\/\/www.susannavaris.com\/blogg\/wp-json\/wp\/v2\/categories?post=11095"},{"taxonomy":"post_tag","embeddable":true,"href":"http:\/\/www.susannavaris.com\/blogg\/wp-json\/wp\/v2\/tags?post=11095"}],"curies":[{"name":"wp","href":"https:\/\/api.w.org\/{rel}","templated":true}]}}