{"id":11097,"date":"2013-09-30T12:05:38","date_gmt":"2013-09-30T10:05:38","guid":{"rendered":"http:\/\/www.susannavaris.com\/blogg\/?p=11097"},"modified":"2013-09-30T22:22:22","modified_gmt":"2013-09-30T20:22:22","slug":"sormlandssalongen-2013-i-lanstidningen","status":"publish","type":"post","link":"http:\/\/www.susannavaris.com\/blogg\/2013\/09\/sormlandssalongen-2013-i-lanstidningen\/","title":{"rendered":"S\u00f6rmlandssalongen 2013 i L\u00e4nstidningen"},"content":{"rendered":"<p>&#8230;finns\u00a0<a href=\"http:\/\/lt.se\/kulturnoje\/1.2227849-trogen-salong-for-sormlandska-verk\">h\u00e4r<\/a>.<\/p>\n<blockquote>\n<h1 id=\"articleHeader\">&#8221;Trogen salong f\u00f6r s\u00f6rml\u00e4ndska verk<\/h1>\n<h1>Skilda tekniker n\u00e4r 61 konstn\u00e4rer m\u00f6ts<\/h1>\n<div id=\"articlePreamble\">\n<p>S\u00f6rmlandssalongen 2013 slog i l\u00f6rdags upp sina portar f\u00f6r 53:e g\u00e5ngen. I \u00e5r st\u00e4ller sammanlagt 61 konstn\u00e4rer ut 213 verk i de mest skilda tekniker.<\/p>\n<\/div>\n<div>\n<div id=\"mk_annons\"><\/div>\n<h2>Relaterat<\/h2>\n<div>\n<div>\n<h3><\/h3>\n<p><a href=\"http:\/\/lt.se\/kulturnoje\/1.2227849-trogen-salong-for-sormlandska-verk?articleRenderMode=image&amp;image=0\" rel=\"modal\"><img loading=\"lazy\" decoding=\"async\" title=\"Vivianne Edorson fr\u00e5n Oxel\u00f6sund st\u00e4ller ut sina maneter, gjorda av garn p\u00e5 stommar som \u00e4r lampor hon hittat p\u00e5 loppisar.\" alt=\"Vivianne Edorson fr\u00e5n Oxel\u00f6sund st\u00e4ller ut sina maneter, gjorda av garn p\u00e5 stommar som \u00e4r lampor hon hittat p\u00e5 loppisar.\" src=\"http:\/\/lt.se\/image_processor\/1.2227853.1380524456!\/image\/596455787.jpg_gen\/derivatives\/wide\/596455787.jpg?maxWidth=200\" width=\"200\" height=\"132\" \/><\/a><\/p>\n<\/div>\n<p>Vivianne Edorson fr\u00e5n Oxel\u00f6sund st\u00e4ller ut sina maneter, gjorda av garn p\u00e5 stommar som \u00e4r lampor hon hittat p\u00e5 loppisar.FOTOGRAF: MAGNUS GRIMSTEDT<\/p>\n<\/div>\n<div>\n<div id=\"fusionspacer122672200516ad_175x100_1\"><\/div>\n<table width=\"200\" border=\"0\" cellspacing=\"0\" cellpadding=\"0\" align=\"center\">\n<tbody>\n<tr>\n<td><img loading=\"lazy\" decoding=\"async\" alt=\"\" src=\"http:\/\/fusion.adtoma.com\/mkt\/annons.gif\" width=\"50\" height=\"8\" \/><\/td>\n<\/tr>\n<\/tbody>\n<\/table>\n<div id=\"Fusion_holder_122672200516ad_175x100_1\"><\/div>\n<\/div>\n<\/div>\n<div>\n<p>Konkurrensen bland konstn\u00e4rer om en plats p\u00e5 S\u00f6rmlandssalongen \u00e4r h\u00e5rd. I \u00e5r hade 141 konstn\u00e4rer l\u00e4mnat in 641 verk f\u00f6r bed\u00f6mning. Juryns urval resulterade i verk av 61 konstn\u00e4rer, varav 22 fr\u00e5n S\u00f6dert\u00e4lje och Nykvarns kommuner.<\/p>\n<p>En av de konstn\u00e4rer som \u00e4r representerade i \u00e5r \u00e4r S\u00f6dert\u00e4ljebon Kersti R\u00e5gfelt Strandberg. Hon har h\u00e5llit p\u00e5 sedan 80-talet och har numera tappat r\u00e4kningen p\u00e5 vilken g\u00e5ng i ordningen det \u00e4r hon deltar p\u00e5 Salongen. Hon st\u00e4ller ut tre verk i tyg, 2,30 meter l\u00e5nga och en meter breda, som h\u00e4nger fritt fr\u00e5n taket i konsthallen och som b\u00f6ljar l\u00e4tt n\u00e4r n\u00e5gon passerar. Tekniken kallas collografi.<\/p>\n<p>\u2013 Det \u00e4r en grafisk metod, ett djuptryck. Jag g\u00f6r sj\u00e4lv pl\u00e5ten, f\u00e4rgar in den och trycker sj\u00e4lv. Det \u00e4r som en etsning fast p\u00e5 kartong i st\u00e4llet f\u00f6r p\u00e5 pl\u00e5t, s\u00e4ger hon.<\/p>\n<p>De tre motiven \u00e4r blommor, vid h\u00e4r laget vida beresta. N\u00e4rmast har de varit i Japan.<\/p>\n<p>\u2013 Det \u00e4r inte bara blomformationer. De symboliserar ocks\u00e5 livet. Den h\u00e4r v\u00e4xtens blomma \u00e4r som ett k\u00e4rl eller en b\u00e4gare som vi kan fylla med ett inneh\u00e5ll, som med livet. Och blomman vilar p\u00e5 en sk\u00f6r st\u00e4ngel, precis som livet, s\u00e4ger hon.&#8221;<\/p>\n<\/div>\n<\/blockquote>\n","protected":false},"excerpt":{"rendered":"<p>&#8230;finns\u00a0h\u00e4r. &#8221;Trogen salong f\u00f6r s\u00f6rml\u00e4ndska verk Skilda tekniker n\u00e4r 61 konstn\u00e4rer m\u00f6ts S\u00f6rmlandssalongen 2013 slog i l\u00f6rdags upp sina portar f\u00f6r 53:e g\u00e5ngen. I \u00e5r st\u00e4ller sammanlagt 61 konstn\u00e4rer ut 213 verk i de mest skilda tekniker. Relaterat Vivianne Edorson &hellip; <a href=\"http:\/\/www.susannavaris.com\/blogg\/2013\/09\/sormlandssalongen-2013-i-lanstidningen\/\">Forts\u00e4tt l\u00e4sa <span class=\"meta-nav\">&rarr;<\/span><\/a><\/p>\n","protected":false},"author":1,"featured_media":0,"comment_status":"open","ping_status":"open","sticky":false,"template":"","format":"standard","meta":{"footnotes":""},"categories":[3,1162,589,1,3489,4],"tags":[1662,17,3524,121,3492],"class_list":["post-11097","post","type-post","status-publish","format-standard","hentry","category-konst","category-kultur","category-medier","category-okategoriserade","category-sormlandssalongen-2013","category-utstallning","tag-artikel","tag-konst-2","tag-lanstidningen","tag-sodertalje","tag-sormlandssalongen-2013-2"],"_links":{"self":[{"href":"http:\/\/www.susannavaris.com\/blogg\/wp-json\/wp\/v2\/posts\/11097","targetHints":{"allow":["GET"]}}],"collection":[{"href":"http:\/\/www.susannavaris.com\/blogg\/wp-json\/wp\/v2\/posts"}],"about":[{"href":"http:\/\/www.susannavaris.com\/blogg\/wp-json\/wp\/v2\/types\/post"}],"author":[{"embeddable":true,"href":"http:\/\/www.susannavaris.com\/blogg\/wp-json\/wp\/v2\/users\/1"}],"replies":[{"embeddable":true,"href":"http:\/\/www.susannavaris.com\/blogg\/wp-json\/wp\/v2\/comments?post=11097"}],"version-history":[{"count":3,"href":"http:\/\/www.susannavaris.com\/blogg\/wp-json\/wp\/v2\/posts\/11097\/revisions"}],"predecessor-version":[{"id":11100,"href":"http:\/\/www.susannavaris.com\/blogg\/wp-json\/wp\/v2\/posts\/11097\/revisions\/11100"}],"wp:attachment":[{"href":"http:\/\/www.susannavaris.com\/blogg\/wp-json\/wp\/v2\/media?parent=11097"}],"wp:term":[{"taxonomy":"category","embeddable":true,"href":"http:\/\/www.susannavaris.com\/blogg\/wp-json\/wp\/v2\/categories?post=11097"},{"taxonomy":"post_tag","embeddable":true,"href":"http:\/\/www.susannavaris.com\/blogg\/wp-json\/wp\/v2\/tags?post=11097"}],"curies":[{"name":"wp","href":"https:\/\/api.w.org\/{rel}","templated":true}]}}