{"id":11108,"date":"2013-10-02T19:30:18","date_gmt":"2013-10-02T17:30:18","guid":{"rendered":"http:\/\/www.susannavaris.com\/blogg\/?p=11108"},"modified":"2013-10-09T20:34:48","modified_gmt":"2013-10-09T18:34:48","slug":"langddiskriminering","status":"publish","type":"post","link":"http:\/\/www.susannavaris.com\/blogg\/2013\/10\/langddiskriminering\/","title":{"rendered":"L\u00e4ngddiskriminering"},"content":{"rendered":"<p style=\"text-align: center;\"><a href=\"http:\/\/www.susannavaris.com\/blogg\/wp-content\/uploads\/2013\/10\/silvstedt.jpg\"><img loading=\"lazy\" decoding=\"async\" class=\"aligncenter size-full wp-image-11109\" alt=\"silvstedt\" src=\"http:\/\/www.susannavaris.com\/blogg\/wp-content\/uploads\/2013\/10\/silvstedt.jpg\" width=\"533\" height=\"800\" srcset=\"http:\/\/www.susannavaris.com\/blogg\/wp-content\/uploads\/2013\/10\/silvstedt.jpg 533w, http:\/\/www.susannavaris.com\/blogg\/wp-content\/uploads\/2013\/10\/silvstedt-199x300.jpg 199w\" sizes=\"auto, (max-width: 533px) 100vw, 533px\" \/><\/a>\u00a0<em>Maurice Dabbah och Victoria Silvstedt utg\u00f6r ett exempel p\u00e5 avsteg fr\u00e5n normen.<\/em><\/p>\n<p>SVT:s program Vetenskapens V\u00e4rld har nyligen visat ett program av diskutabel kvalitet som handlar om l\u00e4ngdskillnaden mellan m\u00e4n och kvinnor. Den b\u00e4rande tesen i programmet verkar vara (jag har sj\u00e4lv inte sett det) att kvinnor \u00e4r kortare \u00e4n m\u00e4n pga matdiskriminering. Erik p\u00e5 Genusdebatten granskar och kommenterar programmet\u00a0<a href=\"http:\/\/genusdebatten.se\/svt-vetenskapens-varld-darfor-ar-kvinnor-kortare-an-man-del-1\/\">h\u00e4r<\/a>\u00a0och\u00a0<a href=\"http:\/\/genusdebatten.se\/svt-vetenskapens-varld-darfor-ar-kvinnor-kortare-an-man-del-2\/\">h\u00e4r<\/a>.<\/p>\n<p>Programmet har \u00e4ven v\u00e4ckt reaktioner fr\u00e5n svenska forskare\u00a0<a href=\"http:\/\/www.svt.se\/nyheter\/vetenskap\/trams-enligt-svensk-evolutionsbiolog\">h\u00e4r<\/a>.<\/p>\n<p>Genusvetenskapen, denna alla vetenskapers vetenskap, visar sig \u00e5ter handla om allt annat \u00e4n just vetenskap.<\/p>\n<p>Mera om detta hos Genusdebatten\u00a0<a href=\"http:\/\/genusdebatten.se\/varfor-ar-man-langre-an-kvinnor-forskningen-som-vetenskapens-varld-missade\/\">h\u00e4r<\/a>.<\/p>\n","protected":false},"excerpt":{"rendered":"<p>\u00a0Maurice Dabbah och Victoria Silvstedt utg\u00f6r ett exempel p\u00e5 avsteg fr\u00e5n normen. SVT:s program Vetenskapens V\u00e4rld har nyligen visat ett program av diskutabel kvalitet som handlar om l\u00e4ngdskillnaden mellan m\u00e4n och kvinnor. Den b\u00e4rande tesen i programmet verkar vara (jag &hellip; <a href=\"http:\/\/www.susannavaris.com\/blogg\/2013\/10\/langddiskriminering\/\">Forts\u00e4tt l\u00e4sa <span class=\"meta-nav\">&rarr;<\/span><\/a><\/p>\n","protected":false},"author":1,"featured_media":0,"comment_status":"open","ping_status":"open","sticky":false,"template":"","format":"standard","meta":{"footnotes":""},"categories":[181,259,674,1321,1928,1162,589,1,590,403,303,384,117],"tags":[3531,4900,4899,4903,4918,3528,3529,3530,4906,938,3527],"class_list":["post-11108","post","type-post","status-publish","format-standard","hentry","category-feminism","category-genusvetenskap","category-historia","category-jamstalldhet","category-journalistik","category-kultur","category-medier","category-okategoriserade","category-politik","category-pseudovetenskap","category-religion","category-tv","category-vetenskap","tag-dalig-vetenskap","tag-feminism","tag-genus","tag-genusvetenskap","tag-jamstalldhet","tag-langd","tag-langdskillnad","tag-matdiskriminering","tag-pseudovetenskap","tag-svt","tag-vetenskapens-varld"],"_links":{"self":[{"href":"http:\/\/www.susannavaris.com\/blogg\/wp-json\/wp\/v2\/posts\/11108","targetHints":{"allow":["GET"]}}],"collection":[{"href":"http:\/\/www.susannavaris.com\/blogg\/wp-json\/wp\/v2\/posts"}],"about":[{"href":"http:\/\/www.susannavaris.com\/blogg\/wp-json\/wp\/v2\/types\/post"}],"author":[{"embeddable":true,"href":"http:\/\/www.susannavaris.com\/blogg\/wp-json\/wp\/v2\/users\/1"}],"replies":[{"embeddable":true,"href":"http:\/\/www.susannavaris.com\/blogg\/wp-json\/wp\/v2\/comments?post=11108"}],"version-history":[{"count":3,"href":"http:\/\/www.susannavaris.com\/blogg\/wp-json\/wp\/v2\/posts\/11108\/revisions"}],"predecessor-version":[{"id":11158,"href":"http:\/\/www.susannavaris.com\/blogg\/wp-json\/wp\/v2\/posts\/11108\/revisions\/11158"}],"wp:attachment":[{"href":"http:\/\/www.susannavaris.com\/blogg\/wp-json\/wp\/v2\/media?parent=11108"}],"wp:term":[{"taxonomy":"category","embeddable":true,"href":"http:\/\/www.susannavaris.com\/blogg\/wp-json\/wp\/v2\/categories?post=11108"},{"taxonomy":"post_tag","embeddable":true,"href":"http:\/\/www.susannavaris.com\/blogg\/wp-json\/wp\/v2\/tags?post=11108"}],"curies":[{"name":"wp","href":"https:\/\/api.w.org\/{rel}","templated":true}]}}