{"id":11140,"date":"2013-10-07T18:44:29","date_gmt":"2013-10-07T16:44:29","guid":{"rendered":"http:\/\/www.susannavaris.com\/blogg\/?p=11140"},"modified":"2013-10-07T18:52:17","modified_gmt":"2013-10-07T16:52:17","slug":"lasglasogon-och-losec","status":"publish","type":"post","link":"http:\/\/www.susannavaris.com\/blogg\/2013\/10\/lasglasogon-och-losec\/","title":{"rendered":"L\u00e4sglas\u00f6gon och losec"},"content":{"rendered":"<p>Dagens tema blev n\u00e5got ofrivilligt det kroppsliga f\u00f6rfallet. \u00c5ldern har slagit sina klor i min lekamen och min fordom perfekta syn \u00e4r nu bara n\u00e4stan perfekt; jag beh\u00f6ver glas\u00f6gon p\u00e5 n\u00e4ra h\u00e5ll. Utan dem kan jag inte m\u00e5la och s\u00e5 kan vi ju inte ha det. Min mage tycks dessutom ha packat ihop och efter konsultation hos l\u00e4mplig expertis vid h\u00e4lsov\u00e5rden provar jag nu losec. En tablett inmundigad och det k\u00e4nns redan b\u00e4ttre (placebon kickar in fortare \u00e4n de verksamma substanserna&#8230;)<\/p>\n<p style=\"text-align: center;\"><a href=\"http:\/\/www.susannavaris.com\/blogg\/wp-content\/uploads\/2013\/10\/DSC_0666-50.jpg\"><img loading=\"lazy\" decoding=\"async\" class=\"aligncenter size-full wp-image-11141\" alt=\"DSC_0666-50\" src=\"http:\/\/www.susannavaris.com\/blogg\/wp-content\/uploads\/2013\/10\/DSC_0666-50.jpg\" width=\"2045\" height=\"1185\" srcset=\"http:\/\/www.susannavaris.com\/blogg\/wp-content\/uploads\/2013\/10\/DSC_0666-50.jpg 2045w, http:\/\/www.susannavaris.com\/blogg\/wp-content\/uploads\/2013\/10\/DSC_0666-50-300x173.jpg 300w, http:\/\/www.susannavaris.com\/blogg\/wp-content\/uploads\/2013\/10\/DSC_0666-50-1024x593.jpg 1024w\" sizes=\"auto, (max-width: 2045px) 100vw, 2045px\" \/><\/a><em>\u00a0Vi passade p\u00e5 att kika in p\u00e5 S\u00f6rmlandssalongen p\u00e5 <a href=\"http:\/\/www.sodertalje.se\/Se--gora\/Luna-kulturhus\/Konsthallen\/Pagaende_utstallningar1\/\">S\u00f6dert\u00e4lje Konsthall<\/a>\u00a0(som f\u00f6 h\u00e5ller p\u00e5 tom 9. november) och kunde konstatera att verket Spider City l\u00e4ngst tv redan s\u00e5lts&#8230; :)<\/em><\/p>\n<p style=\"text-align: center;\"><a href=\"http:\/\/www.susannavaris.com\/blogg\/wp-content\/uploads\/2013\/10\/DSC_0667-50.jpg\"><img loading=\"lazy\" decoding=\"async\" class=\"aligncenter size-full wp-image-11142\" alt=\"DSC_0667-50\" src=\"http:\/\/www.susannavaris.com\/blogg\/wp-content\/uploads\/2013\/10\/DSC_0667-50.jpg\" width=\"1678\" height=\"1450\" srcset=\"http:\/\/www.susannavaris.com\/blogg\/wp-content\/uploads\/2013\/10\/DSC_0667-50.jpg 1678w, http:\/\/www.susannavaris.com\/blogg\/wp-content\/uploads\/2013\/10\/DSC_0667-50-300x259.jpg 300w, http:\/\/www.susannavaris.com\/blogg\/wp-content\/uploads\/2013\/10\/DSC_0667-50-1024x884.jpg 1024w\" sizes=\"auto, (max-width: 1678px) 100vw, 1678px\" \/><\/a> <a href=\"http:\/\/www.susannavaris.com\/blogg\/wp-content\/uploads\/2013\/10\/DSC_0669-50.jpg\"><img loading=\"lazy\" decoding=\"async\" class=\"aligncenter size-full wp-image-11143\" alt=\"DSC_0669-50\" src=\"http:\/\/www.susannavaris.com\/blogg\/wp-content\/uploads\/2013\/10\/DSC_0669-50.jpg\" width=\"2050\" height=\"964\" srcset=\"http:\/\/www.susannavaris.com\/blogg\/wp-content\/uploads\/2013\/10\/DSC_0669-50.jpg 2050w, http:\/\/www.susannavaris.com\/blogg\/wp-content\/uploads\/2013\/10\/DSC_0669-50-300x141.jpg 300w, http:\/\/www.susannavaris.com\/blogg\/wp-content\/uploads\/2013\/10\/DSC_0669-50-1024x481.jpg 1024w\" sizes=\"auto, (max-width: 2050px) 100vw, 2050px\" \/><\/a> <a href=\"http:\/\/www.susannavaris.com\/blogg\/wp-content\/uploads\/2013\/10\/DSC_0670-50.jpg\"><img loading=\"lazy\" decoding=\"async\" class=\"aligncenter size-full wp-image-11144\" alt=\"DSC_0670-50\" src=\"http:\/\/www.susannavaris.com\/blogg\/wp-content\/uploads\/2013\/10\/DSC_0670-50.jpg\" width=\"2304\" height=\"1536\" srcset=\"http:\/\/www.susannavaris.com\/blogg\/wp-content\/uploads\/2013\/10\/DSC_0670-50.jpg 2304w, http:\/\/www.susannavaris.com\/blogg\/wp-content\/uploads\/2013\/10\/DSC_0670-50-300x200.jpg 300w, http:\/\/www.susannavaris.com\/blogg\/wp-content\/uploads\/2013\/10\/DSC_0670-50-1024x682.jpg 1024w\" sizes=\"auto, (max-width: 2304px) 100vw, 2304px\" \/><\/a> <a href=\"http:\/\/www.susannavaris.com\/blogg\/wp-content\/uploads\/2013\/10\/DSC_0671-50.jpg\"><img loading=\"lazy\" decoding=\"async\" class=\"aligncenter size-full wp-image-11145\" alt=\"DSC_0671-50\" src=\"http:\/\/www.susannavaris.com\/blogg\/wp-content\/uploads\/2013\/10\/DSC_0671-50.jpg\" width=\"1918\" height=\"1534\" srcset=\"http:\/\/www.susannavaris.com\/blogg\/wp-content\/uploads\/2013\/10\/DSC_0671-50.jpg 1918w, http:\/\/www.susannavaris.com\/blogg\/wp-content\/uploads\/2013\/10\/DSC_0671-50-300x239.jpg 300w, http:\/\/www.susannavaris.com\/blogg\/wp-content\/uploads\/2013\/10\/DSC_0671-50-1024x818.jpg 1024w\" sizes=\"auto, (max-width: 1918px) 100vw, 1918px\" \/><\/a> <a href=\"http:\/\/www.susannavaris.com\/blogg\/wp-content\/uploads\/2013\/10\/DSC_0672-50.jpg\"><img loading=\"lazy\" decoding=\"async\" class=\"aligncenter size-full wp-image-11146\" alt=\"DSC_0672-50\" src=\"http:\/\/www.susannavaris.com\/blogg\/wp-content\/uploads\/2013\/10\/DSC_0672-50.jpg\" width=\"2070\" height=\"1536\" srcset=\"http:\/\/www.susannavaris.com\/blogg\/wp-content\/uploads\/2013\/10\/DSC_0672-50.jpg 2070w, http:\/\/www.susannavaris.com\/blogg\/wp-content\/uploads\/2013\/10\/DSC_0672-50-300x222.jpg 300w, http:\/\/www.susannavaris.com\/blogg\/wp-content\/uploads\/2013\/10\/DSC_0672-50-1024x759.jpg 1024w\" sizes=\"auto, (max-width: 2070px) 100vw, 2070px\" \/><\/a>\u00a0<em>N\u00e5gra favoriter fr\u00e5n utst\u00e4llningen&#8230;<\/em><\/p>\n<p style=\"text-align: center;\">Den vackra h\u00f6sten p\u00e5g\u00e5r ju d\u00e4r ute f\u00f6r fullt och vi gick en promenad f\u00f6r att fotografera material till kommande, digitala collage bl a. P\u00e5 rundan snubblade vi \u00f6ver v\u00e4nnen och konstn\u00e4ren Ingemar Nystr\u00f6m, som bj\u00f6d p\u00e5 fika p\u00e5 Galleri Pontonen:<\/p>\n<p style=\"text-align: center;\"><a href=\"http:\/\/www.susannavaris.com\/blogg\/wp-content\/uploads\/2013\/10\/DSC_0685-50.jpg\"><img loading=\"lazy\" decoding=\"async\" class=\"aligncenter size-full wp-image-11147\" alt=\"DSC_0685-50\" src=\"http:\/\/www.susannavaris.com\/blogg\/wp-content\/uploads\/2013\/10\/DSC_0685-50.jpg\" width=\"1536\" height=\"2304\" srcset=\"http:\/\/www.susannavaris.com\/blogg\/wp-content\/uploads\/2013\/10\/DSC_0685-50.jpg 1536w, http:\/\/www.susannavaris.com\/blogg\/wp-content\/uploads\/2013\/10\/DSC_0685-50-200x300.jpg 200w, http:\/\/www.susannavaris.com\/blogg\/wp-content\/uploads\/2013\/10\/DSC_0685-50-682x1024.jpg 682w\" sizes=\"auto, (max-width: 1536px) 100vw, 1536px\" \/><\/a> <a href=\"http:\/\/www.susannavaris.com\/blogg\/wp-content\/uploads\/2013\/10\/DSC_0686-50.jpg\"><img loading=\"lazy\" decoding=\"async\" class=\"aligncenter size-full wp-image-11148\" alt=\"DSC_0686-50\" src=\"http:\/\/www.susannavaris.com\/blogg\/wp-content\/uploads\/2013\/10\/DSC_0686-50.jpg\" width=\"1536\" height=\"2304\" srcset=\"http:\/\/www.susannavaris.com\/blogg\/wp-content\/uploads\/2013\/10\/DSC_0686-50.jpg 1536w, http:\/\/www.susannavaris.com\/blogg\/wp-content\/uploads\/2013\/10\/DSC_0686-50-200x300.jpg 200w, http:\/\/www.susannavaris.com\/blogg\/wp-content\/uploads\/2013\/10\/DSC_0686-50-682x1024.jpg 682w\" sizes=\"auto, (max-width: 1536px) 100vw, 1536px\" \/><\/a>\u00a0<em>Uffe och Ingemar. P\u00e5 Pontonen huserar \u00e4ven fotografen Olof N\u00e4slund, vars verk ni kan se nedan:<\/em><\/p>\n<p style=\"text-align: center;\"><a href=\"http:\/\/www.susannavaris.com\/blogg\/wp-content\/uploads\/2013\/10\/DSC_0684.jpg\"><img loading=\"lazy\" decoding=\"async\" class=\"aligncenter size-full wp-image-11149\" alt=\"DSC_0684\" src=\"http:\/\/www.susannavaris.com\/blogg\/wp-content\/uploads\/2013\/10\/DSC_0684.jpg\" width=\"1128\" height=\"767\" srcset=\"http:\/\/www.susannavaris.com\/blogg\/wp-content\/uploads\/2013\/10\/DSC_0684.jpg 1128w, http:\/\/www.susannavaris.com\/blogg\/wp-content\/uploads\/2013\/10\/DSC_0684-300x203.jpg 300w, http:\/\/www.susannavaris.com\/blogg\/wp-content\/uploads\/2013\/10\/DSC_0684-1024x696.jpg 1024w\" sizes=\"auto, (max-width: 1128px) 100vw, 1128px\" \/><\/a><em>\u00a0Olof har m\u00e5nga, fantastiska verk till salu och ni kan n\u00e5 honom h\u00e4r: \u00a0<a href=\"http:\/\/reportagebyran.nu\/\">http:\/\/reportagebyran.nu\/<\/a><\/em><\/p>\n<p style=\"text-align: center;\">\n","protected":false},"excerpt":{"rendered":"<p>Dagens tema blev n\u00e5got ofrivilligt det kroppsliga f\u00f6rfallet. \u00c5ldern har slagit sina klor i min lekamen och min fordom perfekta syn \u00e4r nu bara n\u00e4stan perfekt; jag beh\u00f6ver glas\u00f6gon p\u00e5 n\u00e4ra h\u00e5ll. Utan dem kan jag inte m\u00e5la och s\u00e5 &hellip; <a href=\"http:\/\/www.susannavaris.com\/blogg\/2013\/10\/lasglasogon-och-losec\/\">Forts\u00e4tt l\u00e4sa <span class=\"meta-nav\">&rarr;<\/span><\/a><\/p>\n","protected":false},"author":1,"featured_media":0,"comment_status":"open","ping_status":"open","sticky":false,"template":"","format":"standard","meta":{"footnotes":""},"categories":[7,3,1162,415,1,2262,3489,4],"tags":[4897,2984,717,3491,17,3238,2556,121,3506,3541,3492,122],"class_list":["post-11140","post","type-post","status-publish","format-standard","hentry","category-egna-verk","category-konst","category-kultur","category-lowbrow","category-okategoriserade","category-pop-surrealism","category-sormlandssalongen-2013","category-utstallning","tag-foto","tag-fotograf","tag-ingemar-nystrom","tag-jurybedomd","tag-konst-2","tag-konstnar","tag-olof-naslund","tag-sodertalje","tag-sodertalje-konsthall","tag-sormlandssalongen","tag-sormlandssalongen-2013-2","tag-utstallning-2"],"_links":{"self":[{"href":"http:\/\/www.susannavaris.com\/blogg\/wp-json\/wp\/v2\/posts\/11140","targetHints":{"allow":["GET"]}}],"collection":[{"href":"http:\/\/www.susannavaris.com\/blogg\/wp-json\/wp\/v2\/posts"}],"about":[{"href":"http:\/\/www.susannavaris.com\/blogg\/wp-json\/wp\/v2\/types\/post"}],"author":[{"embeddable":true,"href":"http:\/\/www.susannavaris.com\/blogg\/wp-json\/wp\/v2\/users\/1"}],"replies":[{"embeddable":true,"href":"http:\/\/www.susannavaris.com\/blogg\/wp-json\/wp\/v2\/comments?post=11140"}],"version-history":[{"count":3,"href":"http:\/\/www.susannavaris.com\/blogg\/wp-json\/wp\/v2\/posts\/11140\/revisions"}],"predecessor-version":[{"id":11152,"href":"http:\/\/www.susannavaris.com\/blogg\/wp-json\/wp\/v2\/posts\/11140\/revisions\/11152"}],"wp:attachment":[{"href":"http:\/\/www.susannavaris.com\/blogg\/wp-json\/wp\/v2\/media?parent=11140"}],"wp:term":[{"taxonomy":"category","embeddable":true,"href":"http:\/\/www.susannavaris.com\/blogg\/wp-json\/wp\/v2\/categories?post=11140"},{"taxonomy":"post_tag","embeddable":true,"href":"http:\/\/www.susannavaris.com\/blogg\/wp-json\/wp\/v2\/tags?post=11140"}],"curies":[{"name":"wp","href":"https:\/\/api.w.org\/{rel}","templated":true}]}}