{"id":11170,"date":"2013-10-11T23:28:54","date_gmt":"2013-10-11T21:28:54","guid":{"rendered":"http:\/\/www.susannavaris.com\/blogg\/?p=11170"},"modified":"2013-10-11T23:33:48","modified_gmt":"2013-10-11T21:33:48","slug":"fi-lagger-motionerna-ingen-annan-lagger","status":"publish","type":"post","link":"http:\/\/www.susannavaris.com\/blogg\/2013\/10\/fi-lagger-motionerna-ingen-annan-lagger\/","title":{"rendered":"Fi l\u00e4gger motionerna ingen annan l\u00e4gger"},"content":{"rendered":"<p style=\"text-align: center;\"><a href=\"http:\/\/www.susannavaris.com\/blogg\/wp-content\/uploads\/2013\/10\/fi.jpg\"><img loading=\"lazy\" decoding=\"async\" class=\"aligncenter size-full wp-image-11172\" alt=\"fi\" src=\"http:\/\/www.susannavaris.com\/blogg\/wp-content\/uploads\/2013\/10\/fi.jpg\" width=\"3307\" height=\"1643\" srcset=\"http:\/\/www.susannavaris.com\/blogg\/wp-content\/uploads\/2013\/10\/fi.jpg 3307w, http:\/\/www.susannavaris.com\/blogg\/wp-content\/uploads\/2013\/10\/fi-300x149.jpg 300w, http:\/\/www.susannavaris.com\/blogg\/wp-content\/uploads\/2013\/10\/fi-1024x508.jpg 1024w\" sizes=\"auto, (max-width: 3307px) 100vw, 3307px\" \/><\/a><em>\u00a0Talespersonerna Sissela Nordling Blanco, Gudrun Schyman och Stina Svensson. Fotograf Susanne Sandstr\u00f6m\/Fi.<\/em><\/p>\n<p>Sl\u00f6surfar p\u00e5 n\u00e4tet och ramlar \u00f6ver en bunt <a href=\"http:\/\/www.mynewsdesk.com\/se\/feministiskt_initiativ__fi\/pressreleases\/fi-har-motionerna-som-inget-annat-parti-laegger-913255\">motioner<\/a>\u00a0som F! lagt f\u00f6r riksdagen och k\u00e4nslan av l\u00e5gstadiets &#8221;leka elevdemokrati&#8221; infinner sig, eller vad s\u00e4gs om att <a href=\"http:\/\/www.feministisktinitiativ.se\/downloads\/grasrot\/skuggmotion._for_en_varld_utan_granser.pdf\">\u00f6ppna gr\u00e4nserna<\/a>:<\/p>\n<blockquote><p>&#8221;Riksdagen tillk\u00e4nnager f\u00f6r regeringen som sin mening vad som anf\u00f6rs i motionen om att utreda<br \/>\nvilka omedelbara \u00e5tg\u00e4rder som ska g\u00f6ras f\u00f6r att f\u00f6rbereda Sverige p\u00e5 att m\u00e4nniskor f\u00e5r r\u00e4tt att<br \/>\nr\u00f6ra sig fritt \u00f6ver gr\u00e4nser.&#8221;<\/p><\/blockquote>\n<p>och sj\u00e4lvklart lite l\u00e4ngre ner:<\/p>\n<blockquote><p>&#8221;Riksdagen tillk\u00e4nnager f\u00f6r regeringen som sin mening vad som anf\u00f6rs i motionen om att samtliga<br \/>\nparter och yrkeskategorier som arbetar med flyktingar och nyanl\u00e4nda migranter, aktivt ska<br \/>\nmotverka heteronormativitet, k\u00f6nsdiskriminering och rasism inom den egna verksamheten genom<br \/>\nobligatorisk fortbildning.&#8221;<\/p><\/blockquote>\n<p>Hur har man t\u00e4nkt sig att Sverige ensidigt ska kunna besluta om fri r\u00f6rlighet \u00f6ver gr\u00e4nser? Hur ska man motverka heteronormativitet hos de anl\u00e4nda flyktingarna? Till\u00e5ts inte familjer med en mamma och en pappa? Om nu en majoritet av flyktingarna visar sig leva i dylika familjekonstellationer, hur \u00e4mnar man motverka detta (som ju i s\u00e5 fall \u00e4r normen)? Eller ska det uppr\u00e4knade bara motverkas genom fortbildning? Vilka \u00e4r det som ska utbildas, flyktingarna eller personalen p\u00e5 Migrationsverket? Fr\u00e5gorna hopar sig.<\/p>\n<blockquote><p>&#8221;Feministiskt initiativ har en vision om en fri v\u00e4rld som inte begr\u00e4nsas av skarpa gr\u00e4nser och h\u00f6ga<br \/>\nuteslutande murar. Gr\u00e4nser skapar ett \u201dvi och dom\u201d och bidrar till att uppr\u00e4tth\u00e5lla en rasistisk<br \/>\nv\u00e4rldsordning. Ist\u00e4llet vill Fi bygga en v\u00e4rld efter principen att jorden tillh\u00f6r oss alla och ska med<br \/>\nomsorg och respekt delas r\u00e4ttvist mellan hela jordens befolkning. Vi vill ha en v\u00e4rld utan gr\u00e4nser,<br \/>\nd\u00e4r alla m\u00e4nniskor \u2013 inte bara europ\u00e9er \u2013 har r\u00e4tten att r\u00f6ra sig fritt och best\u00e4mma sj\u00e4lva var p\u00e5<br \/>\njorden de vill leva.&#8221;<\/p><\/blockquote>\n<p>Vi har l\u00e4mnat kontakten med jorden.<\/p>\n<blockquote><p>&#8221;Migrationsverket kommer inte l\u00e4ngre bed\u00f6ma m\u00e4nniskors r\u00e4tt att leva i Sverige,<br \/>\nutan ta ett samlat grepp f\u00f6r att st\u00f6dja m\u00e4nniskorsom flyttar till och fr\u00e5n Sverige med fr\u00e5gor som<br \/>\nr\u00f6r arbetsmarknadsr\u00e4ttigheter, skattesystemet, bostad, utbildning, sjukv\u00e5rd och \u00f6vrig lagstiftning<br \/>\nf\u00f6r att p\u00e5 s\u00e5 s\u00e4tt st\u00e4rka m\u00e4nniskors delaktighet och inflytande i samh\u00e4llet.&#8221;<\/p><\/blockquote>\n<p>Vilken tur att F! har ett ymnighetshorn under s\u00e4ngen. En annan gammal favorit \u00e4r avskaffandet av RUT och ROT. Vad F! har emot m\u00e4nniskors f\u00f6retagande framg\u00e5r inte, men i sann v\u00e4nsteranda anser man att m\u00e4nniskor som vill arbeta inom v\u00e5rd och omsorg eller med hush\u00e5llsn\u00e4ra tj\u00e4nster b\u00e4st g\u00f6r detta i offentligt (med skattemedel) finansierade och d\u00e4rmed f\u00f6r evigt l\u00e5gbetalda anst\u00e4llningar. Vad F! har emot kvinnors f\u00f6retagsamhet \u00e4r en g\u00e5ta. En stor andel av f\u00f6retagen i dessa branscher drivs av kvinnor. S\u00e4rskilt underligt blir detta n\u00e4r man l\u00e4ser under avsnittet om <a href=\"http:\/\/www.feministisktinitiativ.se\/downloads\/grasrot\/skuggmotion._en_ny_arbetsmarknadspolitik.pdf\">arbetsmarknadspolitik<\/a>:<\/p>\n<blockquote><p>&#8221;Precis som deltider, har os\u00e4kra anst\u00e4llningar ett k\u00f6n, s\u00e4rskilt inom kommuner och landsting. Exempelvis fanns 114 000 timanst\u00e4llda i kommunerna \u00e5r 2012, varav 80 %<br \/>\nkvinnor. 2:e kvartalet 2013, var 726 000 visstidsanst\u00e4llda i samtliga sektorer: 412 400 st kvinnor och 313 600 m\u00e4n. Fler \u00e4n 700 000 personer vars spr\u00e5ngbr\u00e4da in i framtiden blockeras av ett p\u00e5fallande ointresse f\u00f6r konkreta arbetsmarknads\u00e5tg\u00e4rder anno 2013.&#8221;<\/p><\/blockquote>\n<p>Men \u00e4nd\u00e5 \u00e4r det allts\u00e5 i kommuner och landsting som s\u00e4rskilt kvinnor prompt ska arbeta?<\/p>\n<blockquote><p>&#8221;Jobbskatteavdragen som regnat \u00f6ver fr\u00e4mst h\u00f6gavl\u00f6nade m\u00e4n, skulle f\u00e5 arbetsmarknaden att blomstra. M\u00e5nga och stora visioner, med uselt resultat. Hur m\u00e5nga fasta trygga jobb hade vi f\u00e5tt i denna miljardrullning, \u00e5r efter \u00e5r? Blotta tanken svindlar.&#8221;<\/p><\/blockquote>\n<p>Att m\u00e4nniskor f\u00e5r beh\u00e5lla MER AV SINA EGNA PENGAR ser F! som en &#8221;miljardrullning&#8221;. I v\u00e4nsterns v\u00e4rld \u00e4r alla pengar statens pengar och medborgaren f\u00e5r vara glad \u00f6ver lite fickpengar som kallas f\u00f6r l\u00f6n.<\/p>\n<p style=\"text-align: center;\"><a href=\"http:\/\/www.susannavaris.com\/blogg\/wp-content\/uploads\/2013\/10\/syss06-13jul.jpg\"><img loading=\"lazy\" decoding=\"async\" class=\"aligncenter size-full wp-image-11171\" alt=\"syss06-13jul\" src=\"http:\/\/www.susannavaris.com\/blogg\/wp-content\/uploads\/2013\/10\/syss06-13jul.jpg\" width=\"438\" height=\"294\" srcset=\"http:\/\/www.susannavaris.com\/blogg\/wp-content\/uploads\/2013\/10\/syss06-13jul.jpg 438w, http:\/\/www.susannavaris.com\/blogg\/wp-content\/uploads\/2013\/10\/syss06-13jul-300x201.jpg 300w\" sizes=\"auto, (max-width: 438px) 100vw, 438px\" \/><\/a><em>\u00a0303 000 jobb har skapats mellan maj 2006 och maj 2013. K\u00e4lla: SCB<\/em><\/p>\n<p style=\"text-align: left;\">Talande nog har man inga som helst f\u00f6rslag om hur arbetsl\u00f6sheten ska minskas. I avsnittet\u00a0<a href=\"http:\/\/www.feministisktinitiativ.se\/downloads\/grasrot\/skuggmotion._valfard_utan_profit.pdf\">Starkare v\u00e4lf\u00e4rd utan profit<\/a>\u00a0finns mera om RUT, ROT och non-profit i v\u00e4lf\u00e4rden. Ok, jobba f\u00f6r en skattefinansierad v\u00e4lf\u00e4rdssektor d\u00e4r inga vinster till\u00e5ts, men sluta d\u00e5 klaga \u00f6ver det l\u00e5ga l\u00f6nel\u00e4get och driva vulg\u00e4rpropaganda om att kvinnor har 85 % av m\u00e4nnens l\u00f6ner (vilket allts\u00e5 inte \u00e4r sant). I skattefinansierade verksamheter kan inte l\u00f6nerna ligga lika h\u00f6gt eller h\u00f6gre \u00e4n i den privata eftersom det \u00e4r &#8221;friska&#8221; pengar fr\u00e5n den sistn\u00e4mnda som i grova drag finansierar den f\u00f6rstn\u00e4mnda. Dessutom \u00e4r det underligt att inte ens F! reagerar p\u00e5 att skattemiljarder till\u00e5ts fritt rulla iv\u00e4g till privata bolags vinster n\u00e4r det till exempel handlar om att bygga en skrytarena. Varf\u00f6r \u00e4r &#8221;sl\u00f6seriet&#8221; med skattemiljarderna helt i sin ordning i de sektorerna? Jag skriver sl\u00f6seriet inom citationstecken, eftersom jag i grunden inte anser att det \u00e4r fel att f\u00f6retag som det offentliga anlitar g\u00f6r vinst, jag v\u00e4nder mig mot att olika branscher behandlas s\u00e5 uppenbart olika i debatten.<\/p>\n<p style=\"text-align: left;\">\u00c4n mer m\u00e4rkligt blir det n\u00e4r F! dessutom vill\u00a0<a href=\"http:\/\/www.feministisktinitiativ.se\/downloads\/grasrot\/skuggmotion._kriskommission.pdf\">tills\u00e4tta en kriskommission<\/a>\u00a0f\u00f6r kvinnor i offentlig sektor. Varf\u00f6r var det nu de kvinnodominerade branscherna prompt skulle vara just i offentlig regi?<\/p>\n<blockquote><p>&#8221;Idag ser vi stora skillnader mellan olika delar av arbetslivet, med generellt s\u00e4mre arbetsvillkor och arbetsmilj\u00f6 i kvinnodominerade sektorer, och den arbetsrelaterade oh\u00e4lsan<br \/>\n\u00e4r fortfarande st\u00f6rre bland verksamma inom kvinnodominerade branscher.<br \/>\nMajoriteten av alla anst\u00e4llda inom kommun och landsting \u00e4r kvinnor och en stor del av dem arbetar deltid. Att kvinnor tvingas jobba deltid och har l\u00e4gre l\u00f6n \u00e4n m\u00e4n leder till att kvinnors inkomst sl\u00e4par efter hela livet. \u00d6verlag \u00e4r offentliganst\u00e4llda i kvinnodominerade yrken h\u00e5rdare drabbade or\u00e4ttvisorna som idag r\u00e5der p\u00e5 den svenska arbetsmarknaden. Kvinnor med arbetaryrken som v\u00e5rd- och omsorgspersonal har i regel s\u00e4mre anst\u00e4llningstrygghet, \u00e4r oftare sjuka till f\u00f6ljd av jobbet och f\u00e5r l\u00e4gre l\u00f6n.&#8221;<\/p><\/blockquote>\n<p>Japp, d\u00e4r kom l\u00f6nerna. Och de kvinnodominerade branscherna skulle prompt vara i offentlig regi f\u00f6r att&#8230;? Och kvinnor skulle inte kunna utnyttja de positiva effekterna av RUT-avdraget om de ville starta egna f\u00f6retag inom den hush\u00e5llsn\u00e4ra tj\u00e4nstesektorn f\u00f6r att&#8230;? F! vill ha offentlig sektor utan vinster men med den privata sektorns l\u00f6neniv\u00e5. Jaja&#8230;jag antar att den f\u00f6rdel man har av att befinna sig utanf\u00f6r riksdagsgr\u00e4nsen \u00e4r att man absolut inte kommer att avkr\u00e4vas n\u00e5got ansvar f\u00f6r de bl\u00e5 dunster man s\u00f6ker bl\u00e5sa i folks \u00f6gon.<\/p>\n<blockquote><p>&#8221;I LAS framg\u00e5r det att normen f\u00f6r den svenska arbetsmarknaden ska vara en tillsvidareanst\u00e4llning. D\u00e4r g\u00e5r det ocks\u00e5 att l\u00e4sa att en heltidstj\u00e4nstg\u00f6ring ska vara den normala syssels\u00e4ttningsgraden. Kommun och landsting har sammantaget ett s\u00e4mre anst\u00e4llningsskydd \u00e4n vad som framg\u00e5r av lagen. Idag \u00e4r anst\u00e4llningsvillkoren mer flexibla f\u00f6r<br \/>\natt passa arbetsgivarnas behov, vilket har skett p\u00e5 bekostnad av s\u00e5v\u00e4l personalens anst\u00e4llningstrygghet, som psykiska h\u00e4lsa. Os\u00e4ker anst\u00e4llning \u00f6kar risken f\u00f6r psykisk oh\u00e4lsa, visar Anna-Karin Waenerlund i en ny studie[1] . Psykisk oh\u00e4lsa som \u00e4r den vanligaste diagnosen hos l\u00e5ngtidssjuka i kommun- och landsting, d\u00e4r sex av sju \u00e4r kvinnor (AFA F\u00f6rs\u00e4kring 2013). Waenerlund anv\u00e4nder begreppet \u201dl\u00e5ngtidsf\u00e4lliga jobb\u201d, eftersom m\u00e5nga med os\u00e4kra anst\u00e4llningar \u00e4r i 40 \u00e5rs \u00e5ldern och har jobbat os\u00e4kert ca 10 \u00e5r, vilket sliter h\u00e5rt p\u00e5 s\u00e5v\u00e4l ekonomi som h\u00e4lsa.&#8221;<\/p><\/blockquote>\n<p>Och de kvinnodominerade branscherna skulle prompt finnas i offentlig regi f\u00f6r att&#8230;?<\/p>\n<p>L\u00e4ngre ner, efter en l\u00e5ng radda av feministiskt sk\u00e5pmat:<\/p>\n<blockquote><p>&#8221;Kvinnor inom offentlig sektor \u00e4r mest sjukskrivna.&#8221;<\/p><\/blockquote>\n<p>Och&#8230;ja, ni vet redan. Jag finner det fascinerande att ett system som man s\u00e5 genomg\u00e5ende sablar ned ser man samtidigt som det som man med n\u00e4bbar och klor vill ha kvar. Det h\u00e4nvisas flitigt till olika genusvetenskapliga rapporter och logik \u00e4r ju, som vi vet, n\u00e5got som genusvetenskapen f\u00f6rkastar.<\/p>\n<p>Det finns en hel del mer att pl\u00f6ja igenom och jag kanske \u00e5terkommer om detta, men nu f\u00e5r det r\u00e4cka f\u00f6r ikv\u00e4ll&#8230;<\/p>\n","protected":false},"excerpt":{"rendered":"<p>\u00a0Talespersonerna Sissela Nordling Blanco, Gudrun Schyman och Stina Svensson. Fotograf Susanne Sandstr\u00f6m\/Fi. Sl\u00f6surfar p\u00e5 n\u00e4tet och ramlar \u00f6ver en bunt motioner\u00a0som F! lagt f\u00f6r riksdagen och k\u00e4nslan av l\u00e5gstadiets &#8221;leka elevdemokrati&#8221; infinner sig, eller vad s\u00e4gs om att \u00f6ppna gr\u00e4nserna: &hellip; <a href=\"http:\/\/www.susannavaris.com\/blogg\/2013\/10\/fi-lagger-motionerna-ingen-annan-lagger\/\">Forts\u00e4tt l\u00e4sa <span class=\"meta-nav\">&rarr;<\/span><\/a><\/p>\n","protected":false},"author":1,"featured_media":0,"comment_status":"open","ping_status":"open","sticky":false,"template":"","format":"standard","meta":{"footnotes":""},"categories":[181,3067,259,1321,1,590],"tags":[3557,4900,3558,975,4899,2047,2569,4918,3560,2840,3559,2630,1836,3561,3562,229],"class_list":["post-11170","post","type-post","status-publish","format-standard","hentry","category-feminism","category-feminism-referensinlagg","category-genusvetenskap","category-jamstalldhet","category-okategoriserade","category-politik","tag-f","tag-feminism","tag-feministiskt-initiativ","tag-fi","tag-genus","tag-gudrun-schyman","tag-hushallsnara-tjanster","tag-jamstalldhet","tag-motioner","tag-offentlig-sektor","tag-riksdagen","tag-rot","tag-rut","tag-sissela-nordling-blanco","tag-stina-svensson","tag-vanstern"],"_links":{"self":[{"href":"http:\/\/www.susannavaris.com\/blogg\/wp-json\/wp\/v2\/posts\/11170","targetHints":{"allow":["GET"]}}],"collection":[{"href":"http:\/\/www.susannavaris.com\/blogg\/wp-json\/wp\/v2\/posts"}],"about":[{"href":"http:\/\/www.susannavaris.com\/blogg\/wp-json\/wp\/v2\/types\/post"}],"author":[{"embeddable":true,"href":"http:\/\/www.susannavaris.com\/blogg\/wp-json\/wp\/v2\/users\/1"}],"replies":[{"embeddable":true,"href":"http:\/\/www.susannavaris.com\/blogg\/wp-json\/wp\/v2\/comments?post=11170"}],"version-history":[{"count":2,"href":"http:\/\/www.susannavaris.com\/blogg\/wp-json\/wp\/v2\/posts\/11170\/revisions"}],"predecessor-version":[{"id":11174,"href":"http:\/\/www.susannavaris.com\/blogg\/wp-json\/wp\/v2\/posts\/11170\/revisions\/11174"}],"wp:attachment":[{"href":"http:\/\/www.susannavaris.com\/blogg\/wp-json\/wp\/v2\/media?parent=11170"}],"wp:term":[{"taxonomy":"category","embeddable":true,"href":"http:\/\/www.susannavaris.com\/blogg\/wp-json\/wp\/v2\/categories?post=11170"},{"taxonomy":"post_tag","embeddable":true,"href":"http:\/\/www.susannavaris.com\/blogg\/wp-json\/wp\/v2\/tags?post=11170"}],"curies":[{"name":"wp","href":"https:\/\/api.w.org\/{rel}","templated":true}]}}