{"id":11175,"date":"2013-10-12T00:45:43","date_gmt":"2013-10-11T22:45:43","guid":{"rendered":"http:\/\/www.susannavaris.com\/blogg\/?p=11175"},"modified":"2013-10-12T00:45:43","modified_gmt":"2013-10-11T22:45:43","slug":"unga-feminister","status":"publish","type":"post","link":"http:\/\/www.susannavaris.com\/blogg\/2013\/10\/unga-feminister\/","title":{"rendered":"Unga feminister"},"content":{"rendered":"<p><a href=\"http:\/\/www.susannavaris.com\/blogg\/wp-content\/uploads\/2013\/10\/gruppbild_2601x1734.png\"><img loading=\"lazy\" decoding=\"async\" class=\"aligncenter size-full wp-image-11176\" alt=\"gruppbild_2601x1734\" src=\"http:\/\/www.susannavaris.com\/blogg\/wp-content\/uploads\/2013\/10\/gruppbild_2601x1734.png\" width=\"1000\" height=\"667\" srcset=\"http:\/\/www.susannavaris.com\/blogg\/wp-content\/uploads\/2013\/10\/gruppbild_2601x1734.png 1000w, http:\/\/www.susannavaris.com\/blogg\/wp-content\/uploads\/2013\/10\/gruppbild_2601x1734-300x200.png 300w\" sizes=\"auto, (max-width: 1000px) 100vw, 1000px\" \/><\/a><\/p>\n<p style=\"text-align: center;\"><em>Styrelsen. Foto: Helena Dahl<\/em><\/p>\n<p><a href=\"http:\/\/ungafeminister.se\/\">Unga feminister<\/a>\u00a0\u00e4r F!:s ungdomsorganisation, som jag ocks\u00e5 ramlade \u00f6ver i mitt sl\u00f6surfande. Under fliken Vad \u00e4r feminism? kan vi bland annat l\u00e4sa:<\/p>\n<blockquote><p>&#8221;Den feministiska r\u00f6relsen ges alldeles f\u00f6r lite utrymme i dagens samh\u00e4lle, bland annat i media, och den feministiska r\u00f6relsen beh\u00f6ver allt annat \u00e4n splittras.&#8221;<\/p><\/blockquote>\n<p>:)<\/p>\n<p>Ur avsnittet <em>Plattform<\/em>:<\/p>\n<blockquote><p>&#8221;Unga Feministers huvudideologi \u00e4r feminism utifr\u00e5n ett intersektionellt perspektiv. Intersektionalitet \u00e4r en teori som vill belysa hur olika s\u00e4rbehandlande maktordningar fungerar gemensamt och hur de m\u00f6jligg\u00f6r och st\u00e4rker varandra. Oj\u00e4mst\u00e4lldhet \u00e4r ett oj\u00e4mlikt maktf\u00f6rh\u00e5llande mellan k\u00f6nen som existerar tillsammans med, p\u00e5verkar och p\u00e5verkas av andra maktf\u00f6rh\u00e5llanden och f\u00f6rtryck, baserat p\u00e5 exempelvis etnicitet, sexualitet och klass. Genom att f\u00f6rs\u00f6ka se hur olika strukturer och diskrimineringss\u00e4tt samverkar blir det l\u00e4ttare att inte gl\u00f6mma bort eller st\u00e4nga ute grupper fr\u00e5n den feministiska ideologin och r\u00f6relsen.&#8221;<\/p><\/blockquote>\n<p>Den marxistiskt f\u00e4rgade maktanalysen med olika grupper inordnade i en makthierarki bildar grunden.<\/p>\n<blockquote><p>&#8221;Att vara feminist handlar inte om vilket k\u00f6n du har utan om vilken samh\u00e4llsordning du vill se. Vi str\u00e4var efter alla m\u00e4nniskors frig\u00f6relse fr\u00e5n den normativitet som hindrar oss i v\u00e5ra livsval och tror att j\u00e4mlikhet och j\u00e4mst\u00e4lldhet ligger i allas intresse. Det vi driver \u00e4r ingen kvinnosak eller kvinnor\u00f6relse utan en r\u00f6relse av och f\u00f6r alla som vill befria sig sj\u00e4lva och andra fr\u00e5n de normerna. Alla ska k\u00e4nna sig v\u00e4lkomna att engagera sig med oss.&#8221;<\/p><\/blockquote>\n<p>Den diametralt motsatta h\u00e5llningen gentemot t ex <a href=\"http:\/\/www.susannavaris.com\/blogg\/2013\/05\/feminismen-till-for-bade-man-och-kvinnor\/\">Lady Dahmers<\/a>.<\/p>\n<blockquote><p>&#8221;Unga Feminister tycker att s\u00e5v\u00e4l erfarenheter av att leva i en \u00f6verordnad som underordnad position \u00e4r viktiga att lyfta fram. Den feministiska r\u00f6relsen har l\u00e4nge alltf\u00f6r ensidigt betonat vad gruppen kvinnor f\u00f6rlorar p\u00e5 patriarkatet. Vi beh\u00f6ver prata mer om m\u00e4ns vinster med j\u00e4mst\u00e4lldhet och privilegierade gruppers vinster med j\u00e4mlikhet i allm\u00e4nhet.<\/p>\n<p>Personer som f\u00f6ds till en \u00f6verordnad identitet har valt det sj\u00e4lva lika lite som personer som f\u00f6ds till en underordnad identitet. N\u00e4r du befinner dig h\u00f6gre upp i hierarkin och i normen \u00e4r det dock sv\u00e5rare att se och f\u00f6rst\u00e5 den. Vi beh\u00f6ver ha f\u00f6rst\u00e5else f\u00f6r det. Det \u00e4r aldrig personerna p\u00e5 de privilegierade positionerna som \u00e4r problemet, det \u00e4r alltid strukturerna som har skapat olika positioner. Vi beh\u00f6ver alliera oss \u00f6ver identitetsgr\u00e4nser f\u00f6r att kunna krossa dem.&#8221;<\/p><\/blockquote>\n<p>Ja herregud. Jag skulle vilja att modedesignern Lisa och konsthallsanst\u00e4llde Hannah ber\u00e4ttar f\u00f6r Olle, 57 och uteliggare om hans \u00f6verordnade identitet och placering h\u00f6gre upp i hierarkin. De kan ju passa p\u00e5 n\u00e4r de passerar honom vid Medborgarplatsens tunnelbana.<\/p>\n<blockquote><p>\u00a0&#8221;Att implementera genusmedvetenhet och normkritik tar tid och det beh\u00f6vs politiker som driver p\u00e5 f\u00f6r att det ska h\u00e4nda. Politiker i partier med en annan ideologisk grund kommer aldrig att kunna leda det arbetet. Feministiskt Initiativ \u00e4r det parti som har ideologin, viljan och kunskaperna som kr\u00e4vs.&#8221;<\/p><\/blockquote>\n<p>Sammankallande Lisa Palm har universitetsstudier i feministisk teori och genus.<\/p>\n<blockquote><p>&#8221;Unga Feminister vill inspirera och bidra med kunskap till m\u00e4nniskor att \u00f6ppna sina \u00f6gon och se de patriarkala strukturerna och maktstrukturer i allm\u00e4nhet f\u00f6r att kunna bidra till en f\u00f6r\u00e4ndring och p\u00e5 s\u00e5 s\u00e4tt \u00f6ka livskvaliteten i sina egna liv och v\u00e5rt gemensamma samh\u00e4lle i stort.&#8221;<\/p><\/blockquote>\n<p>Det l\u00e5ter onekligen religi\u00f6st. \u00d6ppna sina \u00f6gon och ta emot Jesus \u00e4r en liknande variant. N\u00e5ja, bland de mediaklatschiga formuleringarna hos Unga feminister och \u00e4ven i texterna hos F! finns en hel del idealism och dr\u00f6mmar om ett b\u00e4ttre samh\u00e4lle. Vissa saker kan jag h\u00e5lla med om, oftast p\u00e5 den principiella niv\u00e5n. De v\u00e4rdel\u00f6sa, marxistiskt influerade teserna som st\u00e5r f\u00f6r verklighetsbeskrivningen (patriarkat, k\u00f6nsmaktsordning), g\u00f6r dock att politikbygget st\u00e5r p\u00e5 minst sagt habil grund. Varf\u00f6r finns ingen vetenskaplig forskning om hur m\u00e4nniskans biologi och kemi (byggstenarna i hj\u00e4rnan och dess processer) samverkar med hennes omgivning och s\u00e4rskilt d\u00e5 beteende i grupper och samh\u00e4llen. Jag skulle g\u00e4rna se en forskning som har tyngdpunkten p\u00e5 naturvetenskapliga metoder och modeller och som kombinerar dessa med kunskap fr\u00e5n t ex antropologi, sociologi och psykologi (och kanske fler discipliner). Genusvetenskapens bidrag till en verklig f\u00f6rst\u00e5else f\u00f6r m\u00e4nniskan och hennes omgivning tycks h\u00f6gst begr\u00e4nsad i och med den totala dominansen av postmoderna teser som b\u00e4rande stomme.<\/p>\n<p>&nbsp;<\/p>\n<p>&nbsp;<\/p>\n","protected":false},"excerpt":{"rendered":"<p>Styrelsen. Foto: Helena Dahl Unga feminister\u00a0\u00e4r F!:s ungdomsorganisation, som jag ocks\u00e5 ramlade \u00f6ver i mitt sl\u00f6surfande. Under fliken Vad \u00e4r feminism? kan vi bland annat l\u00e4sa: &#8221;Den feministiska r\u00f6relsen ges alldeles f\u00f6r lite utrymme i dagens samh\u00e4lle, bland annat i &hellip; <a href=\"http:\/\/www.susannavaris.com\/blogg\/2013\/10\/unga-feminister\/\">Forts\u00e4tt l\u00e4sa <span class=\"meta-nav\">&rarr;<\/span><\/a><\/p>\n","protected":false},"author":1,"featured_media":0,"comment_status":"open","ping_status":"open","sticky":false,"template":"","format":"standard","meta":{"footnotes":""},"categories":[181,3067,259,1321,1,590,403,303],"tags":[3557,4900,4899,2879,1543,4910,3563],"class_list":["post-11175","post","type-post","status-publish","format-standard","hentry","category-feminism","category-feminism-referensinlagg","category-genusvetenskap","category-jamstalldhet","category-okategoriserade","category-politik","category-pseudovetenskap","category-religion","tag-f","tag-feminism","tag-genus","tag-konsmaktsordning","tag-patriarkat","tag-politik","tag-unga-feminister"],"_links":{"self":[{"href":"http:\/\/www.susannavaris.com\/blogg\/wp-json\/wp\/v2\/posts\/11175","targetHints":{"allow":["GET"]}}],"collection":[{"href":"http:\/\/www.susannavaris.com\/blogg\/wp-json\/wp\/v2\/posts"}],"about":[{"href":"http:\/\/www.susannavaris.com\/blogg\/wp-json\/wp\/v2\/types\/post"}],"author":[{"embeddable":true,"href":"http:\/\/www.susannavaris.com\/blogg\/wp-json\/wp\/v2\/users\/1"}],"replies":[{"embeddable":true,"href":"http:\/\/www.susannavaris.com\/blogg\/wp-json\/wp\/v2\/comments?post=11175"}],"version-history":[{"count":1,"href":"http:\/\/www.susannavaris.com\/blogg\/wp-json\/wp\/v2\/posts\/11175\/revisions"}],"predecessor-version":[{"id":11177,"href":"http:\/\/www.susannavaris.com\/blogg\/wp-json\/wp\/v2\/posts\/11175\/revisions\/11177"}],"wp:attachment":[{"href":"http:\/\/www.susannavaris.com\/blogg\/wp-json\/wp\/v2\/media?parent=11175"}],"wp:term":[{"taxonomy":"category","embeddable":true,"href":"http:\/\/www.susannavaris.com\/blogg\/wp-json\/wp\/v2\/categories?post=11175"},{"taxonomy":"post_tag","embeddable":true,"href":"http:\/\/www.susannavaris.com\/blogg\/wp-json\/wp\/v2\/tags?post=11175"}],"curies":[{"name":"wp","href":"https:\/\/api.w.org\/{rel}","templated":true}]}}