{"id":11180,"date":"2013-10-12T11:03:05","date_gmt":"2013-10-12T09:03:05","guid":{"rendered":"http:\/\/www.susannavaris.com\/blogg\/?p=11180"},"modified":"2013-10-12T11:03:05","modified_gmt":"2013-10-12T09:03:05","slug":"jamstalld-festival-for-vilken-gang-i-ordningen","status":"publish","type":"post","link":"http:\/\/www.susannavaris.com\/blogg\/2013\/10\/jamstalld-festival-for-vilken-gang-i-ordningen\/","title":{"rendered":"J\u00e4mst\u00e4lld festival f\u00f6r vilken g\u00e5ng i ordningen?"},"content":{"rendered":"<p>I DN <a href=\"http:\/\/www.dn.se\/kultur-noje\/musik\/fortsatt-mansdominerad-festivalsommar\/\">figurerar<\/a>\u00a0\u00e5ter en av tidningens favoritorganisationer, <a href=\"http:\/\/jamstalldfestival.se\/\">J\u00e4mst\u00e4lld festival<\/a>. Temat \u00e4r f\u00f6rst\u00e5s de oj\u00e4mst\u00e4llda festivalerna, som jag redan har skrivit en hel de om, bland annat\u00a0<a href=\"http:\/\/www.susannavaris.com\/blogg\/2013\/04\/sa-var-snacket-om-ojamstallda-festivaler-igang\/\">h\u00e4r<\/a>.<\/p>\n<p>Dagens komik\/tragik i artikeln:<\/p>\n<blockquote><p>&#8221;\u00c4ven mindre festivaler har anstr\u00e4ngt sig och i vissa fall startats enbart f\u00f6r att boka underrepresenterade artistgrupper. Exempel p\u00e5 en s\u00e5dan festival \u00e4r Alternativet Festival i Norrk\u00f6ping som bokade 79 procent kvinnodominerade musikakter.<\/p>\n<p>Att sm\u00e5 festivaler bokar j\u00e4mst\u00e4llt \u00e4r visserligen bra, men j\u00e4ttarna kan inte f\u00e5 forts\u00e4tta att komma undan, tycker Amanda Lindholm.&#8221;<\/p><\/blockquote>\n<p>J\u00e4mst\u00e4lld festival sj\u00e4lva f\u00f6reg\u00e5r givetvis med gott exempel (precis som de <a href=\"http:\/\/www.susannavaris.com\/blogg\/2012\/02\/apropa-vikten-av-5050-fordelning\/\">genusvetenskapliga institutionerna<\/a>, <a href=\"http:\/\/www.feministisktinitiativ.se\/styrelse.php\">F!<\/a>\u00a0och <a href=\"http:\/\/ungafeminister.se\/styrelsen\/\">Unga feminister<\/a>):\u00a0<a href=\"http:\/\/jamstalldfestival.se\/kontakt\/\">J\u00e4mst\u00e4lld festivals kontaktpersoner<\/a><\/p>\n<p>Om J\u00e4mst\u00e4lld festival i Norrk\u00f6ping p\u00e5 Bianca Kronl\u00f6fs och Tiffany K.s bloggar:<\/p>\n<p style=\"text-align: center;\"><a href=\"http:\/\/www.susannavaris.com\/blogg\/wp-content\/uploads\/2013\/10\/festbiancakronl\u00f6ftiffanyk.jpg\"><img loading=\"lazy\" decoding=\"async\" class=\"aligncenter size-full wp-image-11181\" alt=\"festbiancakronl\u00f6ftiffanyk\" src=\"http:\/\/www.susannavaris.com\/blogg\/wp-content\/uploads\/2013\/10\/festbiancakronl\u00f6ftiffanyk.jpg\" width=\"800\" height=\"295\" srcset=\"http:\/\/www.susannavaris.com\/blogg\/wp-content\/uploads\/2013\/10\/festbiancakronl\u00f6ftiffanyk.jpg 800w, http:\/\/www.susannavaris.com\/blogg\/wp-content\/uploads\/2013\/10\/festbiancakronl\u00f6ftiffanyk-300x110.jpg 300w\" sizes=\"auto, (max-width: 800px) 100vw, 800px\" \/><\/a><em>\u00a0K\u00e4lla: Hallongrottans v\u00e4nner i Norrk\u00f6ping p\u00e5 Facebook<\/em><\/p>\n<p style=\"text-align: center;\">&#8230;och i tidningen Bang:<\/p>\n<p style=\"text-align: center;\"><a href=\"http:\/\/www.susannavaris.com\/blogg\/wp-content\/uploads\/2013\/10\/festbang.jpg\"><img loading=\"lazy\" decoding=\"async\" class=\"aligncenter size-full wp-image-11182\" alt=\"festbang\" src=\"http:\/\/www.susannavaris.com\/blogg\/wp-content\/uploads\/2013\/10\/festbang.jpg\" width=\"900\" height=\"900\" srcset=\"http:\/\/www.susannavaris.com\/blogg\/wp-content\/uploads\/2013\/10\/festbang.jpg 900w, http:\/\/www.susannavaris.com\/blogg\/wp-content\/uploads\/2013\/10\/festbang-150x150.jpg 150w, http:\/\/www.susannavaris.com\/blogg\/wp-content\/uploads\/2013\/10\/festbang-300x300.jpg 300w\" sizes=\"auto, (max-width: 900px) 100vw, 900px\" \/><\/a>\u00a0<em>K\u00e4lla: Hallongrottans v\u00e4nner i Norrk\u00f6ping p\u00e5 Facebook\u00a0<\/em><\/p>\n<p style=\"text-align: left;\">Sj\u00e4lvklart \u00e4r det fritt fram att starta festivaler och boka vem man nu vill&#8230;men handlar det d\u00e5 om en politisk manifestation eller kommer bes\u00f6karna verkligen f\u00f6r att se och h\u00f6ra artisterna? Om det g\u00e5r att tj\u00e4na pengar p\u00e5 detta (vilket jag betvivlar) s\u00e5 \u00e4r det onekligen n\u00e5got musikbranschen missat.<\/p>\n","protected":false},"excerpt":{"rendered":"<p>I DN figurerar\u00a0\u00e5ter en av tidningens favoritorganisationer, J\u00e4mst\u00e4lld festival. Temat \u00e4r f\u00f6rst\u00e5s de oj\u00e4mst\u00e4llda festivalerna, som jag redan har skrivit en hel de om, bland annat\u00a0h\u00e4r. Dagens komik\/tragik i artikeln: &#8221;\u00c4ven mindre festivaler har anstr\u00e4ngt sig och i vissa fall &hellip; <a href=\"http:\/\/www.susannavaris.com\/blogg\/2013\/10\/jamstalld-festival-for-vilken-gang-i-ordningen\/\">Forts\u00e4tt l\u00e4sa <span class=\"meta-nav\">&rarr;<\/span><\/a><\/p>\n","protected":false},"author":1,"featured_media":0,"comment_status":"open","ping_status":"open","sticky":false,"template":"","format":"standard","meta":{"footnotes":""},"categories":[181,3067,259,1321,1928,1162,994,1,590,403,303],"tags":[2460,2833,2823,4900,1232,975,4899,4903,2975,4918,3566,2968,3565,3567,3563],"class_list":["post-11180","post","type-post","status-publish","format-standard","hentry","category-feminism","category-feminism-referensinlagg","category-genusvetenskap","category-jamstalldhet","category-journalistik","category-kultur","category-musik","category-okategoriserade","category-politik","category-pseudovetenskap","category-religion","tag-2460","tag-bang","tag-bianca-kronlof","tag-feminism","tag-festival","tag-fi","tag-genus","tag-genusvetenskap","tag-jamstalld-festival","tag-jamstalldhet","tag-kvinnliga-artister","tag-kvinnliga-musiker","tag-musiker","tag-tiffany-k","tag-unga-feminister"],"_links":{"self":[{"href":"http:\/\/www.susannavaris.com\/blogg\/wp-json\/wp\/v2\/posts\/11180","targetHints":{"allow":["GET"]}}],"collection":[{"href":"http:\/\/www.susannavaris.com\/blogg\/wp-json\/wp\/v2\/posts"}],"about":[{"href":"http:\/\/www.susannavaris.com\/blogg\/wp-json\/wp\/v2\/types\/post"}],"author":[{"embeddable":true,"href":"http:\/\/www.susannavaris.com\/blogg\/wp-json\/wp\/v2\/users\/1"}],"replies":[{"embeddable":true,"href":"http:\/\/www.susannavaris.com\/blogg\/wp-json\/wp\/v2\/comments?post=11180"}],"version-history":[{"count":1,"href":"http:\/\/www.susannavaris.com\/blogg\/wp-json\/wp\/v2\/posts\/11180\/revisions"}],"predecessor-version":[{"id":11183,"href":"http:\/\/www.susannavaris.com\/blogg\/wp-json\/wp\/v2\/posts\/11180\/revisions\/11183"}],"wp:attachment":[{"href":"http:\/\/www.susannavaris.com\/blogg\/wp-json\/wp\/v2\/media?parent=11180"}],"wp:term":[{"taxonomy":"category","embeddable":true,"href":"http:\/\/www.susannavaris.com\/blogg\/wp-json\/wp\/v2\/categories?post=11180"},{"taxonomy":"post_tag","embeddable":true,"href":"http:\/\/www.susannavaris.com\/blogg\/wp-json\/wp\/v2\/tags?post=11180"}],"curies":[{"name":"wp","href":"https:\/\/api.w.org\/{rel}","templated":true}]}}