{"id":11187,"date":"2013-10-12T23:23:29","date_gmt":"2013-10-12T21:23:29","guid":{"rendered":"http:\/\/www.susannavaris.com\/blogg\/?p=11187"},"modified":"2013-10-12T23:23:29","modified_gmt":"2013-10-12T21:23:29","slug":"12-oktober-2013","status":"publish","type":"post","link":"http:\/\/www.susannavaris.com\/blogg\/2013\/10\/12-oktober-2013\/","title":{"rendered":"12. oktober 2013"},"content":{"rendered":"<p>Det har varit str\u00e5lande solsken idag och sommarv\u00e4rmen vill inte sl\u00e4ppa sitt grepp. Trots alla ambiti\u00f6sa planer har jag inte hunnit mer \u00e4n att blogga ett par inl\u00e4gg och att sammanst\u00e4lla information om fine art gicl\u00e9e-tryck. Jag kommer med st\u00f6rsta sannolikhet att delta i Galleri Zebras h\u00f6stsalong i S\u00f6dert\u00e4lje i n\u00e4sta vecka&#8230;<\/p>\n<p style=\"text-align: center;\"><a href=\"http:\/\/www.susannavaris.com\/blogg\/wp-content\/uploads\/2013\/10\/DSC_0696-50.jpg\"><img loading=\"lazy\" decoding=\"async\" class=\"aligncenter size-full wp-image-11188\" alt=\"DSC_0696-50\" src=\"http:\/\/www.susannavaris.com\/blogg\/wp-content\/uploads\/2013\/10\/DSC_0696-50.jpg\" width=\"2304\" height=\"1536\" srcset=\"http:\/\/www.susannavaris.com\/blogg\/wp-content\/uploads\/2013\/10\/DSC_0696-50.jpg 2304w, http:\/\/www.susannavaris.com\/blogg\/wp-content\/uploads\/2013\/10\/DSC_0696-50-300x200.jpg 300w, http:\/\/www.susannavaris.com\/blogg\/wp-content\/uploads\/2013\/10\/DSC_0696-50-1024x682.jpg 1024w\" sizes=\"auto, (max-width: 2304px) 100vw, 2304px\" \/><\/a> <a href=\"http:\/\/www.susannavaris.com\/blogg\/wp-content\/uploads\/2013\/10\/DSC_0697-50.jpg\"><img loading=\"lazy\" decoding=\"async\" class=\"aligncenter size-full wp-image-11189\" alt=\"DSC_0697-50\" src=\"http:\/\/www.susannavaris.com\/blogg\/wp-content\/uploads\/2013\/10\/DSC_0697-50.jpg\" width=\"2304\" height=\"1536\" srcset=\"http:\/\/www.susannavaris.com\/blogg\/wp-content\/uploads\/2013\/10\/DSC_0697-50.jpg 2304w, http:\/\/www.susannavaris.com\/blogg\/wp-content\/uploads\/2013\/10\/DSC_0697-50-300x200.jpg 300w, http:\/\/www.susannavaris.com\/blogg\/wp-content\/uploads\/2013\/10\/DSC_0697-50-1024x682.jpg 1024w\" sizes=\"auto, (max-width: 2304px) 100vw, 2304px\" \/><\/a><em>\u00a0Balkongliv idag. Jag l\u00e4ste Sofi Oksanens lyrikbok Liian Lyhyt Hame (F\u00f6r kort kjol) medans jag slappade i h\u00f6stv\u00e4rmen ute p\u00e5 balkongen&#8230;<\/em><\/p>\n<p style=\"text-align: center;\">Sedan gick vi ner p\u00e5 stan&#8230;<\/p>\n<p style=\"text-align: center;\"><a href=\"http:\/\/www.susannavaris.com\/blogg\/wp-content\/uploads\/2013\/10\/DSC_0698-crop.jpg\"><img loading=\"lazy\" decoding=\"async\" class=\"aligncenter size-full wp-image-11190\" alt=\"DSC_0698-crop\" src=\"http:\/\/www.susannavaris.com\/blogg\/wp-content\/uploads\/2013\/10\/DSC_0698-crop.jpg\" width=\"4603\" height=\"2445\" srcset=\"http:\/\/www.susannavaris.com\/blogg\/wp-content\/uploads\/2013\/10\/DSC_0698-crop.jpg 4603w, http:\/\/www.susannavaris.com\/blogg\/wp-content\/uploads\/2013\/10\/DSC_0698-crop-300x159.jpg 300w, http:\/\/www.susannavaris.com\/blogg\/wp-content\/uploads\/2013\/10\/DSC_0698-crop-1024x543.jpg 1024w\" sizes=\"auto, (max-width: 4603px) 100vw, 4603px\" \/><\/a> <a href=\"http:\/\/www.susannavaris.com\/blogg\/wp-content\/uploads\/2013\/10\/DSC_0699-50.jpg\"><img loading=\"lazy\" decoding=\"async\" class=\"aligncenter size-full wp-image-11191\" alt=\"DSC_0699-50\" src=\"http:\/\/www.susannavaris.com\/blogg\/wp-content\/uploads\/2013\/10\/DSC_0699-50.jpg\" width=\"1536\" height=\"2304\" srcset=\"http:\/\/www.susannavaris.com\/blogg\/wp-content\/uploads\/2013\/10\/DSC_0699-50.jpg 1536w, http:\/\/www.susannavaris.com\/blogg\/wp-content\/uploads\/2013\/10\/DSC_0699-50-200x300.jpg 200w, http:\/\/www.susannavaris.com\/blogg\/wp-content\/uploads\/2013\/10\/DSC_0699-50-682x1024.jpg 682w\" sizes=\"auto, (max-width: 1536px) 100vw, 1536px\" \/><\/a>\u00a0<em>Lite mat och St Peter\u00b4s cream stout ute p\u00e5 lokal&#8230;<\/em><\/p>\n<p style=\"text-align: center;\"><a href=\"http:\/\/www.susannavaris.com\/blogg\/wp-content\/uploads\/2013\/10\/DSC_0701.jpg\"><img loading=\"lazy\" decoding=\"async\" class=\"aligncenter size-full wp-image-11192\" alt=\"DSC_0701\" src=\"http:\/\/www.susannavaris.com\/blogg\/wp-content\/uploads\/2013\/10\/DSC_0701.jpg\" width=\"2304\" height=\"1536\" srcset=\"http:\/\/www.susannavaris.com\/blogg\/wp-content\/uploads\/2013\/10\/DSC_0701.jpg 2304w, http:\/\/www.susannavaris.com\/blogg\/wp-content\/uploads\/2013\/10\/DSC_0701-300x200.jpg 300w, http:\/\/www.susannavaris.com\/blogg\/wp-content\/uploads\/2013\/10\/DSC_0701-1024x682.jpg 1024w\" sizes=\"auto, (max-width: 2304px) 100vw, 2304px\" \/><\/a>\u00a0<em>Men visst \u00e4r h\u00f6sten h\u00e4r. Varm dag och kall kv\u00e4ll. St:a Ragnhild i S\u00f6dert\u00e4lje.<\/em><\/p>\n<p style=\"text-align: center;\">Lite fotografering f\u00f6r digitala collage hann jag ocks\u00e5 med.<\/p>\n","protected":false},"excerpt":{"rendered":"<p>Det har varit str\u00e5lande solsken idag och sommarv\u00e4rmen vill inte sl\u00e4ppa sitt grepp. Trots alla ambiti\u00f6sa planer har jag inte hunnit mer \u00e4n att blogga ett par inl\u00e4gg och att sammanst\u00e4lla information om fine art gicl\u00e9e-tryck. Jag kommer med st\u00f6rsta &hellip; <a href=\"http:\/\/www.susannavaris.com\/blogg\/2013\/10\/12-oktober-2013\/\">Forts\u00e4tt l\u00e4sa <span class=\"meta-nav\">&rarr;<\/span><\/a><\/p>\n","protected":false},"author":1,"featured_media":0,"comment_status":"open","ping_status":"open","sticky":false,"template":"","format":"standard","meta":{"footnotes":""},"categories":[166,1],"tags":[214,846,3571,3570,2527,3569,3568,3572],"class_list":["post-11187","post","type-post","status-publish","format-standard","hentry","category-galleri-zebra-2","category-okategoriserade","tag-balkong","tag-host","tag-hostsalong","tag-indiansommar","tag-kyrka","tag-st-peters-stout","tag-st-ragnhild","tag-zebra"],"_links":{"self":[{"href":"http:\/\/www.susannavaris.com\/blogg\/wp-json\/wp\/v2\/posts\/11187","targetHints":{"allow":["GET"]}}],"collection":[{"href":"http:\/\/www.susannavaris.com\/blogg\/wp-json\/wp\/v2\/posts"}],"about":[{"href":"http:\/\/www.susannavaris.com\/blogg\/wp-json\/wp\/v2\/types\/post"}],"author":[{"embeddable":true,"href":"http:\/\/www.susannavaris.com\/blogg\/wp-json\/wp\/v2\/users\/1"}],"replies":[{"embeddable":true,"href":"http:\/\/www.susannavaris.com\/blogg\/wp-json\/wp\/v2\/comments?post=11187"}],"version-history":[{"count":1,"href":"http:\/\/www.susannavaris.com\/blogg\/wp-json\/wp\/v2\/posts\/11187\/revisions"}],"predecessor-version":[{"id":11193,"href":"http:\/\/www.susannavaris.com\/blogg\/wp-json\/wp\/v2\/posts\/11187\/revisions\/11193"}],"wp:attachment":[{"href":"http:\/\/www.susannavaris.com\/blogg\/wp-json\/wp\/v2\/media?parent=11187"}],"wp:term":[{"taxonomy":"category","embeddable":true,"href":"http:\/\/www.susannavaris.com\/blogg\/wp-json\/wp\/v2\/categories?post=11187"},{"taxonomy":"post_tag","embeddable":true,"href":"http:\/\/www.susannavaris.com\/blogg\/wp-json\/wp\/v2\/tags?post=11187"}],"curies":[{"name":"wp","href":"https:\/\/api.w.org\/{rel}","templated":true}]}}