{"id":11205,"date":"2013-10-13T20:49:31","date_gmt":"2013-10-13T18:49:31","guid":{"rendered":"http:\/\/www.susannavaris.com\/blogg\/?p=11205"},"modified":"2013-10-13T20:49:31","modified_gmt":"2013-10-13T18:49:31","slug":"galleri-zebra-hostsalong-2013","status":"publish","type":"post","link":"http:\/\/www.susannavaris.com\/blogg\/2013\/10\/galleri-zebra-hostsalong-2013\/","title":{"rendered":"Galleri Zebra h\u00f6stsalong 2013"},"content":{"rendered":"<p style=\"text-align: center;\">Jag kommer att delta med tre fine art gicl\u00e9e-tryck i denna utst\u00e4llning:<\/p>\n<p style=\"text-align: center;\"><a href=\"http:\/\/www.susannavaris.com\/blogg\/wp-content\/uploads\/2013\/10\/zebra-h\u00f6stsalong-2013-affisch.jpg\"><img loading=\"lazy\" decoding=\"async\" class=\"aligncenter size-full wp-image-11206\" alt=\"zebra h\u00f6stsalong 2013 affisch\" src=\"http:\/\/www.susannavaris.com\/blogg\/wp-content\/uploads\/2013\/10\/zebra-h\u00f6stsalong-2013-affisch.jpg\" width=\"1123\" height=\"1588\" srcset=\"http:\/\/www.susannavaris.com\/blogg\/wp-content\/uploads\/2013\/10\/zebra-h\u00f6stsalong-2013-affisch.jpg 1123w, http:\/\/www.susannavaris.com\/blogg\/wp-content\/uploads\/2013\/10\/zebra-h\u00f6stsalong-2013-affisch-212x300.jpg 212w, http:\/\/www.susannavaris.com\/blogg\/wp-content\/uploads\/2013\/10\/zebra-h\u00f6stsalong-2013-affisch-724x1024.jpg 724w\" sizes=\"auto, (max-width: 1123px) 100vw, 1123px\" \/><\/a>Mer info:\u00a0<a href=\"http:\/\/www.gallerizebra.se\/\">Galleri Zebra<\/a><\/p>\n<p style=\"text-align: center;\">Tyv\u00e4rr kan jag nog inte vara p\u00e5 plats p\u00e5 vernissaget, men jag kommer att vara d\u00e4r p\u00e5 onsdagen 23. oktober kl 12 &#8211; 14. V\u00e4lkomna!<\/p>\n<p style=\"text-align: center;\">\n<p style=\"text-align: center;\">\n","protected":false},"excerpt":{"rendered":"<p>Jag kommer att delta med tre fine art gicl\u00e9e-tryck i denna utst\u00e4llning: Mer info:\u00a0Galleri Zebra Tyv\u00e4rr kan jag nog inte vara p\u00e5 plats p\u00e5 vernissaget, men jag kommer att vara d\u00e4r p\u00e5 onsdagen 23. oktober kl 12 &#8211; 14. V\u00e4lkomna!<\/p>\n","protected":false},"author":1,"featured_media":0,"comment_status":"open","ping_status":"open","sticky":false,"template":"","format":"standard","meta":{"footnotes":""},"categories":[166,3,1162,1,4],"tags":[418,1147,54,3579,17,3274,122],"class_list":["post-11205","post","type-post","status-publish","format-standard","hentry","category-galleri-zebra-2","category-konst","category-kultur","category-okategoriserade","category-utstallning","tag-art","tag-exhibition","tag-galleri-zebra","tag-hostsalong-2013","tag-konst-2","tag-lilycrow-art-of-susanna-varis","tag-utstallning-2"],"_links":{"self":[{"href":"http:\/\/www.susannavaris.com\/blogg\/wp-json\/wp\/v2\/posts\/11205","targetHints":{"allow":["GET"]}}],"collection":[{"href":"http:\/\/www.susannavaris.com\/blogg\/wp-json\/wp\/v2\/posts"}],"about":[{"href":"http:\/\/www.susannavaris.com\/blogg\/wp-json\/wp\/v2\/types\/post"}],"author":[{"embeddable":true,"href":"http:\/\/www.susannavaris.com\/blogg\/wp-json\/wp\/v2\/users\/1"}],"replies":[{"embeddable":true,"href":"http:\/\/www.susannavaris.com\/blogg\/wp-json\/wp\/v2\/comments?post=11205"}],"version-history":[{"count":1,"href":"http:\/\/www.susannavaris.com\/blogg\/wp-json\/wp\/v2\/posts\/11205\/revisions"}],"predecessor-version":[{"id":11207,"href":"http:\/\/www.susannavaris.com\/blogg\/wp-json\/wp\/v2\/posts\/11205\/revisions\/11207"}],"wp:attachment":[{"href":"http:\/\/www.susannavaris.com\/blogg\/wp-json\/wp\/v2\/media?parent=11205"}],"wp:term":[{"taxonomy":"category","embeddable":true,"href":"http:\/\/www.susannavaris.com\/blogg\/wp-json\/wp\/v2\/categories?post=11205"},{"taxonomy":"post_tag","embeddable":true,"href":"http:\/\/www.susannavaris.com\/blogg\/wp-json\/wp\/v2\/tags?post=11205"}],"curies":[{"name":"wp","href":"https:\/\/api.w.org\/{rel}","templated":true}]}}